{"id":8223,"date":"2023-10-10T01:37:56","date_gmt":"2023-10-09T23:37:56","guid":{"rendered":"https:\/\/www.milosnicylasu.olsztyn.pl\/?p=8223"},"modified":"2023-10-10T01:53:43","modified_gmt":"2023-10-09T23:53:43","slug":"po-wakacyjnej-przerwie","status":"publish","type":"post","link":"https:\/\/www.milosnicylasu.olsztyn.pl\/?p=8223","title":{"rendered":"Po wakacyjnej przerwie&#8230;&#8230;.."},"content":{"rendered":"<p><a href=\"https:\/\/www.milosnicylasu.olsztyn.pl\/wp-content\/uploads\/2023\/10\/DSCN6805-www.jpg\" data-rel=\"lightbox-image-0\" data-magnific_type=\"image\" data-rl_title=\"\" data-rl_caption=\"\" title=\"\"><img loading=\"lazy\" decoding=\"async\" class=\"size-medium wp-image-8224 alignleft\" src=\"https:\/\/www.milosnicylasu.olsztyn.pl\/wp-content\/uploads\/2023\/10\/DSCN6805-www-300x225.jpg\" alt=\"\" width=\"300\" height=\"225\" srcset=\"https:\/\/www.milosnicylasu.olsztyn.pl\/wp-content\/uploads\/2023\/10\/DSCN6805-www-300x225.jpg 300w, https:\/\/www.milosnicylasu.olsztyn.pl\/wp-content\/uploads\/2023\/10\/DSCN6805-www-768x576.jpg 768w, https:\/\/www.milosnicylasu.olsztyn.pl\/wp-content\/uploads\/2023\/10\/DSCN6805-www.jpg 1024w\" sizes=\"auto, (max-width: 300px) 100vw, 300px\" \/><\/a> <strong>5.10.2023r. odby\u0142o si\u0119 pierwsze po wakacyjnej przerwie zebranie Ko\u0142a Mi\u0142o\u015bnik\u00f3w Lasu i Militari\u00f3w LOK przy ATW w Olsztynie. \u00a0<\/strong><\/p>\n<p><strong><a href=\"https:\/\/www.milosnicylasu.olsztyn.pl\/wp-content\/uploads\/2023\/10\/DSCN6807-www.jpg\" data-rel=\"lightbox-image-1\" data-magnific_type=\"image\" data-rl_title=\"\" data-rl_caption=\"\" title=\"\"><img loading=\"lazy\" decoding=\"async\" class=\"size-medium wp-image-8227 alignright\" src=\"https:\/\/www.milosnicylasu.olsztyn.pl\/wp-content\/uploads\/2023\/10\/DSCN6807-www-300x225.jpg\" alt=\"\" width=\"300\" height=\"225\" srcset=\"https:\/\/www.milosnicylasu.olsztyn.pl\/wp-content\/uploads\/2023\/10\/DSCN6807-www-300x225.jpg 300w, https:\/\/www.milosnicylasu.olsztyn.pl\/wp-content\/uploads\/2023\/10\/DSCN6807-www-768x576.jpg 768w, https:\/\/www.milosnicylasu.olsztyn.pl\/wp-content\/uploads\/2023\/10\/DSCN6807-www.jpg 1024w\" sizes=\"auto, (max-width: 300px) 100vw, 300px\" \/><\/a>Prezes Ko\u0142a Anatol Leszczy\u0144ski zaprosi\u0142 wszystkich do uczestnictwa\u00a0 w planowanych\u00a0 spotkaniach w pa\u017adzierniku t.j.:<\/strong><\/p>\n<p><strong>&#8211; w sobotnich rajdach\u00a0 z kijkami\u00a0 7, 14, 28 \u2013 pocz\u0105tek o godz. 10.00 na p\u0119tli\u00a0 MPK Kortowo, Stary Dw\u00f3r<\/strong><\/p>\n<p><strong>&#8211; W czasie tych rajd\u00f3w odb\u0119d\u0105 si\u0119 konkursy, mi\u0119dzy innymi: konkurs pie\u015bni patriotycznej, o \u015aw. Hubercie, wa\u017cnych informacji\u00a0 dotycz\u0105cych odzyskania niepodleg\u0142o\u015bci.<\/strong><\/p>\n<p><strong>&#8211; 20 pa\u017adziernika o godz. 8,40 wyjedziemy na edukacj\u0119 historyczn\u0105 do Gier \u0142o\u017cy \/brak ju\u017c wolnych miejsc\u00a0 &#8211; limit miejsc w autokarze wykorzystany\/.<\/strong><\/p>\n<p><strong>&#8211; w \u00a0poniedzia\u0142ek 23 pa\u017adziernika godz. 10,00 na strzelnicy w budynku ZW LOK odb\u0119d\u0105 si\u0119 \u00a0zawody strzeleckie.<\/strong><\/p>\n<p><strong>Na zako\u0144czenie mi\u0142a niespodzianka. Szczeg\u00f3lnie mi\u0142a dla os\u00f3b, kt\u00f3re uczestniczy\u0142y w dw\u00f3ch konkursach\u00a0 og\u0142oszonych na\u00a0\u00a0 stronie internetowej\u00a0 Ko\u0142a. \u00a0Zwyci\u0119scy otrzymali nagrody.<\/strong><\/p>\n<p><strong>\u00a0Za pierwszy konkurs \u00a0torb\u0119 termiczn\u0105 odebra\u0142a Stefania Jarczyk. Na drugi konkursu odpowiedzi nades\u0142a\u0142o 11 os\u00f3b, w tym w\u0142a\u015bciwych odpowiedzi by\u0142o 6 os\u00f3b. Prawid\u0142owe odpowiedzi: 1b, 2b, 3c, 4b, 5b, 6c, 67c8d, 9c<a href=\"https:\/\/www.milosnicylasu.olsztyn.pl\/wp-content\/uploads\/2023\/10\/DSCN6803-www.jpg\" data-rel=\"lightbox-image-2\" data-magnific_type=\"image\" data-rl_title=\"\" data-rl_caption=\"\" title=\"\"><img loading=\"lazy\" decoding=\"async\" class=\"size-medium wp-image-8228 alignleft\" src=\"https:\/\/www.milosnicylasu.olsztyn.pl\/wp-content\/uploads\/2023\/10\/DSCN6803-www-225x300.jpg\" alt=\"\" width=\"225\" height=\"300\" srcset=\"https:\/\/www.milosnicylasu.olsztyn.pl\/wp-content\/uploads\/2023\/10\/DSCN6803-www-225x300.jpg 225w, https:\/\/www.milosnicylasu.olsztyn.pl\/wp-content\/uploads\/2023\/10\/DSCN6803-www.jpg 768w\" sizes=\"auto, (max-width: 225px) 100vw, 225px\" \/><\/a><\/strong><\/p>\n<p><strong>Gratulujemy \u00a0zwyci\u0119zcom: Arkadiusz Mrozowski, Wies\u0142awa Filipek, Jan Filipek, Basia Bruzgo, Stefania Jarczyk, Jakub Ciura cz\u0142onek naszego Ko\u0142a z Bia\u0142egostoku. Nagrody wr\u0119czy\u0142 organizator i sponsor tego konkursu Adam Siemakowicz.\u00a0 Nagrod\u0119 Kubie prze\u015blemy poczt\u0105.<\/strong><\/p>\n<p><a href=\"https:\/\/www.milosnicylasu.olsztyn.pl\/wp-content\/uploads\/2023\/10\/PA050268-www.jpg\" data-rel=\"lightbox-image-3\" data-magnific_type=\"image\" data-rl_title=\"\" data-rl_caption=\"\" title=\"\"><img loading=\"lazy\" decoding=\"async\" class=\"size-medium wp-image-8230 alignright\" src=\"https:\/\/www.milosnicylasu.olsztyn.pl\/wp-content\/uploads\/2023\/10\/PA050268-www-300x225.jpg\" alt=\"\" width=\"300\" height=\"225\" srcset=\"https:\/\/www.milosnicylasu.olsztyn.pl\/wp-content\/uploads\/2023\/10\/PA050268-www-300x225.jpg 300w, https:\/\/www.milosnicylasu.olsztyn.pl\/wp-content\/uploads\/2023\/10\/PA050268-www-768x576.jpg 768w, https:\/\/www.milosnicylasu.olsztyn.pl\/wp-content\/uploads\/2023\/10\/PA050268-www.jpg 1024w\" sizes=\"auto, (max-width: 300px) 100vw, 300px\" \/><\/a><\/p>\n<p><strong><a href=\"https:\/\/www.milosnicylasu.olsztyn.pl\/wp-content\/uploads\/2023\/10\/DSCN6805-www.jpg\" data-rel=\"lightbox-image-4\" data-magnific_type=\"image\" data-rl_title=\"\" data-rl_caption=\"\" title=\"\">W listopadzie planujemy zorganizowa\u0107 uroczyste kolejne Obchody Rocznicy Odzyskania Niepodleg\u0142o\u015bci w Arboretum Nadle\u015bnictwa Kudypy. Przy le\u015bnym ognisku dla zas\u0142u\u017conych cz\u0142onk\u00f3w i sympatyk\u00f3w Ko\u0142a zostan\u0105 wr\u0119czone odznaczenia z okazji 105 rocznicy Odzyskania Niepodleg\u0142o\u015bci \u00a0Podczas spotkania, le\u015bnicy i mi\u0142o\u015bnicy las\u00f3w za\u015bpiewaj\u0105 pie\u015bni\u00a0 patriotyczne.<\/a><\/strong><\/p>\n","protected":false},"excerpt":{"rendered":"<p>5.10.2023r. odby\u0142o si\u0119 pierwsze po wakacyjnej przerwie zebranie Ko\u0142a Mi\u0142o\u015bnik\u00f3w Lasu i Militari\u00f3w LOK przy ATW w Olsztynie. \u00a0 Prezes Ko\u0142a Anatol Leszczy\u0144ski zaprosi\u0142 wszystkich do uczestnictwa\u00a0 w planowanych\u00a0 spotkaniach w pa\u017adzierniku t.j.: &#8211; w sobotnich rajdach\u00a0 z kijkami\u00a0 7, 14, 28 \u2013 pocz\u0105tek o godz. 10.00 na p\u0119tli\u00a0 MPK Kortowo, Stary Dw\u00f3r &#8211; W [&hellip;]<\/p>\n","protected":false},"author":2,"featured_media":0,"comment_status":"open","ping_status":"open","sticky":false,"template":"","format":"standard","meta":{"footnotes":""},"categories":[1,17,15,5,3],"tags":[],"class_list":["post-8223","post","type-post","status-publish","format-standard","hentry","category-bez-kategorii","category-edukacja-w-terenie","category-komkurs","category-wycieczki","category-zebrania"],"_links":{"self":[{"href":"https:\/\/www.milosnicylasu.olsztyn.pl\/index.php?rest_route=\/wp\/v2\/posts\/8223","targetHints":{"allow":["GET"]}}],"collection":[{"href":"https:\/\/www.milosnicylasu.olsztyn.pl\/index.php?rest_route=\/wp\/v2\/posts"}],"about":[{"href":"https:\/\/www.milosnicylasu.olsztyn.pl\/index.php?rest_route=\/wp\/v2\/types\/post"}],"author":[{"embeddable":true,"href":"https:\/\/www.milosnicylasu.olsztyn.pl\/index.php?rest_route=\/wp\/v2\/users\/2"}],"replies":[{"embeddable":true,"href":"https:\/\/www.milosnicylasu.olsztyn.pl\/index.php?rest_route=%2Fwp%2Fv2%2Fcomments&post=8223"}],"version-history":[{"count":6,"href":"https:\/\/www.milosnicylasu.olsztyn.pl\/index.php?rest_route=\/wp\/v2\/posts\/8223\/revisions"}],"predecessor-version":[{"id":8233,"href":"https:\/\/www.milosnicylasu.olsztyn.pl\/index.php?rest_route=\/wp\/v2\/posts\/8223\/revisions\/8233"}],"wp:attachment":[{"href":"https:\/\/www.milosnicylasu.olsztyn.pl\/index.php?rest_route=%2Fwp%2Fv2%2Fmedia&parent=8223"}],"wp:term":[{"taxonomy":"category","embeddable":true,"href":"https:\/\/www.milosnicylasu.olsztyn.pl\/index.php?rest_route=%2Fwp%2Fv2%2Fcategories&post=8223"},{"taxonomy":"post_tag","embeddable":true,"href":"https:\/\/www.milosnicylasu.olsztyn.pl\/index.php?rest_route=%2Fwp%2Fv2%2Ftags&post=8223"}],"curies":[{"name":"wp","href":"https:\/\/api.w.org\/{rel}","templated":true}]}}