{"id":8234,"date":"2023-10-10T02:15:21","date_gmt":"2023-10-10T00:15:21","guid":{"rendered":"https:\/\/www.milosnicylasu.olsztyn.pl\/?p=8234"},"modified":"2023-10-10T02:15:21","modified_gmt":"2023-10-10T00:15:21","slug":"sezon-sobotnich-rajdow-rozpoczety","status":"publish","type":"post","link":"https:\/\/www.milosnicylasu.olsztyn.pl\/?p=8234","title":{"rendered":"Sezon sobotnich rajd\u00f3w rozpocz\u0119ty."},"content":{"rendered":"<p>&nbsp;<\/p>\n<p><a href=\"https:\/\/www.milosnicylasu.olsztyn.pl\/wp-content\/uploads\/2023\/10\/DSCN6811-www.jpg\" data-rel=\"lightbox-image-0\" data-magnific_type=\"image\" data-rl_title=\"\" data-rl_caption=\"\" title=\"\"><img loading=\"lazy\" decoding=\"async\" class=\"size-medium wp-image-8235 alignleft\" src=\"https:\/\/www.milosnicylasu.olsztyn.pl\/wp-content\/uploads\/2023\/10\/DSCN6811-www-300x225.jpg\" alt=\"\" width=\"300\" height=\"225\" srcset=\"https:\/\/www.milosnicylasu.olsztyn.pl\/wp-content\/uploads\/2023\/10\/DSCN6811-www-300x225.jpg 300w, https:\/\/www.milosnicylasu.olsztyn.pl\/wp-content\/uploads\/2023\/10\/DSCN6811-www-768x576.jpg 768w, https:\/\/www.milosnicylasu.olsztyn.pl\/wp-content\/uploads\/2023\/10\/DSCN6811-www.jpg 1024w\" sizes=\"auto, (max-width: 300px) 100vw, 300px\" \/><\/a>W sobot\u0119 7 pa\u017adziernika 2023r. odby\u0142 si\u0119 pierwszy po wakacjach rajd po\u201d Wojtkowym lesie\u201d- nie pada\u0142o ale troch\u0119 wia\u0142o. Tradycyjnie Antoni Jarczyk przed dotarciem uczestnik\u00f3w spotkania pod wiat\u0119, przygotowa\u0142 i zapali\u0142 ognisko. Przyszli\u015bmy na ju\u017c przygotowane do pieczenia kie\u0142basek ognisko. Po drodze zbierali\u015bmy grzyby, bez potrzeby wchodzenia w g\u0142\u0105b lasu. Ros\u0142y przy samej drodze. Mistrzyni\u0105 grzybobrania okaza\u0142a si\u0119 Stefania Jarczyk.<\/p>\n","protected":false},"excerpt":{"rendered":"<p>&nbsp; W sobot\u0119 7 pa\u017adziernika 2023r. odby\u0142 si\u0119 pierwszy po wakacjach rajd po\u201d Wojtkowym lesie\u201d- nie pada\u0142o ale troch\u0119 wia\u0142o. Tradycyjnie Antoni Jarczyk przed dotarciem uczestnik\u00f3w spotkania pod wiat\u0119, przygotowa\u0142 i zapali\u0142 ognisko. Przyszli\u015bmy na ju\u017c przygotowane do pieczenia kie\u0142basek ognisko. Po drodze zbierali\u015bmy grzyby, bez potrzeby wchodzenia w g\u0142\u0105b lasu. Ros\u0142y przy samej drodze. [&hellip;]<\/p>\n","protected":false},"author":2,"featured_media":0,"comment_status":"open","ping_status":"open","sticky":false,"template":"","format":"standard","meta":{"footnotes":""},"categories":[1,17,2],"tags":[],"class_list":["post-8234","post","type-post","status-publish","format-standard","hentry","category-bez-kategorii","category-edukacja-w-terenie","category-rajdy"],"_links":{"self":[{"href":"https:\/\/www.milosnicylasu.olsztyn.pl\/index.php?rest_route=\/wp\/v2\/posts\/8234","targetHints":{"allow":["GET"]}}],"collection":[{"href":"https:\/\/www.milosnicylasu.olsztyn.pl\/index.php?rest_route=\/wp\/v2\/posts"}],"about":[{"href":"https:\/\/www.milosnicylasu.olsztyn.pl\/index.php?rest_route=\/wp\/v2\/types\/post"}],"author":[{"embeddable":true,"href":"https:\/\/www.milosnicylasu.olsztyn.pl\/index.php?rest_route=\/wp\/v2\/users\/2"}],"replies":[{"embeddable":true,"href":"https:\/\/www.milosnicylasu.olsztyn.pl\/index.php?rest_route=%2Fwp%2Fv2%2Fcomments&post=8234"}],"version-history":[{"count":1,"href":"https:\/\/www.milosnicylasu.olsztyn.pl\/index.php?rest_route=\/wp\/v2\/posts\/8234\/revisions"}],"predecessor-version":[{"id":8236,"href":"https:\/\/www.milosnicylasu.olsztyn.pl\/index.php?rest_route=\/wp\/v2\/posts\/8234\/revisions\/8236"}],"wp:attachment":[{"href":"https:\/\/www.milosnicylasu.olsztyn.pl\/index.php?rest_route=%2Fwp%2Fv2%2Fmedia&parent=8234"}],"wp:term":[{"taxonomy":"category","embeddable":true,"href":"https:\/\/www.milosnicylasu.olsztyn.pl\/index.php?rest_route=%2Fwp%2Fv2%2Fcategories&post=8234"},{"taxonomy":"post_tag","embeddable":true,"href":"https:\/\/www.milosnicylasu.olsztyn.pl\/index.php?rest_route=%2Fwp%2Fv2%2Ftags&post=8234"}],"curies":[{"name":"wp","href":"https:\/\/api.w.org\/{rel}","templated":true}]}}