{"id":8238,"date":"2023-10-11T10:19:37","date_gmt":"2023-10-11T08:19:37","guid":{"rendered":"https:\/\/www.milosnicylasu.olsztyn.pl\/?p=8238"},"modified":"2023-10-11T13:53:56","modified_gmt":"2023-10-11T11:53:56","slug":"pozegnanie","status":"publish","type":"post","link":"https:\/\/www.milosnicylasu.olsztyn.pl\/?p=8238","title":{"rendered":"Po\u017cegnanie"},"content":{"rendered":"<p><a href=\"https:\/\/www.milosnicylasu.olsztyn.pl\/wp-content\/uploads\/2023\/10\/DSCN5065-bASIA-jANOWSKA.jpg\" data-rel=\"lightbox-image-0\" data-magnific_type=\"image\" data-rl_title=\"\" data-rl_caption=\"\" title=\"\"><img loading=\"lazy\" decoding=\"async\" class=\"size-medium wp-image-8239 alignleft\" src=\"https:\/\/www.milosnicylasu.olsztyn.pl\/wp-content\/uploads\/2023\/10\/DSCN5065-bASIA-jANOWSKA-179x300.jpg\" alt=\"\" width=\"179\" height=\"300\" srcset=\"https:\/\/www.milosnicylasu.olsztyn.pl\/wp-content\/uploads\/2023\/10\/DSCN5065-bASIA-jANOWSKA-179x300.jpg 179w, https:\/\/www.milosnicylasu.olsztyn.pl\/wp-content\/uploads\/2023\/10\/DSCN5065-bASIA-jANOWSKA.jpg 220w\" sizes=\"auto, (max-width: 179px) 100vw, 179px\" \/> <\/a>Niestety, nasza Kole\u017canka Basia Janowska nie \u017cyje. Zdj\u0119cie, kt\u00f3re widzicie, zrobione zosta\u0142o podczas jednego z le\u015bnych sobotnich rajd\u00f3w, w kt\u00f3rych Basia bra\u0142a udzia\u0142 przez wiele lat. B\u0119dziemy J\u0105 wspomina\u0107 jak\u0105 jedn\u0105 z najbardziej pogodnych, dobrych, \u017cyczliwych cz\u0142onk\u00f3w naszego Ko\u0142a.<\/p>\n<p>Wiadomo\u015b\u0107 poda\u0142a nam Basia Bruzgo. Wiemy, \u017ce pogrzeb odb\u0119dzie si\u0119 12.10.2023 roku. Je\u017celi macie wi\u0119cej szczeg\u00f3\u0142\u00f3w &#8211; to czekamy. Uzupe\u0142nimy wpis natychmiast po otrzymaniu.<\/p>\n<p><strong>Msza w ko\u015bciele pw. Naj\u015bwi\u0119tszego Serca Pana Jezusa o godz.14.30 , pochowanie na cmentarzu przy Poprzecznej<\/strong><\/p>\n<p>&nbsp;<\/p>\n","protected":false},"excerpt":{"rendered":"<p>Niestety, nasza Kole\u017canka Basia Janowska nie \u017cyje. Zdj\u0119cie, kt\u00f3re widzicie, zrobione zosta\u0142o podczas jednego z le\u015bnych sobotnich rajd\u00f3w, w kt\u00f3rych Basia bra\u0142a udzia\u0142 przez wiele lat. B\u0119dziemy J\u0105 wspomina\u0107 jak\u0105 jedn\u0105 z najbardziej pogodnych, dobrych, \u017cyczliwych cz\u0142onk\u00f3w naszego Ko\u0142a. Wiadomo\u015b\u0107 poda\u0142a nam Basia Bruzgo. Wiemy, \u017ce pogrzeb odb\u0119dzie si\u0119 12.10.2023 roku. Je\u017celi macie wi\u0119cej szczeg\u00f3\u0142\u00f3w [&hellip;]<\/p>\n","protected":false},"author":2,"featured_media":0,"comment_status":"open","ping_status":"open","sticky":false,"template":"","format":"standard","meta":{"footnotes":""},"categories":[1],"tags":[],"class_list":["post-8238","post","type-post","status-publish","format-standard","hentry","category-bez-kategorii"],"_links":{"self":[{"href":"https:\/\/www.milosnicylasu.olsztyn.pl\/index.php?rest_route=\/wp\/v2\/posts\/8238","targetHints":{"allow":["GET"]}}],"collection":[{"href":"https:\/\/www.milosnicylasu.olsztyn.pl\/index.php?rest_route=\/wp\/v2\/posts"}],"about":[{"href":"https:\/\/www.milosnicylasu.olsztyn.pl\/index.php?rest_route=\/wp\/v2\/types\/post"}],"author":[{"embeddable":true,"href":"https:\/\/www.milosnicylasu.olsztyn.pl\/index.php?rest_route=\/wp\/v2\/users\/2"}],"replies":[{"embeddable":true,"href":"https:\/\/www.milosnicylasu.olsztyn.pl\/index.php?rest_route=%2Fwp%2Fv2%2Fcomments&post=8238"}],"version-history":[{"count":3,"href":"https:\/\/www.milosnicylasu.olsztyn.pl\/index.php?rest_route=\/wp\/v2\/posts\/8238\/revisions"}],"predecessor-version":[{"id":8242,"href":"https:\/\/www.milosnicylasu.olsztyn.pl\/index.php?rest_route=\/wp\/v2\/posts\/8238\/revisions\/8242"}],"wp:attachment":[{"href":"https:\/\/www.milosnicylasu.olsztyn.pl\/index.php?rest_route=%2Fwp%2Fv2%2Fmedia&parent=8238"}],"wp:term":[{"taxonomy":"category","embeddable":true,"href":"https:\/\/www.milosnicylasu.olsztyn.pl\/index.php?rest_route=%2Fwp%2Fv2%2Fcategories&post=8238"},{"taxonomy":"post_tag","embeddable":true,"href":"https:\/\/www.milosnicylasu.olsztyn.pl\/index.php?rest_route=%2Fwp%2Fv2%2Ftags&post=8238"}],"curies":[{"name":"wp","href":"https:\/\/api.w.org\/{rel}","templated":true}]}}