{"id":8245,"date":"2023-10-16T17:33:19","date_gmt":"2023-10-16T15:33:19","guid":{"rendered":"https:\/\/www.milosnicylasu.olsztyn.pl\/?p=8245"},"modified":"2023-10-16T17:34:14","modified_gmt":"2023-10-16T15:34:14","slug":"magiczna-jesien","status":"publish","type":"post","link":"https:\/\/www.milosnicylasu.olsztyn.pl\/?p=8245","title":{"rendered":"Magiczna jesie\u0144"},"content":{"rendered":"<p><a href=\"https:\/\/www.milosnicylasu.olsztyn.pl\/wp-content\/uploads\/2023\/10\/DSCN6821-www.jpg\" data-rel=\"lightbox-image-0\" data-magnific_type=\"image\" data-rl_title=\"\" data-rl_caption=\"\" title=\"\"><img loading=\"lazy\" decoding=\"async\" class=\"size-medium wp-image-8246 alignleft\" src=\"https:\/\/www.milosnicylasu.olsztyn.pl\/wp-content\/uploads\/2023\/10\/DSCN6821-www-300x225.jpg\" alt=\"\" width=\"300\" height=\"225\" srcset=\"https:\/\/www.milosnicylasu.olsztyn.pl\/wp-content\/uploads\/2023\/10\/DSCN6821-www-300x225.jpg 300w, https:\/\/www.milosnicylasu.olsztyn.pl\/wp-content\/uploads\/2023\/10\/DSCN6821-www-768x576.jpg 768w, https:\/\/www.milosnicylasu.olsztyn.pl\/wp-content\/uploads\/2023\/10\/DSCN6821-www.jpg 1024w\" sizes=\"auto, (max-width: 300px) 100vw, 300px\" \/><\/a><strong>Czy jesie\u0144 nie jest troch\u0119 magiczna? Ta pi\u0119kna pora roku pe\u0142na jest ciep\u0142ych i z\u0142ocistych barw i wspania\u0142ych widok\u00f3w. Od chrz\u0119szczenia opad\u0142ych li\u015bci pod stopami, przez zapach dymu z ogniska przygotowanego przez Antoniego Jarczyka, po smaki grzyb\u00f3w, zebranych\u00a0\u00a0 w \u201eWojtkowym\u201d lesie. Jesie\u0144 dzia\u0142a na wszystkie nasze zmys\u0142y, cz\u0119sto nios\u0105c ze sob\u0105 przyjemne, nieco melancholijne skojarzenia. Nic wi\u0119c dziwnego, \u017ce jesie\u0144 jest por\u0105 roku, kt\u00f3ra od wiek\u00f3w inspiruje, malarzy, pisarzy i poet\u00f3w. A jak jest kolorowa i jak si\u0119 zmienia, przekonujemy si\u0119 w\u0119druj\u0105c\u00a0 w ka\u017cd\u0105 sobot\u0119.<a href=\"https:\/\/www.milosnicylasu.olsztyn.pl\/wp-content\/uploads\/2023\/10\/DSCN681-www-1.jpg\" data-rel=\"lightbox-image-1\" data-magnific_type=\"image\" data-rl_title=\"\" data-rl_caption=\"\" title=\"\"><img loading=\"lazy\" decoding=\"async\" class=\"size-medium wp-image-8249 aligncenter\" src=\"https:\/\/www.milosnicylasu.olsztyn.pl\/wp-content\/uploads\/2023\/10\/DSCN681-www-1-225x300.jpg\" alt=\"\" width=\"225\" height=\"300\" srcset=\"https:\/\/www.milosnicylasu.olsztyn.pl\/wp-content\/uploads\/2023\/10\/DSCN681-www-1-225x300.jpg 225w, https:\/\/www.milosnicylasu.olsztyn.pl\/wp-content\/uploads\/2023\/10\/DSCN681-www-1.jpg 768w\" sizes=\"auto, (max-width: 225px) 100vw, 225px\" \/><\/a><a href=\"https:\/\/www.milosnicylasu.olsztyn.pl\/wp-content\/uploads\/2023\/10\/DSCN6818-www.jpg\" data-rel=\"lightbox-image-2\" data-magnific_type=\"image\" data-rl_title=\"\" data-rl_caption=\"\" title=\"\"><img loading=\"lazy\" decoding=\"async\" class=\"size-medium wp-image-8247 alignright\" src=\"https:\/\/www.milosnicylasu.olsztyn.pl\/wp-content\/uploads\/2023\/10\/DSCN6818-www-300x225.jpg\" alt=\"\" width=\"300\" height=\"225\" srcset=\"https:\/\/www.milosnicylasu.olsztyn.pl\/wp-content\/uploads\/2023\/10\/DSCN6818-www-300x225.jpg 300w, https:\/\/www.milosnicylasu.olsztyn.pl\/wp-content\/uploads\/2023\/10\/DSCN6818-www-768x576.jpg 768w, https:\/\/www.milosnicylasu.olsztyn.pl\/wp-content\/uploads\/2023\/10\/DSCN6818-www.jpg 1024w\" sizes=\"auto, (max-width: 300px) 100vw, 300px\" \/><\/a><\/strong><\/p>\n<p><strong>Tym razem cz\u0142onkowie Ko\u0142a Mi\u0142o\u015bnik\u00f3w lasu i Militari\u00f3w LOK przy ATW w Olsztynie\u00a0 odbyli sobotni rajd w dniu 14.10.2023r. By\u0142o pieczenie kie\u0142basek przy ognisku, odby\u0142 si\u0119 konkurs z historii piosenek i zespo\u0142\u00f3w muzycznych.<a href=\"https:\/\/www.milosnicylasu.olsztyn.pl\/wp-content\/uploads\/2023\/10\/DSCN6817-www.jpg\" data-rel=\"lightbox-image-3\" data-magnific_type=\"image\" data-rl_title=\"\" data-rl_caption=\"\" title=\"\"><img loading=\"lazy\" decoding=\"async\" class=\"size-medium wp-image-8250 alignleft\" src=\"https:\/\/www.milosnicylasu.olsztyn.pl\/wp-content\/uploads\/2023\/10\/DSCN6817-www-225x300.jpg\" alt=\"\" width=\"225\" height=\"300\" srcset=\"https:\/\/www.milosnicylasu.olsztyn.pl\/wp-content\/uploads\/2023\/10\/DSCN6817-www-225x300.jpg 225w, https:\/\/www.milosnicylasu.olsztyn.pl\/wp-content\/uploads\/2023\/10\/DSCN6817-www.jpg 768w\" sizes=\"auto, (max-width: 225px) 100vw, 225px\" \/><\/a><\/strong><\/p>\n<p>&nbsp;<\/p>\n<p>&nbsp;<\/p>\n<p><strong>By\u0142o te\u017c grzybobranie.\u00a0 Obchodzili\u015bmy urodziny Zuzi D\u0105browskiej najm\u0142odszej cz\u0142onkini Naszego Ko\u0142a, z\u0142o\u017cyli\u015bmy jej \u017cyczenia i wr\u0119czyli\u015bmy drobny upominek od wszystkich cz\u0142onk\u00f3w Ko\u0142a. Pogoda nam dopisa\u0142a, cho\u0107 troch\u0119 wia\u0142o.<\/strong><\/p>\n<p><strong>Wyniki konkursu:<\/strong><\/p>\n<p><strong>I miejsce Stefania Jarczyk, II miejsce Maria Igli\u0144ska, III miejsce Daniela Tyl, Henio B\u0142aszczak<\/strong><\/p>\n<p><strong>Gratulujemy zwyci\u0119zcom konkursu, 9 listopada 2023r, podczas zebrania otrzymaj\u0105 nagrody. Pytania konkursowe przygotowa\u0142 Anatol Leszczy\u0144ski. Zapraszamy na kolejne sobotnie spacery, planowany kolejny konkurs o \u015aw. Hubercie.<\/strong><\/p>\n","protected":false},"excerpt":{"rendered":"<p>Czy jesie\u0144 nie jest troch\u0119 magiczna? Ta pi\u0119kna pora roku pe\u0142na jest ciep\u0142ych i z\u0142ocistych barw i wspania\u0142ych widok\u00f3w. Od chrz\u0119szczenia opad\u0142ych li\u015bci pod stopami, przez zapach dymu z ogniska przygotowanego przez Antoniego Jarczyka, po smaki grzyb\u00f3w, zebranych\u00a0\u00a0 w \u201eWojtkowym\u201d lesie. Jesie\u0144 dzia\u0142a na wszystkie nasze zmys\u0142y, cz\u0119sto nios\u0105c ze sob\u0105 przyjemne, nieco melancholijne skojarzenia. [&hellip;]<\/p>\n","protected":false},"author":2,"featured_media":0,"comment_status":"open","ping_status":"open","sticky":false,"template":"","format":"standard","meta":{"footnotes":""},"categories":[1,17,15],"tags":[],"class_list":["post-8245","post","type-post","status-publish","format-standard","hentry","category-bez-kategorii","category-edukacja-w-terenie","category-komkurs"],"_links":{"self":[{"href":"https:\/\/www.milosnicylasu.olsztyn.pl\/index.php?rest_route=\/wp\/v2\/posts\/8245","targetHints":{"allow":["GET"]}}],"collection":[{"href":"https:\/\/www.milosnicylasu.olsztyn.pl\/index.php?rest_route=\/wp\/v2\/posts"}],"about":[{"href":"https:\/\/www.milosnicylasu.olsztyn.pl\/index.php?rest_route=\/wp\/v2\/types\/post"}],"author":[{"embeddable":true,"href":"https:\/\/www.milosnicylasu.olsztyn.pl\/index.php?rest_route=\/wp\/v2\/users\/2"}],"replies":[{"embeddable":true,"href":"https:\/\/www.milosnicylasu.olsztyn.pl\/index.php?rest_route=%2Fwp%2Fv2%2Fcomments&post=8245"}],"version-history":[{"count":2,"href":"https:\/\/www.milosnicylasu.olsztyn.pl\/index.php?rest_route=\/wp\/v2\/posts\/8245\/revisions"}],"predecessor-version":[{"id":8252,"href":"https:\/\/www.milosnicylasu.olsztyn.pl\/index.php?rest_route=\/wp\/v2\/posts\/8245\/revisions\/8252"}],"wp:attachment":[{"href":"https:\/\/www.milosnicylasu.olsztyn.pl\/index.php?rest_route=%2Fwp%2Fv2%2Fmedia&parent=8245"}],"wp:term":[{"taxonomy":"category","embeddable":true,"href":"https:\/\/www.milosnicylasu.olsztyn.pl\/index.php?rest_route=%2Fwp%2Fv2%2Fcategories&post=8245"},{"taxonomy":"post_tag","embeddable":true,"href":"https:\/\/www.milosnicylasu.olsztyn.pl\/index.php?rest_route=%2Fwp%2Fv2%2Ftags&post=8245"}],"curies":[{"name":"wp","href":"https:\/\/api.w.org\/{rel}","templated":true}]}}