{"id":8257,"date":"2023-10-22T13:31:59","date_gmt":"2023-10-22T11:31:59","guid":{"rendered":"https:\/\/www.milosnicylasu.olsztyn.pl\/?p=8257"},"modified":"2023-10-22T19:32:33","modified_gmt":"2023-10-22T17:32:33","slug":"kwatera-glowna-hitlera-w-wilczym-szancu-wycieczka-20-pazdziernika-2023-roku","status":"publish","type":"post","link":"https:\/\/www.milosnicylasu.olsztyn.pl\/?p=8257","title":{"rendered":"Kwatera g\u0142\u00f3wna Hitlera w Wilczym Sza\u0144cu &#8211; wyjazdowa edukacja historyczna 20 pa\u017adziernika 2023 roku"},"content":{"rendered":"<p><strong>Cz\u0142onkowie Ko\u0142a Mi\u0142o\u015bnik\u00f3w Lasu i Militari\u00f3w LOK przy ATW w Olsztynie, 20 pa\u017adziernika 2023 roku,\u00a0 zwiedzili g\u0142\u00f3wn\u0105 kwater\u0119 Hitlera w Wilczym Sza\u0144cu i Naczelnego Dow\u00f3dztwa Si\u0142 Zbrojnych w lesie gier\u0142oskim, na wsch\u00f3d od le\u017c\u0105cej na skraju lasu wsi Gier\u0142o\u017c i 8 km na wsch\u00f3d od K\u0119trzyna. Na edukacj\u0119 zaprosili nas Nadle\u015bniczy Nadle\u015bnictwa Sorkwity\u00a0 Pan Zenon Piotrowicz i Pan Wojciech Kozio\u0142 odpowiedzialny za ten ciekawy obiekt. Dzi\u0119kujemy le\u015bnikom za serdeczne przyj\u0119cie, za bezp\u0142atne udost\u0119pnienie kwatery Hitlera. <a href=\"https:\/\/www.milosnicylasu.olsztyn.pl\/wp-content\/uploads\/2023\/10\/DSCN6854-www.jpg\" data-rel=\"lightbox-image-0\" data-magnific_type=\"image\" data-rl_title=\"\" data-rl_caption=\"\" title=\"\"><img loading=\"lazy\" decoding=\"async\" class=\"size-medium wp-image-8260 alignleft\" src=\"https:\/\/www.milosnicylasu.olsztyn.pl\/wp-content\/uploads\/2023\/10\/DSCN6854-www-300x225.jpg\" alt=\"\" width=\"300\" height=\"225\" srcset=\"https:\/\/www.milosnicylasu.olsztyn.pl\/wp-content\/uploads\/2023\/10\/DSCN6854-www-300x225.jpg 300w, https:\/\/www.milosnicylasu.olsztyn.pl\/wp-content\/uploads\/2023\/10\/DSCN6854-www-768x576.jpg 768w, https:\/\/www.milosnicylasu.olsztyn.pl\/wp-content\/uploads\/2023\/10\/DSCN6854-www.jpg 1024w\" sizes=\"auto, (max-width: 300px) 100vw, 300px\" \/><\/a><\/strong><\/p>\n<p><strong>Po przyje\u017adzie przywita\u0142 nas Pan Nadle\u015bniczy Zenon Piotrowicz, nast\u0119pnie Pan Wojciech Kozio\u0142 by\u0142 naszym przewodnikiem przez ponad 2 godziny, w czasie kt\u00f3rych obejrzeli\u015bmy to niezwyk\u0142e miejsce. Jeste\u015bmy mi\u0142o zaskoczeni aktualnym stanem tego zabytku a tak\u017ce wiedz\u0105 Pana Wojtka.\u00a0<\/strong><\/p>\n<p><strong> Dzi\u0119kuj\u0105c Nadle\u015bnictwu Srokowo, prezes Ko\u0142a Mi\u0142o\u015bnik\u00f3w Lasu i Militari\u00f3w LOK\u00a0 przy ATW w Olsztynie przekaza\u0142 puchar ufundowany\u00a0 przez cz\u0142onk\u00f3w Ko\u0142a.<\/strong><\/p>\n<p><strong><a href=\"https:\/\/www.milosnicylasu.olsztyn.pl\/wp-content\/uploads\/2023\/10\/DSCN6865-www.jpg\" data-rel=\"lightbox-image-1\" data-magnific_type=\"image\" data-rl_title=\"\" data-rl_caption=\"\" title=\"\"><img loading=\"lazy\" decoding=\"async\" class=\"size-medium wp-image-8263 alignright\" src=\"https:\/\/www.milosnicylasu.olsztyn.pl\/wp-content\/uploads\/2023\/10\/DSCN6865-www-300x225.jpg\" alt=\"\" width=\"300\" height=\"225\" srcset=\"https:\/\/www.milosnicylasu.olsztyn.pl\/wp-content\/uploads\/2023\/10\/DSCN6865-www-300x225.jpg 300w, https:\/\/www.milosnicylasu.olsztyn.pl\/wp-content\/uploads\/2023\/10\/DSCN6865-www-768x576.jpg 768w, https:\/\/www.milosnicylasu.olsztyn.pl\/wp-content\/uploads\/2023\/10\/DSCN6865-www.jpg 1024w\" sizes=\"auto, (max-width: 300px) 100vw, 300px\" \/><\/a><\/strong><\/p>\n<h3><strong>Kwatera g\u0142\u00f3wna Hitlera w Wilczym Sza\u0144cu by\u0142a tajn\u0105 stolic\u0105 III Rzeszy. Wycofuj\u0105cy si\u0119 Niemcy wysadzili j\u0105 w powietrze, ale to, co z niej zosta\u0142o, budzi groz\u0119.<a href=\"https:\/\/www.milosnicylasu.olsztyn.pl\/wp-content\/uploads\/2023\/10\/DSCN6893-www.jpg\" data-rel=\"lightbox-image-2\" data-magnific_type=\"image\" data-rl_title=\"\" data-rl_caption=\"\" title=\"\"><img loading=\"lazy\" decoding=\"async\" class=\"size-medium wp-image-8261 aligncenter\" src=\"https:\/\/www.milosnicylasu.olsztyn.pl\/wp-content\/uploads\/2023\/10\/DSCN6893-www-300x225.jpg\" alt=\"\" width=\"300\" height=\"225\" srcset=\"https:\/\/www.milosnicylasu.olsztyn.pl\/wp-content\/uploads\/2023\/10\/DSCN6893-www-300x225.jpg 300w, https:\/\/www.milosnicylasu.olsztyn.pl\/wp-content\/uploads\/2023\/10\/DSCN6893-www-768x576.jpg 768w, https:\/\/www.milosnicylasu.olsztyn.pl\/wp-content\/uploads\/2023\/10\/DSCN6893-www.jpg 1024w\" sizes=\"auto, (max-width: 300px) 100vw, 300px\" \/><\/a><\/strong><\/h3>\n<p><strong>Hitler i cz\u0142onkowie jego otoczenia potrzebowali dobrze zorganizowanej i bezpiecznej kwatery. Decyzj\u0119 o jej budowie podj\u0119to w 1940 roku. W\u00f3wczas ju\u017c my\u015blano o ataku na Zwi\u0105zek Radziecki, wi\u0119c poszukiwano miejsca, kt\u00f3re nie by\u0142oby odleg\u0142e od sowieckiej granicy. Jesieni\u0105 1940 roku w okolice Gier\u0142o\u017cy, niedaleko K\u0119trzyna przybyli wysocy oficerowie Naczelnego Dow\u00f3dztwa Wehrmachtu wraz z in\u017cynierem Fritzem Todtem.<\/strong><\/p>\n<p><strong>Nie tylko odleg\u0142o\u015b\u0107 od granicy z ZSRR by\u0142a istotna. Okolice Gier\u0142o\u017cy idealnie nadawa\u0142y si\u0119 na budow\u0119 g\u0142\u00f3wnej kwatery dow\u00f3dztwa tak\u017ce z wielu innych powod\u00f3w. Wystarczy spojrze\u0107 na map\u0119.<\/strong><\/p>\n<p><strong><a href=\"https:\/\/www.milosnicylasu.olsztyn.pl\/wp-content\/uploads\/2023\/10\/DSCN6879-www.jpg\" data-rel=\"lightbox-image-3\" data-magnific_type=\"image\" data-rl_title=\"\" data-rl_caption=\"\" title=\"\"><img loading=\"lazy\" decoding=\"async\" class=\"size-medium wp-image-8264 alignleft\" src=\"https:\/\/www.milosnicylasu.olsztyn.pl\/wp-content\/uploads\/2023\/10\/DSCN6879-www-300x225.jpg\" alt=\"\" width=\"300\" height=\"225\" srcset=\"https:\/\/www.milosnicylasu.olsztyn.pl\/wp-content\/uploads\/2023\/10\/DSCN6879-www-300x225.jpg 300w, https:\/\/www.milosnicylasu.olsztyn.pl\/wp-content\/uploads\/2023\/10\/DSCN6879-www-768x576.jpg 768w, https:\/\/www.milosnicylasu.olsztyn.pl\/wp-content\/uploads\/2023\/10\/DSCN6879-www.jpg 1024w\" sizes=\"auto, (max-width: 300px) 100vw, 300px\" \/><\/a>Wielki, stary las mieszany stanowi\u0142 idealn\u0105 os\u0142on\u0119 dla obiekt\u00f3w sza\u0144ca. Wielkie Jeziora Mazurskie stanowi\u0142y naturaln\u0105 przeszkod\u0119 dla nieprzyjacielskiej piechoty i wojsk pancernych. Ponadto by\u0142y to Prusy Wschodnie, mocno ufortyfikowane, z licznymi twierdzami obronnymi. Od 1936 roku budowano tam \u017celbetonowe bunkry bojowe, zapory i rowy przeciwczo\u0142gowe, tworz\u0105ce tzw. Gi\u017cycki Rejon Umocniony. Linia kolejowa oraz drogi dodatkowo jeszcze podnosi\u0142y walory tego miejsca. Dzi\u0119ki linii kolejowej Hitler m\u00f3g\u0142 sprawnie porusza\u0107 si\u0119 swoim osobistym poci\u0105giem.<\/strong><\/p>\n<p><strong>Bezpiecze\u0144stwo wodza by\u0142o priorytetem. Opr\u00f3cz naturalnych przeszk\u00f3d dzia\u0142a\u0142 rozwini\u0119ty system bezpiecze\u0144stwa. Jako\u015b\u0107 maskowania sprawdzano, robi\u0105c zdj\u0119cia lotnicze. System nas\u0142uchu by\u0142 zdolny wykry\u0107 samoloty w promieniu do 100 km. Za ochron\u0119 zewn\u0119trzn\u0105 odpowiada\u0142a specjalna, dobrze wyposa\u017cona jednostka wojskowa w sile pu\u0142ku. Nieca\u0142e 80 km dalej, ko\u0142o Go\u0142dapi stacjonowa\u0142y wojska powietrzno-desantowe. W\u00f3dz mia\u0142 te\u017c osobist\u0105 ochron\u0119: specjalny batalion, a tak\u017ce jednostki s\u0142u\u017cby bezpiecze\u0144stwa, policji i SS.<\/strong><\/p>\n<p><strong>Druga po Berlinie stolica III Rzeszy by\u0142a jak tajne, ukryte miasto z osiedlami i \u0142\u0105cz\u0105cymi je drogami oraz niezb\u0119dn\u0105 infrastruktur\u0105. Jego budow\u0119 rozpocz\u0119to jesieni\u0105 1940 roku i prowadzono nieprzerwanie do ko\u0144ca 1944 roku. Praktycznie inwestycja nie zosta\u0142a nigdy zako\u0144czona. Ca\u0142y czas wznoszono nowe obiekty.<\/strong><\/p>\n<p><strong><a href=\"https:\/\/www.milosnicylasu.olsztyn.pl\/wp-content\/uploads\/2023\/10\/DSCN6872-www.jpg\" data-rel=\"lightbox-image-4\" data-magnific_type=\"image\" data-rl_title=\"\" data-rl_caption=\"\" title=\"\"><img loading=\"lazy\" decoding=\"async\" class=\"size-medium wp-image-8262 alignright\" src=\"https:\/\/www.milosnicylasu.olsztyn.pl\/wp-content\/uploads\/2023\/10\/DSCN6872-www-300x225.jpg\" alt=\"\" width=\"300\" height=\"225\" srcset=\"https:\/\/www.milosnicylasu.olsztyn.pl\/wp-content\/uploads\/2023\/10\/DSCN6872-www-300x225.jpg 300w, https:\/\/www.milosnicylasu.olsztyn.pl\/wp-content\/uploads\/2023\/10\/DSCN6872-www-768x576.jpg 768w, https:\/\/www.milosnicylasu.olsztyn.pl\/wp-content\/uploads\/2023\/10\/DSCN6872-www.jpg 1024w\" sizes=\"auto, (max-width: 300px) 100vw, 300px\" \/><\/a>W Wilczym Sza\u0144cu mieszka\u0142o ponad 2 tysi\u0105ce os\u00f3b. Opr\u00f3cz dr\u00f3g o\u015bwietlonych ulicznymi latarniami by\u0142a tu sie\u0107 wodoci\u0105gowa, a tak\u017ce kanalizacja i oczyszczalnia \u015bciek\u00f3w. Wszystko to zamaskowano i otoczono polami minowymi. Maskowaniem obiekt\u00f3w zaj\u0119\u0142a si\u0119\u2026 firma ogrodnicza. Budynki o podw\u00f3jnych \u015bcianach mia\u0142y w p\u0142askich dachach 10\u201330-centymetrowe wg\u0142\u0119bienia, kt\u00f3re zasypywano ziemi\u0105. Na niej sadzono ro\u015blinno\u015b\u0107. Dodatkowo os\u0142aniano budynki siatkami maskuj\u0105cymi.<\/strong><\/p>\n<p><strong>W sumie zbudowano oko\u0142o 200 obiekt\u00f3w, kt\u00f3re zaj\u0119\u0142y powierzchni\u0119 250 ha. Obok betonowych schron\u00f3w wzniesiono te\u017c l\u017cejsze obiekty z ceg\u0142y, a tak\u017ce drewniane baraki. Opr\u00f3cz linii kolejowej i w\u0142asnego dworca komunikacj\u0119 ze \u015bwiatem zapewnia\u0142y dwa pobliskie lotniska<\/strong><\/p>\n<p><strong>Niewiele by\u0142o tu rozrywek. Dzia\u0142a\u0142y herbaciarnie, kasyna, kino. Najpopularniejsz\u0105 form\u0105 relaksu by\u0142o picie alkoholu. Sam Hitler by\u0142 abstynentem i \u017cy\u0142 do\u015b\u0107 ascetycznie, wi\u0119c nie obnoszono si\u0119 specjalnie z rozrywkami i komfortem \u017cycia, a ten by\u0142 urozmaicony.<\/strong><\/p>\n<p><strong>Na wi\u0119kszy mogli liczy\u0107 najwa\u017cniejsi dow\u00f3dcy: <span style=\"color: #333333;\"><a style=\"color: #333333;\" href=\"https:\/\/ciekawostkihistoryczne.pl\/leksykon\/hermann-goring-1893-1946\/\">Hermann G\u00f6ring<\/a>, <a style=\"color: #333333;\" href=\"https:\/\/ciekawostkihistoryczne.pl\/leksykon\/heinrich-himmler-1900-1945\/\">Heinrich Himmler<\/a>,<\/span> Martin Bormann, Wilhelm Keitel czy Joseph Goebbels dla kt\u00f3rych pobudowano domy. Nie szokowa\u0142y one jednak luksusem, cho\u0107 by\u0142y wygodniejsze ni\u017c inne mieszkania. Og\u00f3lnie standard budynk\u00f3w mieszkalnych i ich wyposa\u017cenie by\u0142y raczej skromne. R\u00f3wnie ascetyczna by\u0142a sama kwatera g\u0142\u00f3wna. Mo\u017ce dlatego, \u017ce wci\u0105\u017c trwa\u0142a jej rozbudowa.<\/strong><\/p>\n<p><strong>Do le\u015bnej stolicy Hitler przeni\u00f3s\u0142 z Berlina mi\u0119dzy innymi Ministerstwo Spraw Zagranicznych. Powsta\u0142o tu tak\u017ce bardzo dobrze dzia\u0142aj\u0105ce centrum \u0142\u0105czno\u015bci. Sam F\u00fchrer przyby\u0142 do Wilczego Sza\u0144ca 24 czerwca 1941 roku. Sp\u0119dzi\u0142 tu ponad 800 dni. St\u0105d koordynowany by\u0142 mi\u0119dzy innymi atak na ZSRR. W mazurskiej kwaterze zapada\u0142y te\u017c kluczowe decyzje militarne.<a href=\"https:\/\/www.milosnicylasu.olsztyn.pl\/wp-content\/uploads\/2023\/10\/DSCN6908-www.jpg\" data-rel=\"lightbox-image-5\" data-magnific_type=\"image\" data-rl_title=\"\" data-rl_caption=\"\" title=\"\"><img loading=\"lazy\" decoding=\"async\" class=\"size-medium wp-image-8265 alignright\" src=\"https:\/\/www.milosnicylasu.olsztyn.pl\/wp-content\/uploads\/2023\/10\/DSCN6908-www-300x225.jpg\" alt=\"\" width=\"300\" height=\"225\" srcset=\"https:\/\/www.milosnicylasu.olsztyn.pl\/wp-content\/uploads\/2023\/10\/DSCN6908-www-300x225.jpg 300w, https:\/\/www.milosnicylasu.olsztyn.pl\/wp-content\/uploads\/2023\/10\/DSCN6908-www-768x576.jpg 768w, https:\/\/www.milosnicylasu.olsztyn.pl\/wp-content\/uploads\/2023\/10\/DSCN6908-www.jpg 1024w\" sizes=\"auto, (max-width: 300px) 100vw, 300px\" \/><\/a><\/strong><\/p>\n<p><strong>20 lipca 1944 roku Hitler prze\u017cy\u0142 zamach na swoje \u017cycie dokonany przez pu\u0142kownika <a href=\"https:\/\/ciekawostkihistoryczne.pl\/leksykon\/claus-von-stauffenberg-1907-1944\/\">Clausa von Stauffenberga<\/a>. Wilczy Szaniec opu\u015bci\u0142 definitywnie 20 listopada 1944 roku, gdy kwaterze zacz\u0119\u0142y zagra\u017ca\u0107 wojska sowieckie. W styczniu 1945 roku to zagro\u017cenie sta\u0142o si\u0119 realne. Na rozkaz naczelnego dow\u00f3dztwa 24 stycznia rozpocz\u0119to wysadzanie obiekt\u00f3w. Dzie\u0142o zniszczenia kontynuowano jeszcze dzie\u0144 p\u00f3\u017aniej, poniewa\u017c ju\u017c 27 stycznia wkroczyli tam Rosjanie, przejmuj\u0105c Wilczy Szaniec bez jednego wystrza\u0142u.<\/strong><\/p>\n<p><strong><a href=\"https:\/\/www.milosnicylasu.olsztyn.pl\/wp-content\/uploads\/2023\/10\/DSCN6923-www.jpg\" data-rel=\"lightbox-image-6\" data-magnific_type=\"image\" data-rl_title=\"\" data-rl_caption=\"\" title=\"\"><img loading=\"lazy\" decoding=\"async\" class=\"size-medium wp-image-8258 alignleft\" src=\"https:\/\/www.milosnicylasu.olsztyn.pl\/wp-content\/uploads\/2023\/10\/DSCN6923-www-300x225.jpg\" alt=\"\" width=\"300\" height=\"225\" srcset=\"https:\/\/www.milosnicylasu.olsztyn.pl\/wp-content\/uploads\/2023\/10\/DSCN6923-www-300x225.jpg 300w, https:\/\/www.milosnicylasu.olsztyn.pl\/wp-content\/uploads\/2023\/10\/DSCN6923-www-768x576.jpg 768w, https:\/\/www.milosnicylasu.olsztyn.pl\/wp-content\/uploads\/2023\/10\/DSCN6923-www.jpg 1024w\" sizes=\"auto, (max-width: 300px) 100vw, 300px\" \/><\/a><\/strong><\/p>\n<p>&nbsp;<\/p>\n<p><strong>Niespodziank\u0105 dla uczestnik\u00f3w wyjazdu by\u0142a mo\u017cliwo\u015b\u0107 odwiedzenia\u00a0 s\u0142awnego\u00a0 sanktuarium maryjnego \u2013 \u015awi\u0119tolipska bazylika pw. Naj\u015bwi\u0119tszej Marii Panny, kt\u00f3ra wraz z kru\u017cgankami i klasztorem stanowi cenny zabytek barokowy. Sanktuarium w \u015awi\u0119tej Lipce ju\u017c od XV wieku przyci\u0105ga pielgrzym\u00f3w z Prus, Warmii i z Polski. Co roku, ponad 100 tys.<\/strong><\/p>\n<p><strong>Na edukacj\u0105 zaprosi\u0142 nas prezes Ko\u0142a Anatol Leszczy\u0144ski, kt\u00f3ry wyjazd zorganizowa\u0142 przy pomocy Basi Bruzgo, kt\u00f3ra jak zwykle zaj\u0119\u0142a si\u0119 strona finansow\u0105.<\/strong><\/p>\n<p>Dzi\u0119kujemy!<\/p>\n","protected":false},"excerpt":{"rendered":"<p>Cz\u0142onkowie Ko\u0142a Mi\u0142o\u015bnik\u00f3w Lasu i Militari\u00f3w LOK przy ATW w Olsztynie, 20 pa\u017adziernika 2023 roku,\u00a0 zwiedzili g\u0142\u00f3wn\u0105 kwater\u0119 Hitlera w Wilczym Sza\u0144cu i Naczelnego Dow\u00f3dztwa Si\u0142 Zbrojnych w lesie gier\u0142oskim, na wsch\u00f3d od le\u017c\u0105cej na skraju lasu wsi Gier\u0142o\u017c i 8 km na wsch\u00f3d od K\u0119trzyna. Na edukacj\u0119 zaprosili nas Nadle\u015bniczy Nadle\u015bnictwa Sorkwity\u00a0 Pan Zenon [&hellip;]<\/p>\n","protected":false},"author":2,"featured_media":0,"comment_status":"open","ping_status":"open","sticky":false,"template":"","format":"standard","meta":{"footnotes":""},"categories":[1],"tags":[],"class_list":["post-8257","post","type-post","status-publish","format-standard","hentry","category-bez-kategorii"],"_links":{"self":[{"href":"https:\/\/www.milosnicylasu.olsztyn.pl\/index.php?rest_route=\/wp\/v2\/posts\/8257","targetHints":{"allow":["GET"]}}],"collection":[{"href":"https:\/\/www.milosnicylasu.olsztyn.pl\/index.php?rest_route=\/wp\/v2\/posts"}],"about":[{"href":"https:\/\/www.milosnicylasu.olsztyn.pl\/index.php?rest_route=\/wp\/v2\/types\/post"}],"author":[{"embeddable":true,"href":"https:\/\/www.milosnicylasu.olsztyn.pl\/index.php?rest_route=\/wp\/v2\/users\/2"}],"replies":[{"embeddable":true,"href":"https:\/\/www.milosnicylasu.olsztyn.pl\/index.php?rest_route=%2Fwp%2Fv2%2Fcomments&post=8257"}],"version-history":[{"count":6,"href":"https:\/\/www.milosnicylasu.olsztyn.pl\/index.php?rest_route=\/wp\/v2\/posts\/8257\/revisions"}],"predecessor-version":[{"id":8270,"href":"https:\/\/www.milosnicylasu.olsztyn.pl\/index.php?rest_route=\/wp\/v2\/posts\/8257\/revisions\/8270"}],"wp:attachment":[{"href":"https:\/\/www.milosnicylasu.olsztyn.pl\/index.php?rest_route=%2Fwp%2Fv2%2Fmedia&parent=8257"}],"wp:term":[{"taxonomy":"category","embeddable":true,"href":"https:\/\/www.milosnicylasu.olsztyn.pl\/index.php?rest_route=%2Fwp%2Fv2%2Fcategories&post=8257"},{"taxonomy":"post_tag","embeddable":true,"href":"https:\/\/www.milosnicylasu.olsztyn.pl\/index.php?rest_route=%2Fwp%2Fv2%2Ftags&post=8257"}],"curies":[{"name":"wp","href":"https:\/\/api.w.org\/{rel}","templated":true}]}}