{"id":827,"date":"2014-01-07T13:46:31","date_gmt":"2014-01-07T12:46:31","guid":{"rendered":"http:\/\/www.milosnicylasu.olsztyn.pl\/?p=827"},"modified":"2014-01-08T10:45:56","modified_gmt":"2014-01-08T09:45:56","slug":"lesny-rajd-4-stycznia-2014","status":"publish","type":"post","link":"https:\/\/www.milosnicylasu.olsztyn.pl\/?p=827","title":{"rendered":"Le\u015bny rajd 4 stycznia 2014"},"content":{"rendered":"<p><a href=\"http:\/\/www.milosnicylasu.olsztyn.pl\/wp-content\/uploads\/2014\/01\/P1040008-www.jpg\" data-rel=\"lightbox-image-0\" data-magnific_type=\"image\" data-rl_title=\"\" data-rl_caption=\"\" title=\"\"><img loading=\"lazy\" decoding=\"async\" class=\"alignleft size-medium wp-image-832\" alt=\"P1040008-www\" src=\"http:\/\/www.milosnicylasu.olsztyn.pl\/wp-content\/uploads\/2014\/01\/P1040008-www-300x225.jpg\" width=\"300\" height=\"225\" srcset=\"https:\/\/www.milosnicylasu.olsztyn.pl\/wp-content\/uploads\/2014\/01\/P1040008-www-300x225.jpg 300w, https:\/\/www.milosnicylasu.olsztyn.pl\/wp-content\/uploads\/2014\/01\/P1040008-www-400x300.jpg 400w, https:\/\/www.milosnicylasu.olsztyn.pl\/wp-content\/uploads\/2014\/01\/P1040008-www.jpg 1024w\" sizes=\"auto, (max-width: 300px) 100vw, 300px\" \/><\/a>Prawie wiosenna temperatura zach\u0119ci\u0142a 21 cz\u0142onk\u00f3w naszego Ko\u0142a do sobotniej w\u0119dr\u00f3wki po le\u015bnictwie Stary Dw\u00f3r. Podziwiali\u015bmy pi\u0119kne widoki, ale szczeg\u00f3lnie zainteresowa\u0142y nas &#8222;dokonania&#8221; bobr\u00f3w.<\/p>\n<p>&nbsp;<\/p>\n<p>Po niedawnym wyk\u0142adzie, lepiej rozumiemy zwyczaje tych zwierz\u0105t, ale zawsze zaskakuje nas ich praca, \u017ce potrafi\u0105 \u015bci\u0105\u0107 nawet du\u017ce drzewa.<a href=\"http:\/\/www.milosnicylasu.olsztyn.pl\/wp-content\/uploads\/2014\/01\/P1040009-www.jpg\" data-rel=\"lightbox-image-1\" data-magnific_type=\"image\" data-rl_title=\"\" data-rl_caption=\"\" title=\"\"><img loading=\"lazy\" decoding=\"async\" class=\"size-medium wp-image-833 alignright\" alt=\"P1040009-www\" src=\"http:\/\/www.milosnicylasu.olsztyn.pl\/wp-content\/uploads\/2014\/01\/P1040009-www-300x225.jpg\" width=\"300\" height=\"225\" srcset=\"https:\/\/www.milosnicylasu.olsztyn.pl\/wp-content\/uploads\/2014\/01\/P1040009-www-300x225.jpg 300w, https:\/\/www.milosnicylasu.olsztyn.pl\/wp-content\/uploads\/2014\/01\/P1040009-www-400x300.jpg 400w, https:\/\/www.milosnicylasu.olsztyn.pl\/wp-content\/uploads\/2014\/01\/P1040009-www.jpg 1024w\" sizes=\"auto, (max-width: 300px) 100vw, 300px\" \/><\/a><\/p>\n","protected":false},"excerpt":{"rendered":"<p>Prawie wiosenna temperatura zach\u0119ci\u0142a 21 cz\u0142onk\u00f3w naszego Ko\u0142a do sobotniej w\u0119dr\u00f3wki po le\u015bnictwie Stary Dw\u00f3r. Podziwiali\u015bmy pi\u0119kne widoki, ale szczeg\u00f3lnie zainteresowa\u0142y nas &#8222;dokonania&#8221; bobr\u00f3w. &nbsp; Po niedawnym wyk\u0142adzie, lepiej rozumiemy zwyczaje tych zwierz\u0105t, ale zawsze zaskakuje nas ich praca, \u017ce potrafi\u0105 \u015bci\u0105\u0107 nawet du\u017ce drzewa.<\/p>\n","protected":false},"author":1,"featured_media":0,"comment_status":"open","ping_status":"open","sticky":false,"template":"","format":"standard","meta":{"footnotes":""},"categories":[1,2],"tags":[],"class_list":["post-827","post","type-post","status-publish","format-standard","hentry","category-bez-kategorii","category-rajdy"],"_links":{"self":[{"href":"https:\/\/www.milosnicylasu.olsztyn.pl\/index.php?rest_route=\/wp\/v2\/posts\/827","targetHints":{"allow":["GET"]}}],"collection":[{"href":"https:\/\/www.milosnicylasu.olsztyn.pl\/index.php?rest_route=\/wp\/v2\/posts"}],"about":[{"href":"https:\/\/www.milosnicylasu.olsztyn.pl\/index.php?rest_route=\/wp\/v2\/types\/post"}],"author":[{"embeddable":true,"href":"https:\/\/www.milosnicylasu.olsztyn.pl\/index.php?rest_route=\/wp\/v2\/users\/1"}],"replies":[{"embeddable":true,"href":"https:\/\/www.milosnicylasu.olsztyn.pl\/index.php?rest_route=%2Fwp%2Fv2%2Fcomments&post=827"}],"version-history":[{"count":3,"href":"https:\/\/www.milosnicylasu.olsztyn.pl\/index.php?rest_route=\/wp\/v2\/posts\/827\/revisions"}],"predecessor-version":[{"id":835,"href":"https:\/\/www.milosnicylasu.olsztyn.pl\/index.php?rest_route=\/wp\/v2\/posts\/827\/revisions\/835"}],"wp:attachment":[{"href":"https:\/\/www.milosnicylasu.olsztyn.pl\/index.php?rest_route=%2Fwp%2Fv2%2Fmedia&parent=827"}],"wp:term":[{"taxonomy":"category","embeddable":true,"href":"https:\/\/www.milosnicylasu.olsztyn.pl\/index.php?rest_route=%2Fwp%2Fv2%2Fcategories&post=827"},{"taxonomy":"post_tag","embeddable":true,"href":"https:\/\/www.milosnicylasu.olsztyn.pl\/index.php?rest_route=%2Fwp%2Fv2%2Ftags&post=827"}],"curies":[{"name":"wp","href":"https:\/\/api.w.org\/{rel}","templated":true}]}}