{"id":8273,"date":"2023-11-02T10:13:54","date_gmt":"2023-11-02T09:13:54","guid":{"rendered":"https:\/\/www.milosnicylasu.olsztyn.pl\/?p=8273"},"modified":"2023-11-02T10:13:54","modified_gmt":"2023-11-02T09:13:54","slug":"konkurs-fotograficzny","status":"publish","type":"post","link":"https:\/\/www.milosnicylasu.olsztyn.pl\/?p=8273","title":{"rendered":"Konkurs fotograficzny"},"content":{"rendered":"<p><strong> Konkurs fotograficzny<\/strong><\/p>\n<p style=\"text-align: left;\"><strong>Konkurs przeznaczony jest dla os\u00f3b, kt\u00f3re uczestniczy\u0142y w wyjazdowej edukacji historycznej do by\u0142ej kwatery Hitlera. W czasie pobytu wykonywa\u0142y zdj\u0119cia swoim aparatem fotograficznym. Nale\u017cy wybra\u0107 jedno najciekawsze uj\u0119cie i z podaniem imienia i nazwiska\u00a0 przys\u0142a\u0107 na skrzynk\u0119.\u00a0\u00a0\u00a0\u00a0\u00a0\u00a0\u00a0\u00a0\u00a0\u00a0\u00a0 krystyna @kappa.pl<\/strong><\/p>\n<p style=\"text-align: left;\"><strong>\u00a0\u00a0\u00a0\u00a0 Na\u00a0 prace czekamy do dnia 30.11.2023r.\u00a0 Wr\u0119czenie nagr\u00f3d zwyci\u0119zcom tego konkursu odb\u0119dzie si\u0119 podczas czwartkowego spotkania Ko\u0142a.<\/strong><\/p>\n","protected":false},"excerpt":{"rendered":"<p>Konkurs fotograficzny Konkurs przeznaczony jest dla os\u00f3b, kt\u00f3re uczestniczy\u0142y w wyjazdowej edukacji historycznej do by\u0142ej kwatery Hitlera. W czasie pobytu wykonywa\u0142y zdj\u0119cia swoim aparatem fotograficznym. Nale\u017cy wybra\u0107 jedno najciekawsze uj\u0119cie i z podaniem imienia i nazwiska\u00a0 przys\u0142a\u0107 na skrzynk\u0119.\u00a0\u00a0\u00a0\u00a0\u00a0\u00a0\u00a0\u00a0\u00a0\u00a0\u00a0 krystyna @kappa.pl \u00a0\u00a0\u00a0\u00a0 Na\u00a0 prace czekamy do dnia 30.11.2023r.\u00a0 Wr\u0119czenie nagr\u00f3d zwyci\u0119zcom tego konkursu odb\u0119dzie si\u0119 [&hellip;]<\/p>\n","protected":false},"author":2,"featured_media":0,"comment_status":"open","ping_status":"open","sticky":false,"template":"","format":"standard","meta":{"footnotes":""},"categories":[1,17,13],"tags":[],"class_list":["post-8273","post","type-post","status-publish","format-standard","hentry","category-bez-kategorii","category-edukacja-w-terenie","category-konkursy"],"_links":{"self":[{"href":"https:\/\/www.milosnicylasu.olsztyn.pl\/index.php?rest_route=\/wp\/v2\/posts\/8273","targetHints":{"allow":["GET"]}}],"collection":[{"href":"https:\/\/www.milosnicylasu.olsztyn.pl\/index.php?rest_route=\/wp\/v2\/posts"}],"about":[{"href":"https:\/\/www.milosnicylasu.olsztyn.pl\/index.php?rest_route=\/wp\/v2\/types\/post"}],"author":[{"embeddable":true,"href":"https:\/\/www.milosnicylasu.olsztyn.pl\/index.php?rest_route=\/wp\/v2\/users\/2"}],"replies":[{"embeddable":true,"href":"https:\/\/www.milosnicylasu.olsztyn.pl\/index.php?rest_route=%2Fwp%2Fv2%2Fcomments&post=8273"}],"version-history":[{"count":1,"href":"https:\/\/www.milosnicylasu.olsztyn.pl\/index.php?rest_route=\/wp\/v2\/posts\/8273\/revisions"}],"predecessor-version":[{"id":8274,"href":"https:\/\/www.milosnicylasu.olsztyn.pl\/index.php?rest_route=\/wp\/v2\/posts\/8273\/revisions\/8274"}],"wp:attachment":[{"href":"https:\/\/www.milosnicylasu.olsztyn.pl\/index.php?rest_route=%2Fwp%2Fv2%2Fmedia&parent=8273"}],"wp:term":[{"taxonomy":"category","embeddable":true,"href":"https:\/\/www.milosnicylasu.olsztyn.pl\/index.php?rest_route=%2Fwp%2Fv2%2Fcategories&post=8273"},{"taxonomy":"post_tag","embeddable":true,"href":"https:\/\/www.milosnicylasu.olsztyn.pl\/index.php?rest_route=%2Fwp%2Fv2%2Ftags&post=8273"}],"curies":[{"name":"wp","href":"https:\/\/api.w.org\/{rel}","templated":true}]}}