{"id":8277,"date":"2023-11-11T06:46:29","date_gmt":"2023-11-11T05:46:29","guid":{"rendered":"https:\/\/www.milosnicylasu.olsztyn.pl\/?p=8277"},"modified":"2023-11-11T09:56:26","modified_gmt":"2023-11-11T08:56:26","slug":"las-laczy-pokolenia","status":"publish","type":"post","link":"https:\/\/www.milosnicylasu.olsztyn.pl\/?p=8277","title":{"rendered":"Las \u0142\u0105czy pokolenia"},"content":{"rendered":"<p><strong><a href=\"https:\/\/www.milosnicylasu.olsztyn.pl\/wp-content\/uploads\/2023\/11\/DSCN6959-www.jpg\" data-rel=\"lightbox-image-0\" data-magnific_type=\"image\" data-rl_title=\"\" data-rl_caption=\"\" title=\"\"><img loading=\"lazy\" decoding=\"async\" class=\"size-medium wp-image-8279 alignleft\" src=\"https:\/\/www.milosnicylasu.olsztyn.pl\/wp-content\/uploads\/2023\/11\/DSCN6959-www-300x225.jpg\" alt=\"\" width=\"300\" height=\"225\" srcset=\"https:\/\/www.milosnicylasu.olsztyn.pl\/wp-content\/uploads\/2023\/11\/DSCN6959-www-300x225.jpg 300w, https:\/\/www.milosnicylasu.olsztyn.pl\/wp-content\/uploads\/2023\/11\/DSCN6959-www-768x576.jpg 768w, https:\/\/www.milosnicylasu.olsztyn.pl\/wp-content\/uploads\/2023\/11\/DSCN6959-www.jpg 1024w\" sizes=\"auto, (max-width: 300px) 100vw, 300px\" \/><\/a><a href=\"https:\/\/www.milosnicylasu.olsztyn.pl\/wp-content\/uploads\/2023\/11\/DSCN6961-www.jpg\" data-rel=\"lightbox-image-1\" data-magnific_type=\"image\" data-rl_title=\"\" data-rl_caption=\"\" title=\"\"><img loading=\"lazy\" decoding=\"async\" class=\"size-medium wp-image-8285 alignright\" src=\"https:\/\/www.milosnicylasu.olsztyn.pl\/wp-content\/uploads\/2023\/11\/DSCN6961-www-300x225.jpg\" alt=\"\" width=\"300\" height=\"225\" srcset=\"https:\/\/www.milosnicylasu.olsztyn.pl\/wp-content\/uploads\/2023\/11\/DSCN6961-www-300x225.jpg 300w, https:\/\/www.milosnicylasu.olsztyn.pl\/wp-content\/uploads\/2023\/11\/DSCN6961-www-768x576.jpg 768w, https:\/\/www.milosnicylasu.olsztyn.pl\/wp-content\/uploads\/2023\/11\/DSCN6961-www.jpg 1024w\" sizes=\"auto, (max-width: 300px) 100vw, 300px\" \/><\/a>Czwartkowe listopadowe spotkanie w RDLP w Olsztynie, Ko\u0142a Mi\u0142o\u015bnik\u00f3w Lasu i Militari\u00f3w LOK przy ATW w Olsztynie by\u0142o pi\u0119knym przyk\u0142adem jak las mo\u017ce \u0142\u0105czy\u0107 pokolenia. Naszym wyk\u0142adowc\u0105\u00a0 by\u0142 Tomasz Jarczyk &#8211; pracownik Olszty\u0144skiej Dyrekcji Las\u00f3w Pa\u0144stwowych, a cz\u0142onkami naszego Ko\u0142a jest jego siostra Anna z m\u0119\u017cem Waldemarem oraz\u00a0 rodzice Stefania i Antoni Jarczyk. Przy tej okazji przypomnieli\u015bmy sobie inne rodziny zwi\u0105zane z naszym Ko\u0142em. A wi\u0119c:<\/strong><\/p>\n<p><strong>&#8211; Wojtek D\u0105browski z tr\u00f3jk\u0105 dzieci Zuzi\u0105, Stasiem i Szymonem<br \/>\n<\/strong><\/p>\n<p><strong>&#8211; Wiesia i Jasiu Filipek z wnukami Wojtkiem i Ma\u0107kiem<\/strong><\/p>\n<p><strong>-Adam Siemakowicz z synami Krzysztofem i Igorem<\/strong><\/p>\n<p><strong>&#8211; Teresa Mielczarska z wnuczk\u0105 Ma\u0142gosi\u0105<\/strong><\/p>\n<p><strong>&#8211; Maria Igli\u0144ska z ma\u0142\u0105 kuzynk\u0105<\/strong><\/p>\n<p><strong>Rodzinnie uczestnicz\u0105 w imprezach organizowanych przez Ko\u0142o &#8211; w rajdach, wycieczkach, zawodach strzeleckich. <\/strong><\/p>\n<p><strong>Wsp\u00f3lne sp\u0119dzanie czasu z rodzin\u0105 sprawia, \u017ce buduje si\u0119 wi\u0119zi i je zacie\u015bnia. Niestety p\u0119d \u017cycia sprawia, \u017ce m\u0142odzi rodzice s\u0105 cz\u0119sto w niedoczasie i przem\u0119czeni, wi\u0119c czas z najbli\u017cszymi schodzi na dalszy plan.\u00a0 I tu jest rola dla dziadk\u00f3w. Pokazuj\u0105 pi\u0119kno przyrody, ciekawe miejsca w Polsce, ucz\u0105 a p\u00f3\u017aniej rywalizuj\u0105 w zawodach strzeleckich.<\/strong><\/p>\n<p><strong>9 listopada 2023 roku Tomek Jarczyk przybli\u017cy\u0142 nam ciekawy temat : &#8222;Plany sporz\u0105dzenia lasu&#8221;<\/strong><\/p>\n<p><strong>Gospodarka le\u015bna w Lasach Pa\u0144stwowych prowadzona jest na podstawie plan\u00f3w urz\u0105dzenia lasu, sporz\u0105dzanych dla nadle\u015bnictw na 10 lat. Plany urz\u0105dzenia lasu, po konsultacjach z udzia\u0142em spo\u0142ecze\u0144stwa, s\u0105 zatwierdzane decyzj\u0105 Ministra \u015arodowiska.<\/strong><\/p>\n<p><strong><cite>Przed sporz\u0105dzeniem planu urz\u0105dzenia lasu <\/cite><i>le\u015bnicy dok\u0142adnie inwentaryzuj\u0105 zasoby le\u015bne i oceniaj\u0105 stan lasu.<\/i><\/strong><\/p>\n<p><strong>Przygotowanie planu poprzedza zawsze dok\u0142adna inwentaryzacja i ocena stanu lasu. Le\u015bnicy okre\u015blaj\u0105 takie cechy lasu, jak struktura, budowa, wiek, sk\u0142ad gatunkowy, stan zdrowotny czy warunki glebowo-siedliskowe. W dzia\u0142aniach przewidzianych do realizacji uwzgl\u0119dnia si\u0119 cele gospodarki le\u015bnej i funkcje, jakie pe\u0142ni\u0105 lasy w urz\u0105dzanym nadle\u015bnictwie, r\u00f3wnie\u017c te edukacyjne i turystyczne. Bardzo wa\u017cnym elementem Planu Urz\u0105dzania Lasu jest uwzgl\u0119dnienie zada\u0144 zawartych w Planach Zada\u0144 Ochronnych (PZO), sporz\u0105dzanych dla obszar\u00f3w N2000. Dostosowanie projektu planu do funkcji przyrodniczych jest podstaw\u0105 zr\u00f3wnowa\u017conego le\u015bnictwa, uwzgl\u0119dniaj\u0105cego wszystkie funkcje lasu.<\/strong><\/p>\n<p><strong>Wsp\u00f3\u0142czesne plany gospodarowania na terenach le\u015bnych wykonuje si\u0119, wykorzystuj\u0105c najnowsze osi\u0105gni\u0119cia techniki. Podstawowym narz\u0119dziem pracy jest tu <a href=\"http:\/\/www.encyklopedialesna.pl\/haslo\/lesna-mapa-numeryczna-lmn\/\" target=\"_blank\" rel=\"noopener\"><span style=\"color: blue;\">le\u015bna mapa numeryczna (LMN),<\/span><\/a> b\u0119d\u0105ca cz\u0119\u015bci\u0105 systemu informacji przestrzennej (GIS). Mapa ta w spos\u00f3b graficzny przetwarza i przedstawia dane zebrane podczas prac terenowych. Od lat w urz\u0105dzaniu lasu stosuje si\u0119 r\u00f3wnie\u017c coraz doskonalsze metody wykorzystywania zdj\u0119\u0107 lotniczych i satelitarnych, kt\u00f3re uzupe\u0142niaj\u0105 wyniki prac terenowych.<\/strong><\/p>\n<p><strong>Plan urz\u0105dzenia lasu powinien zawiera\u0107 m.in.:<\/strong><br \/>\n<strong>\u2022\u00a0\u00a0 \u00a0opis las\u00f3w i grunt\u00f3w przeznaczonych do zalesienia,<\/strong><br \/>\n<strong>\u2022\u00a0\u00a0 \u00a0analiz\u0119 gospodarki le\u015bnej w minionym okresie,<\/strong><br \/>\n<strong>\u2022\u00a0\u00a0 \u00a0program ochrony przyrody,<\/strong><br \/>\n<strong>\u2022\u00a0\u00a0 \u00a0okre\u015blenie zada\u0144 zwi\u0105zanych z pozyskaniem drewna, zalesieniami i odnowieniami, piel\u0119gnacj\u0105 i ochron\u0105 lasu, gospodark\u0105 \u0142owieck\u0105 i tworzeniem infrastruktury le\u015bnej (budynki, drogi).<\/strong><\/p>\n<p><strong>\u00a0To tylko kilka kwestii poruszanych podczas czwartkowego wyk\u0142adu. Temat jest ciekawy ale bardzo z\u0142o\u017cony, bardzo wa\u017cny dla ca\u0142ej gospodarki le\u015bnej. Dzi\u0119kujemy serdecznie za wyk\u0142ad, czekamy na nast\u0119pne &#8230;.., kt\u00f3re nam Pan Tomek obieca\u0142 a wi\u0119c do zobaczenia.&#8217;<a href=\"https:\/\/www.milosnicylasu.olsztyn.pl\/wp-content\/uploads\/2023\/11\/IMG_20231109_154309-www.jpg\" data-rel=\"lightbox-image-2\" data-magnific_type=\"image\" data-rl_title=\"\" data-rl_caption=\"\" title=\"\"><img loading=\"lazy\" decoding=\"async\" class=\"size-medium wp-image-8288 alignright\" src=\"https:\/\/www.milosnicylasu.olsztyn.pl\/wp-content\/uploads\/2023\/11\/IMG_20231109_154309-www-300x225.jpg\" alt=\"\" width=\"300\" height=\"225\" srcset=\"https:\/\/www.milosnicylasu.olsztyn.pl\/wp-content\/uploads\/2023\/11\/IMG_20231109_154309-www-300x225.jpg 300w, https:\/\/www.milosnicylasu.olsztyn.pl\/wp-content\/uploads\/2023\/11\/IMG_20231109_154309-www-768x576.jpg 768w, https:\/\/www.milosnicylasu.olsztyn.pl\/wp-content\/uploads\/2023\/11\/IMG_20231109_154309-www.jpg 1024w\" sizes=\"auto, (max-width: 300px) 100vw, 300px\" \/><\/a><\/strong><\/p>\n<p>&nbsp;<\/p>\n<p>&nbsp;<\/p>\n<p><strong>W cz\u0119\u015bci organizacyjnej prezes Ko\u0142a Anatol Leszczy\u0144ski om\u00f3wi\u0142 realizacj\u0119 planu pracy w pa\u017adzierniku br. i plan na listopad. Mi\u0142ym akcentem spotkania by\u0142o wr\u0119czenie nagr\u00f3d uczestnikom konkursu muzycznego, kt\u00f3ry odby\u0142 si\u0119 podczas sobotniego pa\u017adziernikowego rajdu. <\/strong><\/p>\n<p><strong><a href=\"https:\/\/www.milosnicylasu.olsztyn.pl\/wp-content\/uploads\/2023\/11\/DSCN6963-www.jpg\" data-rel=\"lightbox-image-3\" data-magnific_type=\"image\" data-rl_title=\"\" data-rl_caption=\"\" title=\"\"><img loading=\"lazy\" decoding=\"async\" class=\"size-medium wp-image-8283 alignleft\" src=\"https:\/\/www.milosnicylasu.olsztyn.pl\/wp-content\/uploads\/2023\/11\/DSCN6963-www-300x225.jpg\" alt=\"\" width=\"300\" height=\"225\" srcset=\"https:\/\/www.milosnicylasu.olsztyn.pl\/wp-content\/uploads\/2023\/11\/DSCN6963-www-300x225.jpg 300w, https:\/\/www.milosnicylasu.olsztyn.pl\/wp-content\/uploads\/2023\/11\/DSCN6963-www-768x576.jpg 768w, https:\/\/www.milosnicylasu.olsztyn.pl\/wp-content\/uploads\/2023\/11\/DSCN6963-www.jpg 1024w\" sizes=\"auto, (max-width: 300px) 100vw, 300px\" \/><\/a>Najwi\u0119ksz\u0105 wiedz\u0105 wykazali si\u0119: Stefania Jarczyk, Maria Igli\u0144ska, Daniela Tyl, Henio B\u0142aszczak. Nagrody pocieszenia dla Antoniego Jarczyka i Benka Kuckiego. Gratulujemy!<\/strong><\/p>\n<p><strong>Gratulujemy r\u00f3wnie\u017c Tomkowi Kicowskiemu i Adamowi Siemakowiczowi, kt\u00f3rzy z okazji 105 Rocznicy Odzyskania Niepodleg\u0142o\u015bci &#8211; za wspieranie dzia\u0142alno\u015bci\u00a0 Ko\u0142a Mi\u0142o\u015bnik\u00f3w Lasu i Militari\u00f3w LOK przy ATW w Olsztynie otrzymali statuetki. Dzi\u0119kujemy!<a href=\"https:\/\/www.milosnicylasu.olsztyn.pl\/wp-content\/uploads\/2023\/11\/DSCN6966-www.jpg\" data-rel=\"lightbox-image-4\" data-magnific_type=\"image\" data-rl_title=\"\" data-rl_caption=\"\" title=\"\"><img loading=\"lazy\" decoding=\"async\" class=\"size-medium wp-image-8284 alignright\" src=\"https:\/\/www.milosnicylasu.olsztyn.pl\/wp-content\/uploads\/2023\/11\/DSCN6966-www-300x225.jpg\" alt=\"\" width=\"300\" height=\"225\" srcset=\"https:\/\/www.milosnicylasu.olsztyn.pl\/wp-content\/uploads\/2023\/11\/DSCN6966-www-300x225.jpg 300w, https:\/\/www.milosnicylasu.olsztyn.pl\/wp-content\/uploads\/2023\/11\/DSCN6966-www-768x576.jpg 768w, https:\/\/www.milosnicylasu.olsztyn.pl\/wp-content\/uploads\/2023\/11\/DSCN6966-www.jpg 1024w\" sizes=\"auto, (max-width: 300px) 100vw, 300px\" \/><\/a><\/strong><\/p>\n<p>&nbsp;<\/p>\n<p>&nbsp;<\/p>\n<p>&nbsp;<\/p>\n","protected":false},"excerpt":{"rendered":"<p>Czwartkowe listopadowe spotkanie w RDLP w Olsztynie, Ko\u0142a Mi\u0142o\u015bnik\u00f3w Lasu i Militari\u00f3w LOK przy ATW w Olsztynie by\u0142o pi\u0119knym przyk\u0142adem jak las mo\u017ce \u0142\u0105czy\u0107 pokolenia. Naszym wyk\u0142adowc\u0105\u00a0 by\u0142 Tomasz Jarczyk &#8211; pracownik Olszty\u0144skiej Dyrekcji Las\u00f3w Pa\u0144stwowych, a cz\u0142onkami naszego Ko\u0142a jest jego siostra Anna z m\u0119\u017cem Waldemarem oraz\u00a0 rodzice Stefania i Antoni Jarczyk. Przy tej [&hellip;]<\/p>\n","protected":false},"author":2,"featured_media":0,"comment_status":"open","ping_status":"open","sticky":false,"template":"","format":"standard","meta":{"footnotes":""},"categories":[1,9,13,3],"tags":[],"class_list":["post-8277","post","type-post","status-publish","format-standard","hentry","category-bez-kategorii","category-ciekawostki","category-konkursy","category-zebrania"],"_links":{"self":[{"href":"https:\/\/www.milosnicylasu.olsztyn.pl\/index.php?rest_route=\/wp\/v2\/posts\/8277","targetHints":{"allow":["GET"]}}],"collection":[{"href":"https:\/\/www.milosnicylasu.olsztyn.pl\/index.php?rest_route=\/wp\/v2\/posts"}],"about":[{"href":"https:\/\/www.milosnicylasu.olsztyn.pl\/index.php?rest_route=\/wp\/v2\/types\/post"}],"author":[{"embeddable":true,"href":"https:\/\/www.milosnicylasu.olsztyn.pl\/index.php?rest_route=\/wp\/v2\/users\/2"}],"replies":[{"embeddable":true,"href":"https:\/\/www.milosnicylasu.olsztyn.pl\/index.php?rest_route=%2Fwp%2Fv2%2Fcomments&post=8277"}],"version-history":[{"count":7,"href":"https:\/\/www.milosnicylasu.olsztyn.pl\/index.php?rest_route=\/wp\/v2\/posts\/8277\/revisions"}],"predecessor-version":[{"id":8289,"href":"https:\/\/www.milosnicylasu.olsztyn.pl\/index.php?rest_route=\/wp\/v2\/posts\/8277\/revisions\/8289"}],"wp:attachment":[{"href":"https:\/\/www.milosnicylasu.olsztyn.pl\/index.php?rest_route=%2Fwp%2Fv2%2Fmedia&parent=8277"}],"wp:term":[{"taxonomy":"category","embeddable":true,"href":"https:\/\/www.milosnicylasu.olsztyn.pl\/index.php?rest_route=%2Fwp%2Fv2%2Fcategories&post=8277"},{"taxonomy":"post_tag","embeddable":true,"href":"https:\/\/www.milosnicylasu.olsztyn.pl\/index.php?rest_route=%2Fwp%2Fv2%2Ftags&post=8277"}],"curies":[{"name":"wp","href":"https:\/\/api.w.org\/{rel}","templated":true}]}}