{"id":8290,"date":"2023-11-12T17:54:30","date_gmt":"2023-11-12T16:54:30","guid":{"rendered":"https:\/\/www.milosnicylasu.olsztyn.pl\/?p=8290"},"modified":"2023-11-13T10:01:59","modified_gmt":"2023-11-13T09:01:59","slug":"narodowe-swieto-niepodleglosci-w-arboretum-w-kudypach","status":"publish","type":"post","link":"https:\/\/www.milosnicylasu.olsztyn.pl\/?p=8290","title":{"rendered":"Narodowe \u015awi\u0119to Niepodleg\u0142o\u015bci w Arboretum w Kudypach"},"content":{"rendered":"<p><a href=\"https:\/\/www.milosnicylasu.olsztyn.pl\/wp-content\/uploads\/2023\/11\/PB1000-56-001-www.jpg\" data-rel=\"lightbox-image-0\" data-magnific_type=\"image\" data-rl_title=\"\" data-rl_caption=\"\" title=\"\"><img loading=\"lazy\" decoding=\"async\" class=\"size-medium wp-image-8291 alignleft\" src=\"https:\/\/www.milosnicylasu.olsztyn.pl\/wp-content\/uploads\/2023\/11\/PB1000-56-001-www-300x225.jpg\" alt=\"\" width=\"300\" height=\"225\" srcset=\"https:\/\/www.milosnicylasu.olsztyn.pl\/wp-content\/uploads\/2023\/11\/PB1000-56-001-www-300x225.jpg 300w, https:\/\/www.milosnicylasu.olsztyn.pl\/wp-content\/uploads\/2023\/11\/PB1000-56-001-www-768x576.jpg 768w, https:\/\/www.milosnicylasu.olsztyn.pl\/wp-content\/uploads\/2023\/11\/PB1000-56-001-www.jpg 1024w\" sizes=\"auto, (max-width: 300px) 100vw, 300px\" \/><\/a><\/p>\n<p><strong>Narodow<\/strong><strong>e \u00a0\u015awi\u0119to Niepodleg\u0142o\u015bci to dla Polak\u00f3w jedno z najwa\u017cniejszych \u015bwi\u0105t pa\u0144stwowych. \u00a0Dzi\u0119ki go\u015bcinno\u015bci Nadle\u015bniczego Nadle\u015bnictwa Kudypy Pana Mariusza Orzechowskiego, cz\u0142onkowie Ko\u0142a Mi\u0142o\u015bnik\u00f3w Lasu i Militari\u00f3w LOK przy ATW w Olsztynie mogli to \u015awi\u0119to obchodzi\u0107 w pi\u0119knej jesiennej, s\u0142onecznej scenerii w Arboretum.<\/strong><\/p>\n<p><strong>\u00a0 \u00a0Po 123 latach zabor\u00f3w \u2013 niewoli naznaczonej walk\u0105, cierpieniem i wysi\u0142kiem wielu pokole\u0144 Polek i Polak\u00f3w \u2013 nasz kraj odzyska\u0142 suwerenno\u015b\u0107.<\/strong><\/p>\n<p><strong>Podczas corocznych obchod\u00f3w 11 listopada czcimy pami\u0119\u0107 tych, kt\u00f3rym zawdzi\u0119czamy w\u0142asne pa\u0144stwo, kt\u00f3rym uda\u0142o si\u0119 podnie\u015b\u0107 kraj z ogromnych zniszcze\u0144 I wojny \u015bwiatowej, stworzy\u0107 warunki rozwoju ekonomicznego, modernizacji gospodarczej i cywilizacyjnej.<\/strong><\/p>\n<p><strong>W nast\u0119pstwie dzia\u0142a\u0144 zaborc\u00f3w w latach 1772, 1793 i 1795 Rzeczpospolita przesta\u0142a istnie\u0107 na mapie Europy. Jednak dla Narodu Polskiego w\u0142asne, suwerenne pa\u0144stwo by\u0142o warto\u015bci\u0105 najwy\u017csz\u0105.<\/strong><\/p>\n<p><strong>Walka o niepodleg\u0142o\u015b\u0107 trwa\u0142a ponad sto lat i\u00a0naznaczona by\u0142a ofiar\u0105 krwi przelan\u0105 w wojnach napoleo\u0144skich, w licznych zrywach niepodleg\u0142o\u015bciowych, w powstaniu listopadowym i styczniowym, oraz na polach bitewnych I wojny \u015bwiatowej.<\/strong><\/p>\n<p><strong>Historia odzyskania niepodleg\u0142o\u015bci to w r\u00f3wnym stopniu codzienny trud rodak\u00f3w zamieszka\u0142ych na terenach by\u0142ej Rzeczypospolitej, jak i na emigracji, podejmowany w celu zachowania polsko\u015bci, rozwijania kultury i budowania polskiej my\u015bli politycznej.<\/strong><\/p>\n<p><strong>Bohaterowie tamtego okresu, mimo szykan, aresztowa\u0144, wyw\u00f3zek i\u00a0represji ze strony zaborc\u00f3w, byli w stanie uchroni\u0107 i rozwin\u0105\u0107 narodow\u0105 to\u017csamo\u015b\u0107, a nast\u0119pnie przekaza\u0107 j\u0105 nast\u0119pnym pokoleniom, \u017cyj\u0105cym ju\u017c w odrodzonej Polsce. Marzenia o wolno\u015bci spe\u0142ni\u0142y si\u0119 wraz z kl\u0119sk\u0105 wszystkich trzech zaborc\u00f3w i\u00a0zako\u0144czeniem I wojny \u015bwiatowej, w wyniku kt\u00f3rej Polska odzyska\u0142a niepodleg\u0142o\u015b\u0107. Odbudowa pa\u0144stwowo\u015bci, po 123 latach zabor\u00f3w, by\u0142a procesem z\u0142o\u017conym.<\/strong><\/p>\n<p><strong>10 listopada 1918 r. powr\u00f3ci\u0142 do Warszawy, zwolniony z wi\u0119zienia w Magdeburgu, J\u00f3zef Pi\u0142sudski. 11 listopada 1918 r. podpisano zawieszenie broni na froncie zachodnim. Dekretem z tego samego dnia Rada Regencyjna odda\u0142a J\u00f3zefowi Pi\u0142sudskiemu naczelne dow\u00f3dztwo nad wojskiem, a 14 listopada 1918 r. rozwi\u0105za\u0142a si\u0119, przekazuj\u0105c ca\u0142\u0105 w\u0142adz\u0119 nad tworz\u0105cym si\u0119 pa\u0144stwem J\u00f3zefowi Pi\u0142sudskiemu<\/strong><\/p>\n<p><strong>Dzie\u0144 11 listopada ustanowiony zosta\u0142 uroczystym \u015awi\u0119tem Niepodleg\u0142o\u015bci na mocy ustawy z dnia 23 kwietnia 1937 r. o \u015awi\u0119cie Niepodleg\u0142o\u015bci. \u015awi\u0119to to zosta\u0142o zniesione po II\u00a0wojnie \u015bwiatowej \u2013 w 1945 r., a nast\u0119pnie przywr\u00f3cone ustaw\u0105 z dnia 15 lutego 1989 r.<\/strong><\/p>\n<p><strong>Ca\u0142e szcz\u0119\u015bcie, \u017ce dzi\u015b\u00a0 mo\u017cemy cieszy\u0107 si\u0119 woln\u0105 ojczyzn\u0105 i oby tak zosta\u0142o. Ka\u017cdego roku z okazji \u015awi\u0119ta Niepodleg\u0142o\u015bci spotykamy si\u0119 w Nadle\u015bnictwie \u00a0Kudypy, \u00a0w Le\u015bnictwie Stary Dw\u00f3r albo w Arboretum. Uczestniczymy w konkursach z wiedzy o tym \u015awi\u0119cie. W tym roku odby\u0142 si\u0119 konkurs wokalny, podczas kt\u00f3rego zg\u0142aszaj\u0105cy si\u0119 \u015bpiewali pie\u015bni patriotyczne, takie jak: \u201dPierwsza Brygada\u201d, \u201ePrzybyli u\u0142ani\u201d, \u201eRozkwita\u0142y p\u0105ki bia\u0142ych r\u00f3\u017c\u201d, \u201eJeszcze jeden mazur dzisiaj\u201d, Serce w plecaku\u201d, \u201eDzi\u015b do ciebie przyj\u015b\u0107 nie mog\u0119\u201d, \u201eCzerwone maki\u201d.<\/strong><\/p>\n<p><a href=\"https:\/\/www.milosnicylasu.olsztyn.pl\/wp-content\/uploads\/2023\/11\/PB100021-001-www.jpg\" data-rel=\"lightbox-image-1\" data-magnific_type=\"image\" data-rl_title=\"\" data-rl_caption=\"\" title=\"\"><img loading=\"lazy\" decoding=\"async\" class=\"size-medium wp-image-8310\" src=\"https:\/\/www.milosnicylasu.olsztyn.pl\/wp-content\/uploads\/2023\/11\/PB100021-001-www-300x225.jpg\" alt=\"\" width=\"300\" height=\"225\" srcset=\"https:\/\/www.milosnicylasu.olsztyn.pl\/wp-content\/uploads\/2023\/11\/PB100021-001-www-300x225.jpg 300w, https:\/\/www.milosnicylasu.olsztyn.pl\/wp-content\/uploads\/2023\/11\/PB100021-001-www-768x576.jpg 768w, https:\/\/www.milosnicylasu.olsztyn.pl\/wp-content\/uploads\/2023\/11\/PB100021-001-www.jpg 1024w\" sizes=\"auto, (max-width: 300px) 100vw, 300px\" \/><\/a><\/p>\n<p><strong>Wielu naszych cz\u0142onk\u00f3w pracuje spo\u0142ecznie w realizacji zada\u0144 Ko\u0142a.\u00a0 Prezes Ko\u0142a Anatol Leszczy\u0144ski na spotkaniu w Kudypach podzi\u0119kowa\u0142 wszystkim, w tym tak\u017ce a w\u0142a\u015bciwie przede wszystkim osobom i instytucj\u0105 wspieraj\u0105cym Ko\u0142o.\u00a0 Poinformowa\u0142 o przyznanych, na wniosek zarz\u0105du Ko\u0142a , medalach, odznaczeniach<\/strong><\/p>\n<p><strong>Medalem Za Zas\u0142ugi Dla Ligi Obrony Kraju \u2013 Medal Zbiorowy.<\/strong><\/p>\n<ol>\n<li><strong>Nadle\u015bnictwo Szczytno<\/strong><\/li>\n<li><strong>Nadle\u015bnictwo M\u0142ynary<\/strong><\/li>\n<\/ol>\n<p><strong>Z\u0142otym Medalem Za Zas\u0142ugi Dla Ligi Obrony Kraju.<\/strong><\/p>\n<ol>\n<li><strong>Adam Roczniak<\/strong><\/li>\n<li><strong>Wojciech Matuszak<\/strong><\/li>\n<li><strong>Mariusz Orzechowski<\/strong><strong> \u00a0\u00a0\u00a0\u00a0\u00a0\u00a0\u00a0\u00a0\u00a0\u00a0\u00a0\u00a0\u00a0\u00a0\u00a0\u00a0\u00a0\u00a0\u00a0\u00a0\u00a0\u00a0\u00a0\u00a0\u00a0\u00a0\u00a0\u00a0\u00a0\u00a0\u00a0\u00a0\u00a0\u00a0\u00a0\u00a0\u00a0\u00a0\u00a0\u00a0\u00a0\u00a0\u00a0\u00a0\u00a0\u00a0\u00a0\u00a0\u00a0\u00a0\u00a0\u00a0\u00a0\u00a0\u00a0\u00a0\u00a0\u00a0\u00a0\u00a0\u00a0\u00a0\u00a0\u00a0\u00a0\u00a0\u00a0\u00a0\u00a0\u00a0\u00a0\u00a0\u00a0\u00a0\u00a0\u00a0\u00a0\u00a0\u00a0\u00a0\u00a0\u00a0\u00a0\u00a0\u00a0\u00a0\u00a0\u00a0\u00a0\u00a0\u00a0\u00a0\u00a0\u00a0\u00a0\u00a0\u00a0\u00a0\u00a0\u00a0\u00a0\u00a0\u00a0\u00a0\u00a0\u00a0\u00a0\u00a0\u00a0\u00a0\u00a0\u00a0\u00a0\u00a0\u00a0\u00a0\u00a0\u00a0\u00a0\u00a0\u00a0\u00a0\u00a0\u00a0\u00a0\u00a0\u00a0\u00a0\u00a0\u00a0\u00a0<\/strong><\/li>\n<\/ol>\n<p><strong>Statuetk\u0105:<\/strong><\/p>\n<ol>\n<li><strong>Tomasz Kicowski<\/strong><\/li>\n<li><strong>Adam Siemakowicz<\/strong><\/li>\n<\/ol>\n<p><strong>Medalem Pami\u0105tkowym &#8211; 105 Rocznica Odzyskania Niepodleg\u0142o\u015bci.<\/strong><\/p>\n<p><a href=\"https:\/\/www.milosnicylasu.olsztyn.pl\/wp-content\/uploads\/2023\/11\/PB100016-www.jpg\" data-rel=\"lightbox-image-2\" data-magnific_type=\"image\" data-rl_title=\"\" data-rl_caption=\"\" title=\"\"><img loading=\"lazy\" decoding=\"async\" class=\"size-medium wp-image-8302\" src=\"https:\/\/www.milosnicylasu.olsztyn.pl\/wp-content\/uploads\/2023\/11\/PB100016-www-300x225.jpg\" alt=\"\" width=\"300\" height=\"225\" srcset=\"https:\/\/www.milosnicylasu.olsztyn.pl\/wp-content\/uploads\/2023\/11\/PB100016-www-300x225.jpg 300w, https:\/\/www.milosnicylasu.olsztyn.pl\/wp-content\/uploads\/2023\/11\/PB100016-www-768x576.jpg 768w, https:\/\/www.milosnicylasu.olsztyn.pl\/wp-content\/uploads\/2023\/11\/PB100016-www.jpg 1024w\" sizes=\"auto, (max-width: 300px) 100vw, 300px\" \/><\/a><\/p>\n<ol>\n<li><strong>Paulina Rutkowska<\/strong><\/li>\n<li><strong>Janusz Kleszczewski<\/strong><\/li>\n<li><strong>Adam Siemakowicz<\/strong><\/li>\n<li><strong>Arkadiusz Mrozowski<\/strong><\/li>\n<li><strong>Wojciech D\u0105browski<\/strong><\/li>\n<li><strong><strong>Tomasz Drumi\u0144ski<\/strong><\/strong><a href=\"https:\/\/www.milosnicylasu.olsztyn.pl\/wp-content\/uploads\/2023\/11\/PB100018-001-www.jpg\" data-rel=\"lightbox-image-3\" data-magnific_type=\"image\" data-rl_title=\"\" data-rl_caption=\"\" title=\"\"><img loading=\"lazy\" decoding=\"async\" class=\"size-medium wp-image-8305 alignleft\" src=\"https:\/\/www.milosnicylasu.olsztyn.pl\/wp-content\/uploads\/2023\/11\/PB100018-001-www-300x225.jpg\" alt=\"\" width=\"300\" height=\"225\" srcset=\"https:\/\/www.milosnicylasu.olsztyn.pl\/wp-content\/uploads\/2023\/11\/PB100018-001-www-300x225.jpg 300w, https:\/\/www.milosnicylasu.olsztyn.pl\/wp-content\/uploads\/2023\/11\/PB100018-001-www-768x576.jpg 768w, https:\/\/www.milosnicylasu.olsztyn.pl\/wp-content\/uploads\/2023\/11\/PB100018-001-www.jpg 1024w\" sizes=\"auto, (max-width: 300px) 100vw, 300px\" \/><\/a><\/li>\n<\/ol>\n<p>&nbsp;<\/p>\n<p>&nbsp;<\/p>\n<p>&nbsp;<\/p>\n<p>&nbsp;<\/p>\n<p>&nbsp;<\/p>\n<p>&nbsp;<\/p>\n<p><strong>Srebrn\u0105 Odznak\u0105 Zas\u0142u\u017cony Dzia\u0142acz LOK<\/strong><\/p>\n<p><a href=\"https:\/\/www.milosnicylasu.olsztyn.pl\/wp-content\/uploads\/2023\/11\/PB100026-001-www.jpg\" data-rel=\"lightbox-image-4\" data-magnific_type=\"image\" data-rl_title=\"\" data-rl_caption=\"\" title=\"\"><img loading=\"lazy\" decoding=\"async\" class=\"size-medium wp-image-8303\" src=\"https:\/\/www.milosnicylasu.olsztyn.pl\/wp-content\/uploads\/2023\/11\/PB100026-001-www-300x225.jpg\" alt=\"\" width=\"300\" height=\"225\" srcset=\"https:\/\/www.milosnicylasu.olsztyn.pl\/wp-content\/uploads\/2023\/11\/PB100026-001-www-300x225.jpg 300w, https:\/\/www.milosnicylasu.olsztyn.pl\/wp-content\/uploads\/2023\/11\/PB100026-001-www-768x576.jpg 768w, https:\/\/www.milosnicylasu.olsztyn.pl\/wp-content\/uploads\/2023\/11\/PB100026-001-www.jpg 1024w\" sizes=\"auto, (max-width: 300px) 100vw, 300px\" \/><\/a><\/p>\n<ol>\n<li><strong>Ewa Parzyszek<\/strong><\/li>\n<li><strong>Marianna Bonis\u0142awska<\/strong><\/li>\n<li><strong>Maria Igli\u0144ska<\/strong><\/li>\n<li><strong>Zofia Karzel<\/strong><\/li>\n<li><strong>Krystyna Tarankiewicz<\/strong><\/li>\n<li><strong>Dorota Ta\u0144ska<\/strong><\/li>\n<li><strong>Jaros\u0142aw B\u0142yskun<\/strong><\/li>\n<li><strong>Krzysztof Widerski<\/strong><\/li>\n<li><strong>Ryszard Jankowski<\/strong><\/li>\n<li><strong>Igor Siemakowicz<\/strong><\/li>\n<li><strong>Krzysztof Siemakowicz<\/strong><\/li>\n<\/ol>\n<p><strong>\u00a0 \u00a0\u00a0\u00a0<\/strong><strong>Za aktywny udzia\u0142 w konkursie Piosenki Patriotycznej z okazji 105 Rocznicy Odzyskania Niepodleg\u0142o\u015bci, \u00a0Z\u0142ote Medale otrzyma\u0142y \u00a0nast\u0119puj\u0105ce osoby:<\/strong><\/p>\n<p><a href=\"https:\/\/www.milosnicylasu.olsztyn.pl\/wp-content\/uploads\/2023\/11\/PB100034-001-scaled.jpg\" data-rel=\"lightbox-image-5\" data-magnific_type=\"image\" data-rl_title=\"\" data-rl_caption=\"\" title=\"\"><img loading=\"lazy\" decoding=\"async\" class=\"size-medium wp-image-8292\" src=\"https:\/\/www.milosnicylasu.olsztyn.pl\/wp-content\/uploads\/2023\/11\/PB100034-001-300x225.jpg\" alt=\"\" width=\"300\" height=\"225\" srcset=\"https:\/\/www.milosnicylasu.olsztyn.pl\/wp-content\/uploads\/2023\/11\/PB100034-001-300x225.jpg 300w, https:\/\/www.milosnicylasu.olsztyn.pl\/wp-content\/uploads\/2023\/11\/PB100034-001-1024x768.jpg 1024w, https:\/\/www.milosnicylasu.olsztyn.pl\/wp-content\/uploads\/2023\/11\/PB100034-001-768x576.jpg 768w, https:\/\/www.milosnicylasu.olsztyn.pl\/wp-content\/uploads\/2023\/11\/PB100034-001-1536x1152.jpg 1536w, https:\/\/www.milosnicylasu.olsztyn.pl\/wp-content\/uploads\/2023\/11\/PB100034-001-2048x1536.jpg 2048w\" sizes=\"auto, (max-width: 300px) 100vw, 300px\" \/><\/a><\/p>\n<p><strong>\u00a0\u00a0\u00a0 <\/strong><\/p>\n<ol>\n<li><strong><strong>Ryszarda K\u0142\u0119bukowska<\/strong><\/strong><a href=\"https:\/\/www.milosnicylasu.olsztyn.pl\/wp-content\/uploads\/2023\/11\/PB100048-001-www.jpg\" data-rel=\"lightbox-image-6\" data-magnific_type=\"image\" data-rl_title=\"\" data-rl_caption=\"\" title=\"\"><img loading=\"lazy\" decoding=\"async\" class=\"size-medium wp-image-8314\" src=\"https:\/\/www.milosnicylasu.olsztyn.pl\/wp-content\/uploads\/2023\/11\/PB100048-001-www-300x225.jpg\" alt=\"\" width=\"300\" height=\"225\" srcset=\"https:\/\/www.milosnicylasu.olsztyn.pl\/wp-content\/uploads\/2023\/11\/PB100048-001-www-300x225.jpg 300w, https:\/\/www.milosnicylasu.olsztyn.pl\/wp-content\/uploads\/2023\/11\/PB100048-001-www-768x576.jpg 768w, https:\/\/www.milosnicylasu.olsztyn.pl\/wp-content\/uploads\/2023\/11\/PB100048-001-www.jpg 1024w\" sizes=\"auto, (max-width: 300px) 100vw, 300px\" \/><\/a><\/li>\n<li><strong><strong>Micha\u0142 K\u0142\u0119bukowski<\/strong><\/strong><\/li>\n<li><strong>Zofia Karzel<\/strong><\/li>\n<li><strong><strong>Maria Igli\u0144ska<\/strong><\/strong><\/li>\n<li><strong>Teresa Mielczarska<\/strong><\/li>\n<li><strong>Marianna Bonis\u0142awska<\/strong><\/li>\n<li><strong>Stefania Jarczyk<\/strong><\/li>\n<li><strong><strong>Helena Fiedoruk<\/strong><\/strong><a href=\"https:\/\/www.milosnicylasu.olsztyn.pl\/wp-content\/uploads\/2023\/11\/PB100038-www.jpg\" data-rel=\"lightbox-image-7\" data-magnific_type=\"image\" data-rl_title=\"\" data-rl_caption=\"\" title=\"\"><img loading=\"lazy\" decoding=\"async\" class=\"size-medium wp-image-8293\" src=\"https:\/\/www.milosnicylasu.olsztyn.pl\/wp-content\/uploads\/2023\/11\/PB100038-www-300x225.jpg\" alt=\"\" width=\"300\" height=\"225\" srcset=\"https:\/\/www.milosnicylasu.olsztyn.pl\/wp-content\/uploads\/2023\/11\/PB100038-www-300x225.jpg 300w, https:\/\/www.milosnicylasu.olsztyn.pl\/wp-content\/uploads\/2023\/11\/PB100038-www-768x576.jpg 768w, https:\/\/www.milosnicylasu.olsztyn.pl\/wp-content\/uploads\/2023\/11\/PB100038-www.jpg 1024w\" sizes=\"auto, (max-width: 300px) 100vw, 300px\" \/><\/a><\/li>\n<li><strong><strong><strong>Danuta Bobrzecka<\/strong><\/strong><\/strong><\/li>\n<li><strong>Zofia Bautz<\/strong><\/li>\n<li><strong><strong>Wies\u0142awa Filipek<\/strong><\/strong><a href=\"https:\/\/www.milosnicylasu.olsztyn.pl\/wp-content\/uploads\/2023\/11\/PB100036-001-www.jpg\" data-rel=\"lightbox-image-8\" data-magnific_type=\"image\" data-rl_title=\"\" data-rl_caption=\"\" title=\"\"><img loading=\"lazy\" decoding=\"async\" class=\"size-medium wp-image-8294\" src=\"https:\/\/www.milosnicylasu.olsztyn.pl\/wp-content\/uploads\/2023\/11\/PB100036-001-www-300x225.jpg\" alt=\"\" width=\"300\" height=\"225\" srcset=\"https:\/\/www.milosnicylasu.olsztyn.pl\/wp-content\/uploads\/2023\/11\/PB100036-001-www-300x225.jpg 300w, https:\/\/www.milosnicylasu.olsztyn.pl\/wp-content\/uploads\/2023\/11\/PB100036-001-www-768x576.jpg 768w, https:\/\/www.milosnicylasu.olsztyn.pl\/wp-content\/uploads\/2023\/11\/PB100036-001-www.jpg 1024w\" sizes=\"auto, (max-width: 300px) 100vw, 300px\" \/><\/a><\/li>\n<li><strong>Antoni Jarczyk<\/strong><\/li>\n<li><strong><strong><strong>Henryk B\u0142aszczak<\/strong><\/strong><\/strong><\/li>\n<\/ol>\n<p><strong>A p\u00f3\u017aniej by\u0142a pyszna biesiada-<\/strong><strong> grylowane kie\u0142baski, ciasto, kawa, herbata.<\/strong><\/p>\n<p><strong>Na koniec spotkania prezes Ko\u0142a Anatol Leszczy\u0144ski, w imieniu Zarz\u0105du Ko\u0142a Mi\u0142o\u015bnik\u00f3w Lasu i Militari\u00f3w LOK przy ATW w Olsztynie, podzi\u0119kowa\u0142 wszystkim za udzia\u0142\u00a0 w patriotycznym \u015awi\u0119cie<\/strong><\/p>\n<p><strong>`\u00a0\u00a0\u00a0\u00a0\u00a0\u00a0\u00a0\u00a0\u00a0\u00a0\u00a0\u00a0\u00a0 Dzi\u0119kujemy Nadle\u015bniczemu Panu Mariuszowi \u00a0Orzechowskiemu za zaproszenie, Z-cy Nadle\u015bniczego\u00a0 Panu Adamowi Owsiejko, Paniom \u00a0Paulinie Rutkowskiej , Annie Stankiewicz, Joannie Glewak, Panu \u0141ukaszowi Augu\u015bcikowi, kt\u00f3rzy wnie\u015bli du\u017cy wk\u0142ad pracy w przygotowanie tego wielkiego \u015awi\u0119ta.<\/strong><\/p>\n<p><strong>Dzi\u0119kujemy!<\/strong><\/p>\n<p><strong>\u00a0<\/strong><\/p>\n","protected":false},"excerpt":{"rendered":"<p>Narodowe \u00a0\u015awi\u0119to Niepodleg\u0142o\u015bci to dla Polak\u00f3w jedno z najwa\u017cniejszych \u015bwi\u0105t pa\u0144stwowych. \u00a0Dzi\u0119ki go\u015bcinno\u015bci Nadle\u015bniczego Nadle\u015bnictwa Kudypy Pana Mariusza Orzechowskiego, cz\u0142onkowie Ko\u0142a Mi\u0142o\u015bnik\u00f3w Lasu i Militari\u00f3w LOK przy ATW w Olsztynie mogli to \u015awi\u0119to obchodzi\u0107 w pi\u0119knej jesiennej, s\u0142onecznej scenerii w Arboretum. \u00a0 \u00a0Po 123 latach zabor\u00f3w \u2013 niewoli naznaczonej walk\u0105, cierpieniem i wysi\u0142kiem wielu pokole\u0144 [&hellip;]<\/p>\n","protected":false},"author":2,"featured_media":0,"comment_status":"open","ping_status":"open","sticky":false,"template":"","format":"standard","meta":{"footnotes":""},"categories":[1,9,17,15,6,11],"tags":[],"class_list":["post-8290","post","type-post","status-publish","format-standard","hentry","category-bez-kategorii","category-ciekawostki","category-edukacja-w-terenie","category-komkurs","category-odznaczenia","category-spotkania-artystyczne"],"_links":{"self":[{"href":"https:\/\/www.milosnicylasu.olsztyn.pl\/index.php?rest_route=\/wp\/v2\/posts\/8290","targetHints":{"allow":["GET"]}}],"collection":[{"href":"https:\/\/www.milosnicylasu.olsztyn.pl\/index.php?rest_route=\/wp\/v2\/posts"}],"about":[{"href":"https:\/\/www.milosnicylasu.olsztyn.pl\/index.php?rest_route=\/wp\/v2\/types\/post"}],"author":[{"embeddable":true,"href":"https:\/\/www.milosnicylasu.olsztyn.pl\/index.php?rest_route=\/wp\/v2\/users\/2"}],"replies":[{"embeddable":true,"href":"https:\/\/www.milosnicylasu.olsztyn.pl\/index.php?rest_route=%2Fwp%2Fv2%2Fcomments&post=8290"}],"version-history":[{"count":12,"href":"https:\/\/www.milosnicylasu.olsztyn.pl\/index.php?rest_route=\/wp\/v2\/posts\/8290\/revisions"}],"predecessor-version":[{"id":8315,"href":"https:\/\/www.milosnicylasu.olsztyn.pl\/index.php?rest_route=\/wp\/v2\/posts\/8290\/revisions\/8315"}],"wp:attachment":[{"href":"https:\/\/www.milosnicylasu.olsztyn.pl\/index.php?rest_route=%2Fwp%2Fv2%2Fmedia&parent=8290"}],"wp:term":[{"taxonomy":"category","embeddable":true,"href":"https:\/\/www.milosnicylasu.olsztyn.pl\/index.php?rest_route=%2Fwp%2Fv2%2Fcategories&post=8290"},{"taxonomy":"post_tag","embeddable":true,"href":"https:\/\/www.milosnicylasu.olsztyn.pl\/index.php?rest_route=%2Fwp%2Fv2%2Ftags&post=8290"}],"curies":[{"name":"wp","href":"https:\/\/api.w.org\/{rel}","templated":true}]}}