{"id":8322,"date":"2023-11-17T07:29:41","date_gmt":"2023-11-17T06:29:41","guid":{"rendered":"https:\/\/www.milosnicylasu.olsztyn.pl\/?p=8322"},"modified":"2023-11-17T07:29:41","modified_gmt":"2023-11-17T06:29:41","slug":"zaproszenie-na-koncert","status":"publish","type":"post","link":"https:\/\/www.milosnicylasu.olsztyn.pl\/?p=8322","title":{"rendered":"Zaproszenie na koncert"},"content":{"rendered":"<p><a href=\"https:\/\/www.milosnicylasu.olsztyn.pl\/wp-content\/uploads\/2022\/11\/DSCN9922-www.jpg\" data-rel=\"lightbox-image-0\" data-magnific_type=\"image\" data-rl_title=\"\" data-rl_caption=\"\" title=\"\"><img loading=\"lazy\" decoding=\"async\" class=\"size-medium wp-image-7480 alignleft\" src=\"https:\/\/www.milosnicylasu.olsztyn.pl\/wp-content\/uploads\/2022\/11\/DSCN9922-www-300x225.jpg\" alt=\"\" width=\"300\" height=\"225\" srcset=\"https:\/\/www.milosnicylasu.olsztyn.pl\/wp-content\/uploads\/2022\/11\/DSCN9922-www-300x225.jpg 300w, https:\/\/www.milosnicylasu.olsztyn.pl\/wp-content\/uploads\/2022\/11\/DSCN9922-www-768x576.jpg 768w, https:\/\/www.milosnicylasu.olsztyn.pl\/wp-content\/uploads\/2022\/11\/DSCN9922-www.jpg 1024w\" sizes=\"auto, (max-width: 300px) 100vw, 300px\" \/><\/a>Podczas listopadowego zebrania Ko\u0142a Mi\u0142o\u015bnik\u00f3w Lasu i Militari\u00f3w LOK przy ATW w Olsztynie, nasza Kole\u017canka Rysia K\u0142\u0119bukowska zaprosi\u0142a nas na ciekawy koncert :<\/p>\n<p><b>\u201e\u015apiewaj razem z nami\u201d. Z<\/b>namy wysoki poziom ch\u00f3ru Akademii,\u00a0 warto pos\u0142ucha\u0107 tego wyst\u0119pu, ale warto te\u017c zobaczy\u0107 i pos\u0142ucha\u0107 innych olszty\u0144skich zespo\u0142\u00f3w. A wi\u0119c do zobaczenia!<\/p>\n<p><b>28.11.2023 r. <\/b>(wtorek) godz.\u00a0 11.00 Sal Kameralna, Kamienica Naujacka<\/p>\n<p><b>KONCERT \u201e\u015apiewaj razem z nami\u201d<\/b><\/p>\n<p><b>\u00a0 Ch\u00f3r \u201eDE NOVO\u201d\u00a0 &#8211; Akademia Trzeciego Wieku przy MOK<\/b><\/p>\n<p><b>\u00a0Zesp\u00f3\u0142 Wokalny \u2013 \u015arodowiskowy Dom Samopomocy \u201eARIADNA\u201d<\/b><\/p>\n<p><b>Orkiestra Perkusyjna &#8211; \u015arodowiskowy Dom Samopomocy \u201ePOMOST\u201d\u00a0<\/b><\/p>\n<p>Koncert realizowany w ramach projektu \u201eJak dobrze mie\u0107 s\u0105siada\u201d.<\/p>\n","protected":false},"excerpt":{"rendered":"<p>Podczas listopadowego zebrania Ko\u0142a Mi\u0142o\u015bnik\u00f3w Lasu i Militari\u00f3w LOK przy ATW w Olsztynie, nasza Kole\u017canka Rysia K\u0142\u0119bukowska zaprosi\u0142a nas na ciekawy koncert : \u201e\u015apiewaj razem z nami\u201d. Znamy wysoki poziom ch\u00f3ru Akademii,\u00a0 warto pos\u0142ucha\u0107 tego wyst\u0119pu, ale warto te\u017c zobaczy\u0107 i pos\u0142ucha\u0107 innych olszty\u0144skich zespo\u0142\u00f3w. A wi\u0119c do zobaczenia! 28.11.2023 r. (wtorek) godz.\u00a0 11.00 Sal [&hellip;]<\/p>\n","protected":false},"author":2,"featured_media":0,"comment_status":"open","ping_status":"open","sticky":false,"template":"","format":"standard","meta":{"footnotes":""},"categories":[1,9,11],"tags":[],"class_list":["post-8322","post","type-post","status-publish","format-standard","hentry","category-bez-kategorii","category-ciekawostki","category-spotkania-artystyczne"],"_links":{"self":[{"href":"https:\/\/www.milosnicylasu.olsztyn.pl\/index.php?rest_route=\/wp\/v2\/posts\/8322","targetHints":{"allow":["GET"]}}],"collection":[{"href":"https:\/\/www.milosnicylasu.olsztyn.pl\/index.php?rest_route=\/wp\/v2\/posts"}],"about":[{"href":"https:\/\/www.milosnicylasu.olsztyn.pl\/index.php?rest_route=\/wp\/v2\/types\/post"}],"author":[{"embeddable":true,"href":"https:\/\/www.milosnicylasu.olsztyn.pl\/index.php?rest_route=\/wp\/v2\/users\/2"}],"replies":[{"embeddable":true,"href":"https:\/\/www.milosnicylasu.olsztyn.pl\/index.php?rest_route=%2Fwp%2Fv2%2Fcomments&post=8322"}],"version-history":[{"count":1,"href":"https:\/\/www.milosnicylasu.olsztyn.pl\/index.php?rest_route=\/wp\/v2\/posts\/8322\/revisions"}],"predecessor-version":[{"id":8323,"href":"https:\/\/www.milosnicylasu.olsztyn.pl\/index.php?rest_route=\/wp\/v2\/posts\/8322\/revisions\/8323"}],"wp:attachment":[{"href":"https:\/\/www.milosnicylasu.olsztyn.pl\/index.php?rest_route=%2Fwp%2Fv2%2Fmedia&parent=8322"}],"wp:term":[{"taxonomy":"category","embeddable":true,"href":"https:\/\/www.milosnicylasu.olsztyn.pl\/index.php?rest_route=%2Fwp%2Fv2%2Fcategories&post=8322"},{"taxonomy":"post_tag","embeddable":true,"href":"https:\/\/www.milosnicylasu.olsztyn.pl\/index.php?rest_route=%2Fwp%2Fv2%2Ftags&post=8322"}],"curies":[{"name":"wp","href":"https:\/\/api.w.org\/{rel}","templated":true}]}}