{"id":8326,"date":"2023-11-21T06:19:43","date_gmt":"2023-11-21T05:19:43","guid":{"rendered":"https:\/\/www.milosnicylasu.olsztyn.pl\/?p=8326"},"modified":"2023-11-21T06:36:29","modified_gmt":"2023-11-21T05:36:29","slug":"zubry","status":"publish","type":"post","link":"https:\/\/www.milosnicylasu.olsztyn.pl\/?p=8326","title":{"rendered":"\u017bubry w listopadzie"},"content":{"rendered":"<table class=\"table table-hover\">\n<tbody>\n<tr>\n<td>.<\/p>\n<p><strong>Przetrwanie ca\u0142ego gatunku zawdzi\u0119czamy dos\u0142ownie kilku osobnikom i du\u017cej dozie szcz\u0119\u015bcia.<\/strong><\/p>\n<p><strong>Losy \u017cubra s\u0105 przyk\u0142adem jak mo\u017cna w bardzo kr\u00f3tkim czasie doprowadzi\u0107 gatunek do kraw\u0119dzi zag\u0142ady i jak wiele trudu trzeba w\u0142o\u017cy\u0107 w jego ratowanie. Uratowanie \u017cubra by\u0142o niew\u0105tpliwym sukcesem, lecz dalsze dzia\u0142ania na rzecz ochrony tego reliktowego gatunku s\u0105 nadal niezb\u0119dne.<\/strong><\/td>\n<\/tr>\n<\/tbody>\n<\/table>\n<p><a href=\"https:\/\/www.milosnicylasu.olsztyn.pl\/wp-content\/uploads\/2023\/11\/PB120074-www.jpg\" data-rel=\"lightbox-image-0\" data-magnific_type=\"image\" data-rl_title=\"\" data-rl_caption=\"\" title=\"\"><img loading=\"lazy\" decoding=\"async\" class=\"size-medium wp-image-8327 alignleft\" src=\"https:\/\/www.milosnicylasu.olsztyn.pl\/wp-content\/uploads\/2023\/11\/PB120074-www-300x225.jpg\" alt=\"\" width=\"300\" height=\"225\" srcset=\"https:\/\/www.milosnicylasu.olsztyn.pl\/wp-content\/uploads\/2023\/11\/PB120074-www-300x225.jpg 300w, https:\/\/www.milosnicylasu.olsztyn.pl\/wp-content\/uploads\/2023\/11\/PB120074-www-768x576.jpg 768w, https:\/\/www.milosnicylasu.olsztyn.pl\/wp-content\/uploads\/2023\/11\/PB120074-www.jpg 1024w\" sizes=\"auto, (max-width: 300px) 100vw, 300px\" \/><\/a><\/p>\n<p><strong>Na pocz\u0105tku naszego tysi\u0105clecia \u017cubry nizinne wyst\u0119powa\u0142y powszechnie w rozleg\u0142ych lasach pokrywaj\u0105cych \u00f3wczesn\u0105 Europ\u0119 i stanowi\u0142y wysoko ceniony \u0142up my\u015bliwski. W wiekach \u015brednich, w niekt\u00f3rych krajach europejskich, mi\u0119dzy innymi w Polsce i Niemczech, polowanie na \u017cubry by\u0142o kr\u00f3lewskim przywilejem. W Polsce o ochronie \u017cubra m\u00f3wi si\u0119 po raz pierwszy w Statutach Litewskich (XVI w.), a Zygmunt August og\u0142osi\u0142 dekret gro\u017c\u0105cy kar\u0105 \u015bmierci tym, kt\u00f3rzy odwa\u017cyliby si\u0119 ubi\u0107 \u017cubra bez zezwolenia kr\u00f3lewskiego. Mimo tego liczebno\u015b\u0107 \u017cubr\u00f3w mala\u0142a i zaw\u0119\u017ca\u0142 si\u0119 ich obszar bytowania. Przyczyny tego nale\u017cy upatrywa\u0107 w kurczeniu si\u0119 obszaru las\u00f3w mieszanych i li\u015bciastych &#8211; ostoi \u017cubr\u00f3w.<\/strong><\/p>\n<p><strong>Dzi\u015b \u017cubry \u017cyj\u0105 na \u015bwiecie w hodowlach zamkni\u0119tych (np. ogrody zoologiczne), p\u00f3\u0142wolnych (na du\u017cym ogrodzonym terenie) oraz w wolno \u017cyj\u0105cych populacjach. <\/strong><strong>W 2021 roku \u015bwiatowa populacja \u017cubr\u00f3w liczy\u0142a 9554 osobniki, w tym 7266 (76%) \u017cy\u0142o w wolnych populacjach, 487 (5%) w p\u00f3\u0142wolnych, a 1801 (19%) w hodowli zamkni\u0119tej.<\/strong><\/p>\n<p><strong><a href=\"https:\/\/www.milosnicylasu.olsztyn.pl\/wp-content\/uploads\/2023\/11\/PB120076-www.jpg\" data-rel=\"lightbox-image-1\" data-magnific_type=\"image\" data-rl_title=\"\" data-rl_caption=\"\" title=\"\"><img loading=\"lazy\" decoding=\"async\" class=\"size-medium wp-image-8329 alignleft\" src=\"https:\/\/www.milosnicylasu.olsztyn.pl\/wp-content\/uploads\/2023\/11\/PB120076-www-300x225.jpg\" alt=\"\" width=\"300\" height=\"225\" srcset=\"https:\/\/www.milosnicylasu.olsztyn.pl\/wp-content\/uploads\/2023\/11\/PB120076-www-300x225.jpg 300w, https:\/\/www.milosnicylasu.olsztyn.pl\/wp-content\/uploads\/2023\/11\/PB120076-www-768x576.jpg 768w, https:\/\/www.milosnicylasu.olsztyn.pl\/wp-content\/uploads\/2023\/11\/PB120076-www.jpg 1024w\" sizes=\"auto, (max-width: 300px) 100vw, 300px\" \/><\/a><\/strong><\/p>\n<p><strong>W Polsce \u017cyje \u00bc \u015bwiatowej populacji \u017cubr\u00f3w. Na koniec 2021 roku by\u0142o to 2429 \u017cubr\u00f3w, w tym 206 w hodowli zamkni\u0119tej i 2223 w wolnych populacjach. W Polsce funkcjonuje 8 wolnych populacji (Puszcza Bia\u0142owieska, Puszcza Knyszy\u0144ska, Puszcza Borecka, Bieszczady, Stada w Zachodniej Polsce, Lasy Janowskie, Puszcza Augustowska i Puszcza Romincka.<\/strong><\/p>\n<p><strong>Zdj\u0119cia \u017cubr\u00f3w wykona\u0142\u00a0 z samochodu Tolek Leszczy\u0144ski podczas kr\u00f3tkiego wypadu na Podlasie. Na wszelki wypadek nie wy\u0142\u0105cza\u0142 silnika &#8211; no c\u00f3\u017c jaki du\u017cy jest \u017cubr, ka\u017cdy widzi i to jeszcze w takiej ilo\u015bci&#8230;&#8230;..<\/strong><\/p>\n<p>&nbsp;<\/p>\n","protected":false},"excerpt":{"rendered":"<p>. Przetrwanie ca\u0142ego gatunku zawdzi\u0119czamy dos\u0142ownie kilku osobnikom i du\u017cej dozie szcz\u0119\u015bcia. Losy \u017cubra s\u0105 przyk\u0142adem jak mo\u017cna w bardzo kr\u00f3tkim czasie doprowadzi\u0107 gatunek do kraw\u0119dzi zag\u0142ady i jak wiele trudu trzeba w\u0142o\u017cy\u0107 w jego ratowanie. Uratowanie \u017cubra by\u0142o niew\u0105tpliwym sukcesem, lecz dalsze dzia\u0142ania na rzecz ochrony tego reliktowego gatunku s\u0105 nadal niezb\u0119dne. Na pocz\u0105tku [&hellip;]<\/p>\n","protected":false},"author":2,"featured_media":0,"comment_status":"open","ping_status":"open","sticky":false,"template":"","format":"standard","meta":{"footnotes":""},"categories":[1,9,17],"tags":[],"class_list":["post-8326","post","type-post","status-publish","format-standard","hentry","category-bez-kategorii","category-ciekawostki","category-edukacja-w-terenie"],"_links":{"self":[{"href":"https:\/\/www.milosnicylasu.olsztyn.pl\/index.php?rest_route=\/wp\/v2\/posts\/8326","targetHints":{"allow":["GET"]}}],"collection":[{"href":"https:\/\/www.milosnicylasu.olsztyn.pl\/index.php?rest_route=\/wp\/v2\/posts"}],"about":[{"href":"https:\/\/www.milosnicylasu.olsztyn.pl\/index.php?rest_route=\/wp\/v2\/types\/post"}],"author":[{"embeddable":true,"href":"https:\/\/www.milosnicylasu.olsztyn.pl\/index.php?rest_route=\/wp\/v2\/users\/2"}],"replies":[{"embeddable":true,"href":"https:\/\/www.milosnicylasu.olsztyn.pl\/index.php?rest_route=%2Fwp%2Fv2%2Fcomments&post=8326"}],"version-history":[{"count":4,"href":"https:\/\/www.milosnicylasu.olsztyn.pl\/index.php?rest_route=\/wp\/v2\/posts\/8326\/revisions"}],"predecessor-version":[{"id":8333,"href":"https:\/\/www.milosnicylasu.olsztyn.pl\/index.php?rest_route=\/wp\/v2\/posts\/8326\/revisions\/8333"}],"wp:attachment":[{"href":"https:\/\/www.milosnicylasu.olsztyn.pl\/index.php?rest_route=%2Fwp%2Fv2%2Fmedia&parent=8326"}],"wp:term":[{"taxonomy":"category","embeddable":true,"href":"https:\/\/www.milosnicylasu.olsztyn.pl\/index.php?rest_route=%2Fwp%2Fv2%2Fcategories&post=8326"},{"taxonomy":"post_tag","embeddable":true,"href":"https:\/\/www.milosnicylasu.olsztyn.pl\/index.php?rest_route=%2Fwp%2Fv2%2Ftags&post=8326"}],"curies":[{"name":"wp","href":"https:\/\/api.w.org\/{rel}","templated":true}]}}