{"id":8338,"date":"2023-11-21T08:12:08","date_gmt":"2023-11-21T07:12:08","guid":{"rendered":"https:\/\/www.milosnicylasu.olsztyn.pl\/?p=8338"},"modified":"2023-11-21T08:14:41","modified_gmt":"2023-11-21T07:14:41","slug":"wedruj-z-nami-2","status":"publish","type":"post","link":"https:\/\/www.milosnicylasu.olsztyn.pl\/?p=8338","title":{"rendered":"W\u0119druj z nami"},"content":{"rendered":"<p><strong><a href=\"https:\/\/www.milosnicylasu.olsztyn.pl\/wp-content\/uploads\/2023\/11\/20231118_125832-www.jpg\" data-rel=\"lightbox-image-0\" data-magnific_type=\"image\" data-rl_title=\"\" data-rl_caption=\"\" title=\"\"><img loading=\"lazy\" decoding=\"async\" class=\"size-medium wp-image-8339 alignleft\" src=\"https:\/\/www.milosnicylasu.olsztyn.pl\/wp-content\/uploads\/2023\/11\/20231118_125832-www-300x225.jpg\" alt=\"\" width=\"300\" height=\"225\" srcset=\"https:\/\/www.milosnicylasu.olsztyn.pl\/wp-content\/uploads\/2023\/11\/20231118_125832-www-300x225.jpg 300w, https:\/\/www.milosnicylasu.olsztyn.pl\/wp-content\/uploads\/2023\/11\/20231118_125832-www-768x576.jpg 768w, https:\/\/www.milosnicylasu.olsztyn.pl\/wp-content\/uploads\/2023\/11\/20231118_125832-www.jpg 1024w\" sizes=\"auto, (max-width: 300px) 100vw, 300px\" \/><\/a> W ka\u017cd\u0105 sobot\u0119, cz\u0142onkowie Ko\u0142a Mi\u0142o\u015bnik\u00f3w Lasu i Militari\u00f3w LOK przy ATW w Olsztynie\u00a0 spotykaj\u0105 si\u0119 o godzinie 10.00, na p\u0119tli \/ko\u0144cowy przystanek\/w Kortowie i w\u0119druj\u0105 po olszty\u0144skich lasach. Zapraszamy cz\u0142onk\u00f3w Ko\u0142a ale te\u017c sympatyk\u00f3w do w\u0119drowania z nami. Zapewniamy \u015bwie\u017ce powietrze i przyjazne towarzystwo. A my\u015bl\u0119, \u017ce najlepiej zach\u0119c\u0105 s\u0142owa piosenki:<br \/>\n<\/strong><\/p>\n<p>&nbsp;<\/p>\n<p>&nbsp;<\/p>\n<p><strong>\u00a0\u00a0\u00a0\u00a0\u00a0\u00a0 W\u0119druj z nami lasami, polami<\/strong><\/p>\n<p><strong>\u00a0\u00a0\u00a0\u00a0\u00a0\u00a0\u00a0 I maszeruj bez ko\u0144ca, bez celu<\/strong><\/p>\n<p><strong>\u00a0\u00a0\u00a0\u00a0\u00a0\u00a0\u00a0 A gdy spotkasz przygod\u0119<\/strong><\/p>\n<p><strong>\u00a0\u00a0\u00a0\u00a0\u00a0\u00a0\u00a0 Wtedy szybko si\u0119 dowiesz<\/strong><\/p>\n<p><strong>\u00a0\u00a0\u00a0\u00a0\u00a0\u00a0\u00a0 \u017be tak warto na luzie czasem \u017cy\u0107<\/strong><\/p>\n<p><strong>\u00a0<\/strong><\/p>\n<p><strong>W lesie ci zagraj\u0105 drzewa<\/strong><\/p>\n<p><strong>W polu ci za\u015bpiewa ptak<\/strong><\/p>\n<p><strong>Deszcz opowie ci legend\u0119<\/strong><\/p>\n<p><strong>Do snu uko\u0142ysze wiatr<\/strong><\/p>\n<p><strong>P\u0142omie\u0144 s\u0142o\u0144ca ci\u0119 ogrzeje<\/strong><\/p>\n<p><strong>A piosenka rado\u015b\u0107 da<\/strong><\/p>\n<p><strong>Ty i twoi przyjaciele<\/strong><\/p>\n<p><strong>Ka\u017cdy ci\u0119 ju\u017c tutaj zna<\/strong><\/p>\n<p><strong>\u00a0<\/strong><\/p>\n<p><strong>Kiedy m\u0142ode lata min\u0105<\/strong><\/p>\n<p><strong>Kiedy si\u0142 ju\u017c b\u0119dzie brak<\/strong><\/p>\n<p><strong>Kiedy nogi ju\u017c zm\u0119czone<\/strong><\/p>\n<p><strong>Nie powiod\u0105 ci\u0119 na szlak<\/strong><\/p>\n<p><strong>Siedz\u0105c w cieple przy kominku<\/strong><\/p>\n<p><strong>Zapatrzony w ognia blask<\/strong><\/p>\n<p><strong>B\u0119dziesz w ciszy snu\u0142 wspomnienia<\/strong><\/p>\n<p><strong>Tamtych ogni s\u0142ysza\u0142 trzask<\/strong><\/p>\n<p><em>Zdj\u0119cie przys\u0142a\u0142a Maria Igli\u0144ska -dzi\u0119kujemy<\/em><\/p>\n<p><em><strong>\u00a0<\/strong><\/em><\/p>\n<p><strong>\u00a0<\/strong><\/p>\n","protected":false},"excerpt":{"rendered":"<p>W ka\u017cd\u0105 sobot\u0119, cz\u0142onkowie Ko\u0142a Mi\u0142o\u015bnik\u00f3w Lasu i Militari\u00f3w LOK przy ATW w Olsztynie\u00a0 spotykaj\u0105 si\u0119 o godzinie 10.00, na p\u0119tli \/ko\u0144cowy przystanek\/w Kortowie i w\u0119druj\u0105 po olszty\u0144skich lasach. Zapraszamy cz\u0142onk\u00f3w Ko\u0142a ale te\u017c sympatyk\u00f3w do w\u0119drowania z nami. Zapewniamy \u015bwie\u017ce powietrze i przyjazne towarzystwo. A my\u015bl\u0119, \u017ce najlepiej zach\u0119c\u0105 s\u0142owa piosenki: &nbsp; &nbsp; \u00a0\u00a0\u00a0\u00a0\u00a0\u00a0 [&hellip;]<\/p>\n","protected":false},"author":2,"featured_media":0,"comment_status":"open","ping_status":"open","sticky":false,"template":"","format":"standard","meta":{"footnotes":""},"categories":[1,9,17,7],"tags":[],"class_list":["post-8338","post","type-post","status-publish","format-standard","hentry","category-bez-kategorii","category-ciekawostki","category-edukacja-w-terenie","category-wiersze"],"_links":{"self":[{"href":"https:\/\/www.milosnicylasu.olsztyn.pl\/index.php?rest_route=\/wp\/v2\/posts\/8338","targetHints":{"allow":["GET"]}}],"collection":[{"href":"https:\/\/www.milosnicylasu.olsztyn.pl\/index.php?rest_route=\/wp\/v2\/posts"}],"about":[{"href":"https:\/\/www.milosnicylasu.olsztyn.pl\/index.php?rest_route=\/wp\/v2\/types\/post"}],"author":[{"embeddable":true,"href":"https:\/\/www.milosnicylasu.olsztyn.pl\/index.php?rest_route=\/wp\/v2\/users\/2"}],"replies":[{"embeddable":true,"href":"https:\/\/www.milosnicylasu.olsztyn.pl\/index.php?rest_route=%2Fwp%2Fv2%2Fcomments&post=8338"}],"version-history":[{"count":3,"href":"https:\/\/www.milosnicylasu.olsztyn.pl\/index.php?rest_route=\/wp\/v2\/posts\/8338\/revisions"}],"predecessor-version":[{"id":8342,"href":"https:\/\/www.milosnicylasu.olsztyn.pl\/index.php?rest_route=\/wp\/v2\/posts\/8338\/revisions\/8342"}],"wp:attachment":[{"href":"https:\/\/www.milosnicylasu.olsztyn.pl\/index.php?rest_route=%2Fwp%2Fv2%2Fmedia&parent=8338"}],"wp:term":[{"taxonomy":"category","embeddable":true,"href":"https:\/\/www.milosnicylasu.olsztyn.pl\/index.php?rest_route=%2Fwp%2Fv2%2Fcategories&post=8338"},{"taxonomy":"post_tag","embeddable":true,"href":"https:\/\/www.milosnicylasu.olsztyn.pl\/index.php?rest_route=%2Fwp%2Fv2%2Ftags&post=8338"}],"curies":[{"name":"wp","href":"https:\/\/api.w.org\/{rel}","templated":true}]}}