{"id":8346,"date":"2023-11-27T09:21:28","date_gmt":"2023-11-27T08:21:28","guid":{"rendered":"https:\/\/www.milosnicylasu.olsztyn.pl\/?p=8346"},"modified":"2023-11-27T09:21:28","modified_gmt":"2023-11-27T08:21:28","slug":"andrzejki-w-wojtkowym-lesie-25-listopada2023","status":"publish","type":"post","link":"https:\/\/www.milosnicylasu.olsztyn.pl\/?p=8346","title":{"rendered":"Andrzejki w 'Wojtkowym lesie&#8221; &#8211; 25 listopada2023"},"content":{"rendered":"<p><strong><a href=\"https:\/\/www.milosnicylasu.olsztyn.pl\/wp-content\/uploads\/2023\/11\/DSCN6970-www.jpg\" data-rel=\"lightbox-image-0\" data-magnific_type=\"image\" data-rl_title=\"\" data-rl_caption=\"\" title=\"\"><img loading=\"lazy\" decoding=\"async\" class=\"size-medium wp-image-8348 alignleft\" src=\"https:\/\/www.milosnicylasu.olsztyn.pl\/wp-content\/uploads\/2023\/11\/DSCN6970-www-300x225.jpg\" alt=\"\" width=\"300\" height=\"225\" srcset=\"https:\/\/www.milosnicylasu.olsztyn.pl\/wp-content\/uploads\/2023\/11\/DSCN6970-www-300x225.jpg 300w, https:\/\/www.milosnicylasu.olsztyn.pl\/wp-content\/uploads\/2023\/11\/DSCN6970-www-768x576.jpg 768w, https:\/\/www.milosnicylasu.olsztyn.pl\/wp-content\/uploads\/2023\/11\/DSCN6970-www.jpg 1024w\" sizes=\"auto, (max-width: 300px) 100vw, 300px\" \/><\/a>Sk\u0105d si\u0119 wzi\u0119\u0142y andrzejki?<\/strong><\/p>\n<p><strong>Uwa\u017ca si\u0119, \u017ce historia andrzejek si\u0119ga nawet staro\u017cytno\u015bci, a dok\u0142adniej staro\u017cytnej Grecji. Polskie pi\u015bmiennictwo wspomina o nich po raz pierwszy pod koniec XVI wieku w moralitecie Marcina Bielskiego. Wcze\u015bniej \u015bwi\u0119to to by\u0142o znane jako j\u0119drzej\u00f3wki lub j\u0119drzejki. Kiedy andrzejki wtedy mia\u0142y miejsce? Odprawiano je w wigili\u0119 dnia \u015bwi\u0119tego Andrzeja Aposto\u0142a, czyli w nocy z 29 na 30 listopada. Dlaczego? Wedle wierze\u0144 poga\u0144skich w okresie przed adwentem na ziemi pojawiaj\u0105 si\u0119 dusze zmar\u0142ych oraz zjawy. Ich obecno\u015b\u0107 z kolei mia\u0142a wzmacnia\u0107 si\u0142\u0119 wr\u00f3\u017cb, kt\u00f3re by\u0142y uwa\u017cane za wiarygodne i maj\u0105ce niebagatelne znaczenie.<\/strong><\/p>\n<p><strong>Z wielu wr\u00f3\u017cb, kt\u00f3re mo\u017cna przeprowadzi\u0107 w czasie zabawy andrzejkowej my wybrali\u015bmy wylewanie wosku na zimn\u0105 wod\u0119 przez ucho od klucza i wr\u00f3\u017cenie z kszta\u0142tu zastyg\u0142ej masy \u2013sprawdzenie jaka przysz\u0142o\u015b\u0107 nas czeka.<a href=\"https:\/\/www.milosnicylasu.olsztyn.pl\/wp-content\/uploads\/2023\/11\/DSCN6975-www.jpg\" data-rel=\"lightbox-image-1\" data-magnific_type=\"image\" data-rl_title=\"\" data-rl_caption=\"\" title=\"\"><img loading=\"lazy\" decoding=\"async\" class=\"size-medium wp-image-8349 alignright\" src=\"https:\/\/www.milosnicylasu.olsztyn.pl\/wp-content\/uploads\/2023\/11\/DSCN6975-www-300x225.jpg\" alt=\"\" width=\"300\" height=\"225\" srcset=\"https:\/\/www.milosnicylasu.olsztyn.pl\/wp-content\/uploads\/2023\/11\/DSCN6975-www-300x225.jpg 300w, https:\/\/www.milosnicylasu.olsztyn.pl\/wp-content\/uploads\/2023\/11\/DSCN6975-www-768x576.jpg 768w, https:\/\/www.milosnicylasu.olsztyn.pl\/wp-content\/uploads\/2023\/11\/DSCN6975-www.jpg 1024w\" sizes=\"auto, (max-width: 300px) 100vw, 300px\" \/><\/a><\/strong><\/p>\n<p><strong><a href=\"https:\/\/www.milosnicylasu.olsztyn.pl\/wp-content\/uploads\/2023\/11\/DSCN6978-www.jpg\" data-rel=\"lightbox-image-2\" data-magnific_type=\"image\" data-rl_title=\"\" data-rl_caption=\"\" title=\"\"><img loading=\"lazy\" decoding=\"async\" class=\"size-medium wp-image-8350 aligncenter\" src=\"https:\/\/www.milosnicylasu.olsztyn.pl\/wp-content\/uploads\/2023\/11\/DSCN6978-www-300x225.jpg\" alt=\"\" width=\"300\" height=\"225\" srcset=\"https:\/\/www.milosnicylasu.olsztyn.pl\/wp-content\/uploads\/2023\/11\/DSCN6978-www-300x225.jpg 300w, https:\/\/www.milosnicylasu.olsztyn.pl\/wp-content\/uploads\/2023\/11\/DSCN6978-www-768x576.jpg 768w, https:\/\/www.milosnicylasu.olsztyn.pl\/wp-content\/uploads\/2023\/11\/DSCN6978-www.jpg 1024w\" sizes=\"auto, (max-width: 300px) 100vw, 300px\" \/><\/a>Nie b\u0119d\u0119 zdradza\u0107 tajemnic co wywr\u00f3\u017cono na naszym spotkaniu. W laniu wosku wzi\u0119li udzia\u0142 prawie wszyscy uczestnicy andrzejkowej imprezy w tym Wojtek D\u0105browski i jego dzieci.<\/strong><\/p>\n<p><strong><a href=\"https:\/\/www.milosnicylasu.olsztyn.pl\/wp-content\/uploads\/2023\/11\/DSCN6981-www.jpg\" data-rel=\"lightbox-image-3\" data-magnific_type=\"image\" data-rl_title=\"\" data-rl_caption=\"\" title=\"\"><img loading=\"lazy\" decoding=\"async\" class=\"size-medium wp-image-8351 alignleft\" src=\"https:\/\/www.milosnicylasu.olsztyn.pl\/wp-content\/uploads\/2023\/11\/DSCN6981-www-300x225.jpg\" alt=\"\" width=\"300\" height=\"225\" srcset=\"https:\/\/www.milosnicylasu.olsztyn.pl\/wp-content\/uploads\/2023\/11\/DSCN6981-www-300x225.jpg 300w, https:\/\/www.milosnicylasu.olsztyn.pl\/wp-content\/uploads\/2023\/11\/DSCN6981-www-768x576.jpg 768w, https:\/\/www.milosnicylasu.olsztyn.pl\/wp-content\/uploads\/2023\/11\/DSCN6981-www.jpg 1024w\" sizes=\"auto, (max-width: 300px) 100vw, 300px\" \/><\/a>Du\u017co by\u0142o rado\u015bci w odczytaniu wr\u00f3\u017cby, by\u0142y r\u00f3\u017cne pomys\u0142y\u2026\u2026\u2026\u2026<\/strong><\/p>\n<p><strong>By\u0142o weso\u0142o,\u00a0 \u00a0przy ognisku, kt\u00f3re przygotowali Antoni Jarczyk i Adam Siemakowicz, kt\u00f3ry by\u0142 sponsorem \u2013 kupi\u0142 wspania\u0142\u0105 kie\u0142bask\u0119, pieczywo, keczup i musztard\u0119. Adam zorganizowa\u0142 ca\u0142\u0105 zabaw\u0119 lania wosku. Po\u015bwi\u0119ci\u0142 na to odpowiedni garnek do roztopienia wosku, misk\u0119, do kt\u00f3rej wlewali\u015bmy wosk przez dziurk\u0119\u2026.. <a href=\"https:\/\/www.milosnicylasu.olsztyn.pl\/wp-content\/uploads\/2023\/11\/DSCN6984-www.jpg\" data-rel=\"lightbox-image-4\" data-magnific_type=\"image\" data-rl_title=\"\" data-rl_caption=\"\" title=\"\"><img loading=\"lazy\" decoding=\"async\" class=\"size-medium wp-image-8353 alignright\" src=\"https:\/\/www.milosnicylasu.olsztyn.pl\/wp-content\/uploads\/2023\/11\/DSCN6984-www-300x225.jpg\" alt=\"\" width=\"300\" height=\"225\" srcset=\"https:\/\/www.milosnicylasu.olsztyn.pl\/wp-content\/uploads\/2023\/11\/DSCN6984-www-300x225.jpg 300w, https:\/\/www.milosnicylasu.olsztyn.pl\/wp-content\/uploads\/2023\/11\/DSCN6984-www-768x576.jpg 768w, https:\/\/www.milosnicylasu.olsztyn.pl\/wp-content\/uploads\/2023\/11\/DSCN6984-www.jpg 1024w\" sizes=\"auto, (max-width: 300px) 100vw, 300px\" \/><\/a><\/strong><\/p>\n<p><strong>Dzi\u0119kujemy serdecznie!<\/strong><\/p>\n<p><strong>Dzi\u0119kujemy wszystkim uczestnikom za udzia\u0142, za wspania\u0142\u0105 atmosfer\u0119, za u\u015bmiech, za rado\u015b\u0107 a\u00a0 prezesowi za has\u0142o do imprezy, za pyszne ciasteczka, za drobne upominki, za przygotowanie i przeprowadzenie konkursu andrzejkowego, kt\u00f3rego laureatami zostali : Stefania Jarczyk, Marianna Bonis\u0142awska i Maria Jedli\u0144ska.<a href=\"https:\/\/www.milosnicylasu.olsztyn.pl\/wp-content\/uploads\/2023\/11\/DSCN6986-www.jpg\" data-rel=\"lightbox-image-5\" data-magnific_type=\"image\" data-rl_title=\"\" data-rl_caption=\"\" title=\"\"><img loading=\"lazy\" decoding=\"async\" class=\"size-medium wp-image-8354 alignleft\" src=\"https:\/\/www.milosnicylasu.olsztyn.pl\/wp-content\/uploads\/2023\/11\/DSCN6986-www-300x225.jpg\" alt=\"\" width=\"300\" height=\"225\" srcset=\"https:\/\/www.milosnicylasu.olsztyn.pl\/wp-content\/uploads\/2023\/11\/DSCN6986-www-300x225.jpg 300w, https:\/\/www.milosnicylasu.olsztyn.pl\/wp-content\/uploads\/2023\/11\/DSCN6986-www-768x576.jpg 768w, https:\/\/www.milosnicylasu.olsztyn.pl\/wp-content\/uploads\/2023\/11\/DSCN6986-www.jpg 1024w\" sizes=\"auto, (max-width: 300px) 100vw, 300px\" \/><\/a><\/strong><\/p>\n","protected":false},"excerpt":{"rendered":"<p>Sk\u0105d si\u0119 wzi\u0119\u0142y andrzejki? Uwa\u017ca si\u0119, \u017ce historia andrzejek si\u0119ga nawet staro\u017cytno\u015bci, a dok\u0142adniej staro\u017cytnej Grecji. Polskie pi\u015bmiennictwo wspomina o nich po raz pierwszy pod koniec XVI wieku w moralitecie Marcina Bielskiego. Wcze\u015bniej \u015bwi\u0119to to by\u0142o znane jako j\u0119drzej\u00f3wki lub j\u0119drzejki. Kiedy andrzejki wtedy mia\u0142y miejsce? Odprawiano je w wigili\u0119 dnia \u015bwi\u0119tego Andrzeja Aposto\u0142a, czyli [&hellip;]<\/p>\n","protected":false},"author":2,"featured_media":0,"comment_status":"open","ping_status":"open","sticky":false,"template":"","format":"standard","meta":{"footnotes":""},"categories":[1,9,17,15],"tags":[],"class_list":["post-8346","post","type-post","status-publish","format-standard","hentry","category-bez-kategorii","category-ciekawostki","category-edukacja-w-terenie","category-komkurs"],"_links":{"self":[{"href":"https:\/\/www.milosnicylasu.olsztyn.pl\/index.php?rest_route=\/wp\/v2\/posts\/8346","targetHints":{"allow":["GET"]}}],"collection":[{"href":"https:\/\/www.milosnicylasu.olsztyn.pl\/index.php?rest_route=\/wp\/v2\/posts"}],"about":[{"href":"https:\/\/www.milosnicylasu.olsztyn.pl\/index.php?rest_route=\/wp\/v2\/types\/post"}],"author":[{"embeddable":true,"href":"https:\/\/www.milosnicylasu.olsztyn.pl\/index.php?rest_route=\/wp\/v2\/users\/2"}],"replies":[{"embeddable":true,"href":"https:\/\/www.milosnicylasu.olsztyn.pl\/index.php?rest_route=%2Fwp%2Fv2%2Fcomments&post=8346"}],"version-history":[{"count":2,"href":"https:\/\/www.milosnicylasu.olsztyn.pl\/index.php?rest_route=\/wp\/v2\/posts\/8346\/revisions"}],"predecessor-version":[{"id":8355,"href":"https:\/\/www.milosnicylasu.olsztyn.pl\/index.php?rest_route=\/wp\/v2\/posts\/8346\/revisions\/8355"}],"wp:attachment":[{"href":"https:\/\/www.milosnicylasu.olsztyn.pl\/index.php?rest_route=%2Fwp%2Fv2%2Fmedia&parent=8346"}],"wp:term":[{"taxonomy":"category","embeddable":true,"href":"https:\/\/www.milosnicylasu.olsztyn.pl\/index.php?rest_route=%2Fwp%2Fv2%2Fcategories&post=8346"},{"taxonomy":"post_tag","embeddable":true,"href":"https:\/\/www.milosnicylasu.olsztyn.pl\/index.php?rest_route=%2Fwp%2Fv2%2Ftags&post=8346"}],"curies":[{"name":"wp","href":"https:\/\/api.w.org\/{rel}","templated":true}]}}