{"id":8379,"date":"2023-12-07T11:50:30","date_gmt":"2023-12-07T10:50:30","guid":{"rendered":"https:\/\/www.milosnicylasu.olsztyn.pl\/?p=8379"},"modified":"2023-12-07T11:50:30","modified_gmt":"2023-12-07T10:50:30","slug":"konkurs-internetowy-ze-znajomosci-koled","status":"publish","type":"post","link":"https:\/\/www.milosnicylasu.olsztyn.pl\/?p=8379","title":{"rendered":"Konkurs internetowy ze znajomo\u015bci kol\u0119d"},"content":{"rendered":"<p><strong>\u00a0\u00a0\u00a0 Nasz Kolega Adam Siemakowicz\u00a0 przygotowa\u0142 kolejny konkurs &#8211; zapraszamy. Na odpowiedzi czekamy do ko\u0144ca grudnia 2023 roku na adres\u00a0 krystyna@kappa.pl. B\u0119d\u0105 nagrody!<br \/>\n<\/strong><\/p>\n<div class=\"moz-text-html\" lang=\"x-unicode\">\n<div>Konkurs\u00a0 z wiedzy kol\u0119d. W ka\u017cdym z 10 pyta\u0144, zacytowany jest fragment lub zwrotka kol\u0119dy oraz podane\u00a0 cztery podpowiedzi, prosz\u0119 o nades\u0142anie w\u0142a\u015bciwych odpowiedzi.<\/div>\n<\/div>\n<p><strong>Po zwrotce do kol\u0119dy\u201d<\/strong><\/p>\n<ol>\n<li>\u201eZdrow b\u0105d\u017a, Stworzycielu Wszego stworzenia, Narodzi\u0142\u015b si\u0119 w ucirpienie Prze swego luda zawinienia\u201d &#8211; ta zwrotka z najstarszej polskiej kol\u0119dy (1424 rok):<\/li>\n<li>a) \u201eWeso\u0142\u0105 nowin\u0119\u201d<\/li>\n<li>b) \u201eAniele m\u00f3j\u201d<\/li>\n<li>c) \u201eZdr\u00f3w b\u0105d\u017a, kr\u00f3lu anjelski\u201d<\/li>\n<li>d) \u201eU Prezesa w stajence\u201d<\/li>\n<\/ol>\n<p>&nbsp;<\/p>\n<ol start=\"2\">\n<li>\u201eGdy Dzieci\u0105tko jest p\u0142aka\u0142o, Na go\u0142ej ziemi le\u017ca\u0142o, Tedy Matka pokl\u0119kn\u0119\u0142a, Dzieci\u0105tku mod\u0142\u0119 dawa\u0142a\u201d \u2013 si\u00f3dma zwrotka z \u015bredniowiecznej pie\u015bni na Bo\u017ce Narodzenie pochodzi z kol\u0119dy pod tytu\u0142em:<\/li>\n<li>a) \u201eHej kol\u0119da, kol\u0119da!\u201d<\/li>\n<li>b) \u201eAnio\u0142owie biali\u201d<\/li>\n<li>c) \u201eZa\u015bnij dziecino\u201d<\/li>\n<li>d) \u201eAugustus kiedy kr\u00f3lowa\u0142\u201d<\/li>\n<\/ol>\n<ol start=\"3\">\n<li>\u201eC\u00f3\u017c masz, niebo nad ziemiany? B\u00f3g porzuci\u0142 szcz\u0119\u015bcie Swoje Wszed\u0142 mi\u0119dzy lud ukochany, Dziel\u0105c z nim trudy i znoje; Nie ma\u0142o cierpia\u0142, nie ma\u0142o, \u017be\u015bmy byli winni sami\u201d \u2013 zwrotka jednej z bardziej znanych kol\u0119d to:<\/li>\n<li>a) \u201eGloria, gloria, zawo\u0142ajmy\u201d<\/li>\n<li>b) \u201eJam jest dudka Jezusa ma\u0142ego\u201d<\/li>\n<li>c) \u201eJaka\u017c to Gwiazda \u015bwieci na wschodzie?\u201d<\/li>\n<li>d) \u201eB\u00f3g si\u0119 rodzi, moc truchleje\u201d<\/li>\n<\/ol>\n<p>&nbsp;<\/p>\n<ol start=\"4\">\n<li>\u201eUciekali, uciekali, uciekali Na osio\u0142ku przez pustyni \u017car Jak najdalej jak najdalej jak najdalej Ukry\u0107 Dzieci\u0119 bezcenny ich skarb\u201d \u2013 fragment tej mniej znanej kol\u0119dy nosi tytu\u0142:<\/li>\n<li>a) \u201eUciekali, uciekali\u201d<\/li>\n<li>b) \u201eKa\u017cde stworzenie \u015bpiewaj swe pienie\u201d<\/li>\n<li>c) \u201eKaj porodzi\u0142a Pana Jezusa Panna Maryja?\u201d<\/li>\n<li>d) \u201eA czemu\u017c m\u00f3j Jezus\u201d<\/li>\n<\/ol>\n<p>&nbsp;<\/p>\n<ol start=\"5\">\n<li>\u201eZbawicielu drogi, Jak\u017ce\u015b to ubogi, Opu\u015bci\u0142e\u015b \u015bliczne niebo, Obra\u0142e\u015b bar\u0142ogi \u2013 to cytat kol\u0119dy \u015bpiewanej do melodii skomponowanej przez Piotra Studzi\u0144skiego. Obecnie \u015bpiewana podczas jase\u0142ek i koncert\u00f3w bo\u017conarodzeniowych, a nosi tytu\u0142:<\/li>\n<li>a) \u201eMale\u0144ki Jezu\u201d<\/li>\n<li>b) \u201eAch ubogi \u017c\u0142obie\u201d<\/li>\n<li>c) \u201eA wczora z wieczora\u201d<\/li>\n<li>d) \u201eMizerna, cicha\u201d<\/li>\n<\/ol>\n<p>&nbsp;<\/p>\n<ol start=\"6\">\n<li>\u201eJak mi\u0142a to nowina , m\u00f3w ,gdzie jest ta Dziecina, By\u015bmy tam pobie\u017celi i ujrzeli\u201d \u2013 fragment (refren) kol\u0119dy, kt\u00f3rej autor jest nieznany, za\u015b kompozytorem melodii jest polski kompozytor J\u00f3zef Wygrzewalski. Nazywa si\u0119:<\/li>\n<li>a) \u201eNa zielonej \u0142\u0105ce\u201d<\/li>\n<li>b) \u201eMy te\u017c pastuszkowie\u201d<\/li>\n<li>c) \u201eWeso\u0142\u0105 nowin\u0119\u201d<\/li>\n<li>d) \u201eNarodzi\u0142 si\u0119 nam Zbawiciel\u201d<\/li>\n<\/ol>\n<p>&nbsp;<\/p>\n<ol start=\"7\">\n<li>\u201eDosz\u0142a mnie jaka\u015b dziwna nowina, Mojej \u017ca\u0142o\u015bci wielka przyczyna: Pojawi\u0142a si\u0119, narodzi\u0142a si\u0119, Przedziwna dziecina\u201d \u2013 cytat pochodzi z kol\u0119dy:<\/li>\n<li>a) \u201eM\u00f3j male\u0144ki Jezusie wyhaftuj\u0119 ci podusi\u0119\u201d<\/li>\n<li>b) \u201eAch biada, biada mnie Herodowi\u201d<\/li>\n<li>c) \u201eNie by\u0142o miejsca dla Ciebie\u201d<\/li>\n<li>d) \u201eNa to Bo\u017ce Narodzenie\u201d<\/li>\n<\/ol>\n<p>&nbsp;<\/p>\n<ol start=\"8\">\n<li>\u201eTrzej kr\u00f3lowie przyjechali, dary Mu trojakie dali. Na to Bo\u017ce Narodzenie, wesel si\u0119 wszystko stworzenie. Weso\u0142a nowina&#8230;\u201d \u2013 fragment popularnej kol\u0119dy, kt\u00f3ra nosi nazw\u0119:<\/li>\n<li>a) \u201eNiechaj b\u0119dzie g\u0142o\u015bno wsz\u0119dzie\u201d<\/li>\n<li>b) \u201eNad Betlejem\u201d<\/li>\n<li>c) \u201eDzieci\u0105tko si\u0119 narodzi\u0142o\u201d<\/li>\n<li>d) \u201eCicha noc\u201d<\/li>\n<\/ol>\n<p>&nbsp;<\/p>\n<ol start=\"9\">\n<li>\u201eKuba skocy\u0142 po g\u0119sio\u0142ki, po g\u0119sio\u0142ki i przyni\u00f3s stare basy. Kie pociagnon po nich smyckiem, po nich smyckiem pos\u0142y nuty nad lasy. Te krzesane i ozwodne stare nuty Saba\u0142owe smutne, weso\u0142e, Janosikowe. Jaze J\u00f3zef podryguje a Maryjo si\u0119 raduje Gloryjo!\u201d \u2013 zwrotka pochodzi z kol\u0119dy:<\/li>\n<li>a) \u201eJezusa narodzonego wszyscy witajmy\u201d<\/li>\n<li>b) \u201eJezusek czuwa\u201d<\/li>\n<li>c) \u201eJezusicek malusie\u0144ki\u201d<\/li>\n<li>d) \u201eKiej gruchn\u0119\u0142o\u201d<\/li>\n<\/ol>\n<p>&nbsp;<\/p>\n<ol start=\"10\">\n<li>\u201eM\u00f3wi\u0105 do pasterzy Kt\u00f3rzy trz\u00f3d swych strzegli Aby do Betlejem, Czym pr\u0119dzej pobiegli. Bo si\u0119 narodzi\u0142 Zbawiciel, Wszego \u015bwiata Odkupiciel\u201d \u2013 zacytowany fragment jednej z najpopularniejszych kol\u0119d to:<\/li>\n<li>a) \u201eM\u0119drcy \u015bwiata, monarchowie\u201d<\/li>\n<li>b) \u201eGdy si\u0119 Chrystus rodzi\u201d<\/li>\n<li>c) \u201eLulaj\u017ce Jezuniu\u201d<\/li>\n<li>d) \u201eMale\u0144ka mi\u0142o\u015b\u0107\u201d<\/li>\n<\/ol>\n","protected":false},"excerpt":{"rendered":"<p>\u00a0\u00a0\u00a0 Nasz Kolega Adam Siemakowicz\u00a0 przygotowa\u0142 kolejny konkurs &#8211; zapraszamy. Na odpowiedzi czekamy do ko\u0144ca grudnia 2023 roku na adres\u00a0 krystyna@kappa.pl. B\u0119d\u0105 nagrody! Konkurs\u00a0 z wiedzy kol\u0119d. W ka\u017cdym z 10 pyta\u0144, zacytowany jest fragment lub zwrotka kol\u0119dy oraz podane\u00a0 cztery podpowiedzi, prosz\u0119 o nades\u0142anie w\u0142a\u015bciwych odpowiedzi. Po zwrotce do kol\u0119dy\u201d \u201eZdrow b\u0105d\u017a, Stworzycielu Wszego [&hellip;]<\/p>\n","protected":false},"author":2,"featured_media":0,"comment_status":"open","ping_status":"open","sticky":false,"template":"","format":"standard","meta":{"footnotes":""},"categories":[1,9,15],"tags":[],"class_list":["post-8379","post","type-post","status-publish","format-standard","hentry","category-bez-kategorii","category-ciekawostki","category-komkurs"],"_links":{"self":[{"href":"https:\/\/www.milosnicylasu.olsztyn.pl\/index.php?rest_route=\/wp\/v2\/posts\/8379","targetHints":{"allow":["GET"]}}],"collection":[{"href":"https:\/\/www.milosnicylasu.olsztyn.pl\/index.php?rest_route=\/wp\/v2\/posts"}],"about":[{"href":"https:\/\/www.milosnicylasu.olsztyn.pl\/index.php?rest_route=\/wp\/v2\/types\/post"}],"author":[{"embeddable":true,"href":"https:\/\/www.milosnicylasu.olsztyn.pl\/index.php?rest_route=\/wp\/v2\/users\/2"}],"replies":[{"embeddable":true,"href":"https:\/\/www.milosnicylasu.olsztyn.pl\/index.php?rest_route=%2Fwp%2Fv2%2Fcomments&post=8379"}],"version-history":[{"count":2,"href":"https:\/\/www.milosnicylasu.olsztyn.pl\/index.php?rest_route=\/wp\/v2\/posts\/8379\/revisions"}],"predecessor-version":[{"id":8381,"href":"https:\/\/www.milosnicylasu.olsztyn.pl\/index.php?rest_route=\/wp\/v2\/posts\/8379\/revisions\/8381"}],"wp:attachment":[{"href":"https:\/\/www.milosnicylasu.olsztyn.pl\/index.php?rest_route=%2Fwp%2Fv2%2Fmedia&parent=8379"}],"wp:term":[{"taxonomy":"category","embeddable":true,"href":"https:\/\/www.milosnicylasu.olsztyn.pl\/index.php?rest_route=%2Fwp%2Fv2%2Fcategories&post=8379"},{"taxonomy":"post_tag","embeddable":true,"href":"https:\/\/www.milosnicylasu.olsztyn.pl\/index.php?rest_route=%2Fwp%2Fv2%2Ftags&post=8379"}],"curies":[{"name":"wp","href":"https:\/\/api.w.org\/{rel}","templated":true}]}}