{"id":8385,"date":"2023-12-14T08:07:45","date_gmt":"2023-12-14T07:07:45","guid":{"rendered":"https:\/\/www.milosnicylasu.olsztyn.pl\/?p=8385"},"modified":"2023-12-14T08:07:45","modified_gmt":"2023-12-14T07:07:45","slug":"swiat-prostoskrzydlych-warmii-i-mazur-i-ich-glosy","status":"publish","type":"post","link":"https:\/\/www.milosnicylasu.olsztyn.pl\/?p=8385","title":{"rendered":"\u015awiat prostoskrzyd\u0142ych Warmii I Mazur i ich g\u0142osy"},"content":{"rendered":"<p><b><a href=\"https:\/\/www.milosnicylasu.olsztyn.pl\/wp-content\/uploads\/2023\/12\/DSCN7012-www.jpg\" data-rel=\"lightbox-image-0\" data-magnific_type=\"image\" data-rl_title=\"\" data-rl_caption=\"\" title=\"\"><img loading=\"lazy\" decoding=\"async\" class=\"size-medium wp-image-8386 alignleft\" src=\"https:\/\/www.milosnicylasu.olsztyn.pl\/wp-content\/uploads\/2023\/12\/DSCN7012-www-300x225.jpg\" alt=\"\" width=\"300\" height=\"225\" srcset=\"https:\/\/www.milosnicylasu.olsztyn.pl\/wp-content\/uploads\/2023\/12\/DSCN7012-www-300x225.jpg 300w, https:\/\/www.milosnicylasu.olsztyn.pl\/wp-content\/uploads\/2023\/12\/DSCN7012-www-768x576.jpg 768w, https:\/\/www.milosnicylasu.olsztyn.pl\/wp-content\/uploads\/2023\/12\/DSCN7012-www.jpg 1024w\" sizes=\"auto, (max-width: 300px) 100vw, 300px\" \/><\/a><\/b><\/p>\n<p>&nbsp;<\/p>\n<p><b>Owady<\/b>, <b>insekty<\/b> (Insecta) \u2013 gromada stawonog\u00f3w. Najbardziej zr\u00f3\u017cnicowana gatunkowo gromada zwierz\u0105t. S\u0105 to zwierz\u0119ta wszystkich \u015brodowisk l\u0105dowych, wt\u00f3rnie przystosowane te\u017c do \u015brodowisk wodnych. By\u0142y pierwszymi zwierz\u0119tami, kt\u00f3re posiad\u0142y umiej\u0119tno\u015b\u0107 aktywnego lotu. Rozmiary cia\u0142a owad\u00f3w wahaj\u0105 si\u0119 od 0,25 mm do ponad 350 mm. W Polsce do najliczniej reprezentowanych rz\u0119d\u00f3w owad\u00f3w nale\u017c\u0105 motyle, chrz\u0105szcze b\u0142onk\u00f3wki i much\u00f3wki. Owady maj\u0105 olbrzymie znaczenie w przyrodzie, s\u0105 w\u015br\u00f3d nich owady zar\u00f3wno po\u017cyteczne, jak i szkodniki,komensale i paso\u017cyty. Nauka zajmuj\u0105ca si\u0119 owadami to entomologia.<\/p>\n<p>Udokumentowanych muzealnie jest ponad milion gatunk\u00f3w owad\u00f3w. R\u00f3\u017cne \u017ar\u00f3d\u0142a podaj\u0105, i\u017c od 5 do 30 mln gatunk\u00f3w owad\u00f3w nie zosta\u0142o jeszcze opisanych naukowo.<a href=\"https:\/\/www.milosnicylasu.olsztyn.pl\/wp-content\/uploads\/2023\/12\/www.jpg\" data-rel=\"lightbox-image-1\" data-magnific_type=\"image\" data-rl_title=\"\" data-rl_caption=\"\" title=\"\"><img loading=\"lazy\" decoding=\"async\" class=\"size-medium wp-image-8387 alignright\" src=\"https:\/\/www.milosnicylasu.olsztyn.pl\/wp-content\/uploads\/2023\/12\/www-300x225.jpg\" alt=\"\" width=\"300\" height=\"225\" srcset=\"https:\/\/www.milosnicylasu.olsztyn.pl\/wp-content\/uploads\/2023\/12\/www-300x225.jpg 300w, https:\/\/www.milosnicylasu.olsztyn.pl\/wp-content\/uploads\/2023\/12\/www-768x576.jpg 768w, https:\/\/www.milosnicylasu.olsztyn.pl\/wp-content\/uploads\/2023\/12\/www.jpg 1024w\" sizes=\"auto, (max-width: 300px) 100vw, 300px\" \/><\/a><\/p>\n<p>Na czwartkowym spotkaniu 7 grudnia 2023 roku w RDLP w Olsztynie , Pan Marian Szymkiewicz wprowadzi\u0142 nas w \u015bwiat owad\u00f3w prostoskrzyd\u0142ych, kt\u00f3re wyst\u0119puj\u0105 na Warmii i Mazurach. Za oknem zima, nasypa\u0142o \u015bniegu a my z Panem Marianem &#8222;przenie\u015bli\u015bmy si\u0119&#8221;\u00a0 na \u0142ono przyrody, gdzie spaceruj\u0105c s\u0142uchali\u015bmy g\u0142os\u00f3w \u015bwierszczy, pasikonik\u00f3w i kilkudziesi\u0119ciu innych prostoskrzyd\u0142ych. Mogli\u015bmy je zobaczy\u0107, pos\u0142ucha\u0107 o ich zwyczajach, budowie, gdzie wyst\u0119puj\u0105 na Warmii i Mazurach &#8211; a wi\u0119c w \u015brodowisku, w kt\u00f3rym \u017cyjemy. Zapachnia\u0142o wiosn\u0105, latem, kwiecist\u0105 \u0142\u0105k\u0105.<\/p>\n<p>&nbsp;<\/p>\n<p><a href=\"https:\/\/www.milosnicylasu.olsztyn.pl\/wp-content\/uploads\/2023\/12\/DSCN7007-www.jpg\" data-rel=\"lightbox-image-2\" data-magnific_type=\"image\" data-rl_title=\"\" data-rl_caption=\"\" title=\"\"><img loading=\"lazy\" decoding=\"async\" class=\"size-medium wp-image-8389 alignleft\" src=\"https:\/\/www.milosnicylasu.olsztyn.pl\/wp-content\/uploads\/2023\/12\/DSCN7007-www-300x225.jpg\" alt=\"\" width=\"300\" height=\"225\" srcset=\"https:\/\/www.milosnicylasu.olsztyn.pl\/wp-content\/uploads\/2023\/12\/DSCN7007-www-300x225.jpg 300w, https:\/\/www.milosnicylasu.olsztyn.pl\/wp-content\/uploads\/2023\/12\/DSCN7007-www-1024x768.jpg 1024w, https:\/\/www.milosnicylasu.olsztyn.pl\/wp-content\/uploads\/2023\/12\/DSCN7007-www-768x576.jpg 768w, https:\/\/www.milosnicylasu.olsztyn.pl\/wp-content\/uploads\/2023\/12\/DSCN7007-www-1536x1152.jpg 1536w, https:\/\/www.milosnicylasu.olsztyn.pl\/wp-content\/uploads\/2023\/12\/DSCN7007-www.jpg 1600w\" sizes=\"auto, (max-width: 300px) 100vw, 300px\" \/><\/a>Pan Marian jest &#8222;Nasz&#8221;.\u00a0 Ten wyk\u0142ad by\u0142 jednym z wielu, kt\u00f3re wys\u0142uchali\u015bmy i ogl\u0105dali\u015bmy w wykonaniu naszego ulubionego wyk\u0142adowcy. Wyje\u017cd\u017cali\u015bmy te\u017c w teren, podgl\u0105dali\u015bmy ptaki. Dzi\u0119ki Panu Marianowi mo\u017cemy bardziej \u015bwiadomie doceni\u0107 otoczenie, przyrod\u0119, w kt\u00f3rej \u017cyjemy.<\/p>\n<p>Dzi\u0119kujemy za wyk\u0142ad. Mamy nadziej\u0119, \u017ce do zobaczenia! <a href=\"https:\/\/www.milosnicylasu.olsztyn.pl\/wp-content\/uploads\/2023\/12\/DSCN7008-www.jpg\" data-rel=\"lightbox-image-3\" data-magnific_type=\"image\" data-rl_title=\"\" data-rl_caption=\"\" title=\"\"><img loading=\"lazy\" decoding=\"async\" class=\"size-medium wp-image-8388 alignleft\" src=\"https:\/\/www.milosnicylasu.olsztyn.pl\/wp-content\/uploads\/2023\/12\/DSCN7008-www-300x225.jpg\" alt=\"\" width=\"300\" height=\"225\" srcset=\"https:\/\/www.milosnicylasu.olsztyn.pl\/wp-content\/uploads\/2023\/12\/DSCN7008-www-300x225.jpg 300w, https:\/\/www.milosnicylasu.olsztyn.pl\/wp-content\/uploads\/2023\/12\/DSCN7008-www-768x576.jpg 768w, https:\/\/www.milosnicylasu.olsztyn.pl\/wp-content\/uploads\/2023\/12\/DSCN7008-www.jpg 1024w\" sizes=\"auto, (max-width: 300px) 100vw, 300px\" \/><\/a><\/p>\n<p>&nbsp;<\/p>\n","protected":false},"excerpt":{"rendered":"<p>&nbsp; Owady, insekty (Insecta) \u2013 gromada stawonog\u00f3w. Najbardziej zr\u00f3\u017cnicowana gatunkowo gromada zwierz\u0105t. S\u0105 to zwierz\u0119ta wszystkich \u015brodowisk l\u0105dowych, wt\u00f3rnie przystosowane te\u017c do \u015brodowisk wodnych. By\u0142y pierwszymi zwierz\u0119tami, kt\u00f3re posiad\u0142y umiej\u0119tno\u015b\u0107 aktywnego lotu. Rozmiary cia\u0142a owad\u00f3w wahaj\u0105 si\u0119 od 0,25 mm do ponad 350 mm. W Polsce do najliczniej reprezentowanych rz\u0119d\u00f3w owad\u00f3w nale\u017c\u0105 motyle, chrz\u0105szcze b\u0142onk\u00f3wki [&hellip;]<\/p>\n","protected":false},"author":2,"featured_media":0,"comment_status":"open","ping_status":"open","sticky":false,"template":"","format":"standard","meta":{"footnotes":""},"categories":[1],"tags":[],"class_list":["post-8385","post","type-post","status-publish","format-standard","hentry","category-bez-kategorii"],"_links":{"self":[{"href":"https:\/\/www.milosnicylasu.olsztyn.pl\/index.php?rest_route=\/wp\/v2\/posts\/8385","targetHints":{"allow":["GET"]}}],"collection":[{"href":"https:\/\/www.milosnicylasu.olsztyn.pl\/index.php?rest_route=\/wp\/v2\/posts"}],"about":[{"href":"https:\/\/www.milosnicylasu.olsztyn.pl\/index.php?rest_route=\/wp\/v2\/types\/post"}],"author":[{"embeddable":true,"href":"https:\/\/www.milosnicylasu.olsztyn.pl\/index.php?rest_route=\/wp\/v2\/users\/2"}],"replies":[{"embeddable":true,"href":"https:\/\/www.milosnicylasu.olsztyn.pl\/index.php?rest_route=%2Fwp%2Fv2%2Fcomments&post=8385"}],"version-history":[{"count":1,"href":"https:\/\/www.milosnicylasu.olsztyn.pl\/index.php?rest_route=\/wp\/v2\/posts\/8385\/revisions"}],"predecessor-version":[{"id":8390,"href":"https:\/\/www.milosnicylasu.olsztyn.pl\/index.php?rest_route=\/wp\/v2\/posts\/8385\/revisions\/8390"}],"wp:attachment":[{"href":"https:\/\/www.milosnicylasu.olsztyn.pl\/index.php?rest_route=%2Fwp%2Fv2%2Fmedia&parent=8385"}],"wp:term":[{"taxonomy":"category","embeddable":true,"href":"https:\/\/www.milosnicylasu.olsztyn.pl\/index.php?rest_route=%2Fwp%2Fv2%2Fcategories&post=8385"},{"taxonomy":"post_tag","embeddable":true,"href":"https:\/\/www.milosnicylasu.olsztyn.pl\/index.php?rest_route=%2Fwp%2Fv2%2Ftags&post=8385"}],"curies":[{"name":"wp","href":"https:\/\/api.w.org\/{rel}","templated":true}]}}