{"id":8392,"date":"2023-12-14T08:39:29","date_gmt":"2023-12-14T07:39:29","guid":{"rendered":"https:\/\/www.milosnicylasu.olsztyn.pl\/?p=8392"},"modified":"2023-12-14T08:39:56","modified_gmt":"2023-12-14T07:39:56","slug":"zyczenia-zyczenia","status":"publish","type":"post","link":"https:\/\/www.milosnicylasu.olsztyn.pl\/?p=8392","title":{"rendered":"\u017byczenia, \u017cyczenia&#8230;&#8230;&#8230;"},"content":{"rendered":"<p><a href=\"https:\/\/www.milosnicylasu.olsztyn.pl\/wp-content\/uploads\/2022\/12\/PC290002-www.jpg\" data-rel=\"lightbox-image-0\" data-magnific_type=\"image\" data-rl_title=\"\" data-rl_caption=\"\" title=\"\"><img loading=\"lazy\" decoding=\"async\" class=\"size-medium wp-image-7689 alignleft\" src=\"https:\/\/www.milosnicylasu.olsztyn.pl\/wp-content\/uploads\/2022\/12\/PC290002-www-300x225.jpg\" alt=\"\" width=\"300\" height=\"225\" srcset=\"https:\/\/www.milosnicylasu.olsztyn.pl\/wp-content\/uploads\/2022\/12\/PC290002-www-300x225.jpg 300w, https:\/\/www.milosnicylasu.olsztyn.pl\/wp-content\/uploads\/2022\/12\/PC290002-www-768x576.jpg 768w, https:\/\/www.milosnicylasu.olsztyn.pl\/wp-content\/uploads\/2022\/12\/PC290002-www.jpg 1024w\" sizes=\"auto, (max-width: 300px) 100vw, 300px\" \/><\/a><\/p>\n<p>Staropolskim obyczajem,<br \/>\ngdy w Wigili\u0119 gwiazda wstaje,<br \/>\nNowy Rok za\u015b cyfr\u0119 zmienia,<br \/>\nwszyscy wszystkim \u015bl\u0105 \u017cyczenia.<br \/>\nPrzy tej pi\u0119knej sposobno\u015bci<br \/>\nmy \u017cyczymy Wam rado\u015bci,<br \/>\naby wszystkim si\u0119 darzy\u0142o,<br \/>\nz roku na rok lepiej by\u0142o.<\/p>\n<p><a href=\"https:\/\/www.milosnicylasu.olsztyn.pl\/wp-content\/uploads\/2022\/12\/PC270003-www.jpg\" data-rel=\"lightbox-image-1\" data-magnific_type=\"image\" data-rl_title=\"\" data-rl_caption=\"\" title=\"\"><img loading=\"lazy\" decoding=\"async\" class=\"size-medium wp-image-7685 alignleft\" src=\"https:\/\/www.milosnicylasu.olsztyn.pl\/wp-content\/uploads\/2022\/12\/PC270003-www-225x300.jpg\" alt=\"\" width=\"225\" height=\"300\" srcset=\"https:\/\/www.milosnicylasu.olsztyn.pl\/wp-content\/uploads\/2022\/12\/PC270003-www-225x300.jpg 225w, https:\/\/www.milosnicylasu.olsztyn.pl\/wp-content\/uploads\/2022\/12\/PC270003-www.jpg 768w\" sizes=\"auto, (max-width: 225px) 100vw, 225px\" \/><\/a><\/p>\n<p>&nbsp;<\/p>\n<p>Gdy nadejd\u0105 \u015awi\u0119ta<br \/>\nniech nadzieja i rado\u015b\u0107<br \/>\nzastukaj\u0105 do Waszych drzwi,<br \/>\na Nowy Rok przyniesie<br \/>\npomy\u015blno\u015b\u0107, szcz\u0119\u015bcie<br \/>\ni pi\u0119kny u\u015bmiech ka\u017cdego dnia<\/p>\n<p>&nbsp;<\/p>\n","protected":false},"excerpt":{"rendered":"<p>Staropolskim obyczajem, gdy w Wigili\u0119 gwiazda wstaje, Nowy Rok za\u015b cyfr\u0119 zmienia, wszyscy wszystkim \u015bl\u0105 \u017cyczenia. Przy tej pi\u0119knej sposobno\u015bci my \u017cyczymy Wam rado\u015bci, aby wszystkim si\u0119 darzy\u0142o, z roku na rok lepiej by\u0142o. &nbsp; Gdy nadejd\u0105 \u015awi\u0119ta niech nadzieja i rado\u015b\u0107 zastukaj\u0105 do Waszych drzwi, a Nowy Rok przyniesie pomy\u015blno\u015b\u0107, szcz\u0119\u015bcie i pi\u0119kny u\u015bmiech [&hellip;]<\/p>\n","protected":false},"author":2,"featured_media":0,"comment_status":"open","ping_status":"open","sticky":false,"template":"","format":"standard","meta":{"footnotes":""},"categories":[9],"tags":[],"class_list":["post-8392","post","type-post","status-publish","format-standard","hentry","category-ciekawostki"],"_links":{"self":[{"href":"https:\/\/www.milosnicylasu.olsztyn.pl\/index.php?rest_route=\/wp\/v2\/posts\/8392","targetHints":{"allow":["GET"]}}],"collection":[{"href":"https:\/\/www.milosnicylasu.olsztyn.pl\/index.php?rest_route=\/wp\/v2\/posts"}],"about":[{"href":"https:\/\/www.milosnicylasu.olsztyn.pl\/index.php?rest_route=\/wp\/v2\/types\/post"}],"author":[{"embeddable":true,"href":"https:\/\/www.milosnicylasu.olsztyn.pl\/index.php?rest_route=\/wp\/v2\/users\/2"}],"replies":[{"embeddable":true,"href":"https:\/\/www.milosnicylasu.olsztyn.pl\/index.php?rest_route=%2Fwp%2Fv2%2Fcomments&post=8392"}],"version-history":[{"count":2,"href":"https:\/\/www.milosnicylasu.olsztyn.pl\/index.php?rest_route=\/wp\/v2\/posts\/8392\/revisions"}],"predecessor-version":[{"id":8394,"href":"https:\/\/www.milosnicylasu.olsztyn.pl\/index.php?rest_route=\/wp\/v2\/posts\/8392\/revisions\/8394"}],"wp:attachment":[{"href":"https:\/\/www.milosnicylasu.olsztyn.pl\/index.php?rest_route=%2Fwp%2Fv2%2Fmedia&parent=8392"}],"wp:term":[{"taxonomy":"category","embeddable":true,"href":"https:\/\/www.milosnicylasu.olsztyn.pl\/index.php?rest_route=%2Fwp%2Fv2%2Fcategories&post=8392"},{"taxonomy":"post_tag","embeddable":true,"href":"https:\/\/www.milosnicylasu.olsztyn.pl\/index.php?rest_route=%2Fwp%2Fv2%2Ftags&post=8392"}],"curies":[{"name":"wp","href":"https:\/\/api.w.org\/{rel}","templated":true}]}}