{"id":8395,"date":"2023-12-14T08:49:13","date_gmt":"2023-12-14T07:49:13","guid":{"rendered":"https:\/\/www.milosnicylasu.olsztyn.pl\/?p=8395"},"modified":"2023-12-14T08:49:13","modified_gmt":"2023-12-14T07:49:13","slug":"pochwalcie-sie-swoja-choinka","status":"publish","type":"post","link":"https:\/\/www.milosnicylasu.olsztyn.pl\/?p=8395","title":{"rendered":"Pochwalcie si\u0119 swoja choink\u0105&#8230;."},"content":{"rendered":"<p><a href=\"https:\/\/www.milosnicylasu.olsztyn.pl\/wp-content\/uploads\/2022\/12\/IMG_20221224_120555-www.jpg\" data-rel=\"lightbox-image-0\" data-magnific_type=\"image\" data-rl_title=\"\" data-rl_caption=\"\" title=\"\"><img loading=\"lazy\" decoding=\"async\" class=\"size-medium wp-image-7655 alignleft\" src=\"https:\/\/www.milosnicylasu.olsztyn.pl\/wp-content\/uploads\/2022\/12\/IMG_20221224_120555-www-226x300.jpg\" alt=\"\" width=\"226\" height=\"300\" srcset=\"https:\/\/www.milosnicylasu.olsztyn.pl\/wp-content\/uploads\/2022\/12\/IMG_20221224_120555-www-226x300.jpg 226w, https:\/\/www.milosnicylasu.olsztyn.pl\/wp-content\/uploads\/2022\/12\/IMG_20221224_120555-www-768x1020.jpg 768w, https:\/\/www.milosnicylasu.olsztyn.pl\/wp-content\/uploads\/2022\/12\/IMG_20221224_120555-www.jpg 771w\" sizes=\"auto, (max-width: 226px) 100vw, 226px\" \/><\/a>To nie konkurs. Ka\u017cdy ma inny gust, ka\u017cdy z nas wyni\u00f3s\u0142 inne tradycje z domu. Zapraszamy do pokazania swoich choinek. B\u0119dzie kolorowo. To tak jakby\u015bcie troch\u0119 zaprosili nas na ten \u015bwi\u0105teczny czas, na moment do swojego domu.<\/p>\n<p>Jak zwykle prosz\u0119 o przes\u0142anie zdj\u0119\u0107 na krystyna@kappa.pl<\/p>\n<p>&nbsp;<\/p>\n<p>Na zdj\u0119ciu jedna z choinek zesz\u0142ego roku<\/p>\n","protected":false},"excerpt":{"rendered":"<p>To nie konkurs. Ka\u017cdy ma inny gust, ka\u017cdy z nas wyni\u00f3s\u0142 inne tradycje z domu. Zapraszamy do pokazania swoich choinek. B\u0119dzie kolorowo. To tak jakby\u015bcie troch\u0119 zaprosili nas na ten \u015bwi\u0105teczny czas, na moment do swojego domu. Jak zwykle prosz\u0119 o przes\u0142anie zdj\u0119\u0107 na krystyna@kappa.pl &nbsp; Na zdj\u0119ciu jedna z choinek zesz\u0142ego roku<\/p>\n","protected":false},"author":2,"featured_media":0,"comment_status":"open","ping_status":"open","sticky":false,"template":"","format":"standard","meta":{"footnotes":""},"categories":[9],"tags":[],"class_list":["post-8395","post","type-post","status-publish","format-standard","hentry","category-ciekawostki"],"_links":{"self":[{"href":"https:\/\/www.milosnicylasu.olsztyn.pl\/index.php?rest_route=\/wp\/v2\/posts\/8395","targetHints":{"allow":["GET"]}}],"collection":[{"href":"https:\/\/www.milosnicylasu.olsztyn.pl\/index.php?rest_route=\/wp\/v2\/posts"}],"about":[{"href":"https:\/\/www.milosnicylasu.olsztyn.pl\/index.php?rest_route=\/wp\/v2\/types\/post"}],"author":[{"embeddable":true,"href":"https:\/\/www.milosnicylasu.olsztyn.pl\/index.php?rest_route=\/wp\/v2\/users\/2"}],"replies":[{"embeddable":true,"href":"https:\/\/www.milosnicylasu.olsztyn.pl\/index.php?rest_route=%2Fwp%2Fv2%2Fcomments&post=8395"}],"version-history":[{"count":1,"href":"https:\/\/www.milosnicylasu.olsztyn.pl\/index.php?rest_route=\/wp\/v2\/posts\/8395\/revisions"}],"predecessor-version":[{"id":8396,"href":"https:\/\/www.milosnicylasu.olsztyn.pl\/index.php?rest_route=\/wp\/v2\/posts\/8395\/revisions\/8396"}],"wp:attachment":[{"href":"https:\/\/www.milosnicylasu.olsztyn.pl\/index.php?rest_route=%2Fwp%2Fv2%2Fmedia&parent=8395"}],"wp:term":[{"taxonomy":"category","embeddable":true,"href":"https:\/\/www.milosnicylasu.olsztyn.pl\/index.php?rest_route=%2Fwp%2Fv2%2Fcategories&post=8395"},{"taxonomy":"post_tag","embeddable":true,"href":"https:\/\/www.milosnicylasu.olsztyn.pl\/index.php?rest_route=%2Fwp%2Fv2%2Ftags&post=8395"}],"curies":[{"name":"wp","href":"https:\/\/api.w.org\/{rel}","templated":true}]}}