{"id":8397,"date":"2023-12-14T09:03:04","date_gmt":"2023-12-14T08:03:04","guid":{"rendered":"https:\/\/www.milosnicylasu.olsztyn.pl\/?p=8397"},"modified":"2023-12-14T09:03:04","modified_gmt":"2023-12-14T08:03:04","slug":"w-sobote-ubieramy-lesna-choinke","status":"publish","type":"post","link":"https:\/\/www.milosnicylasu.olsztyn.pl\/?p=8397","title":{"rendered":"W sobot\u0119 ubieramy le\u015bn\u0105 choink\u0119"},"content":{"rendered":"<p><a href=\"https:\/\/www.milosnicylasu.olsztyn.pl\/wp-content\/uploads\/2022\/12\/DSCN0172-www.jpg\" data-rel=\"lightbox-image-0\" data-magnific_type=\"image\" data-rl_title=\"\" data-rl_caption=\"\" title=\"\"><img loading=\"lazy\" decoding=\"async\" class=\"size-medium wp-image-7625 alignleft\" src=\"https:\/\/www.milosnicylasu.olsztyn.pl\/wp-content\/uploads\/2022\/12\/DSCN0172-www-300x225.jpg\" alt=\"\" width=\"300\" height=\"225\" srcset=\"https:\/\/www.milosnicylasu.olsztyn.pl\/wp-content\/uploads\/2022\/12\/DSCN0172-www-300x225.jpg 300w, https:\/\/www.milosnicylasu.olsztyn.pl\/wp-content\/uploads\/2022\/12\/DSCN0172-www-768x576.jpg 768w, https:\/\/www.milosnicylasu.olsztyn.pl\/wp-content\/uploads\/2022\/12\/DSCN0172-www.jpg 1024w\" sizes=\"auto, (max-width: 300px) 100vw, 300px\" \/><\/a>W najbli\u017csz\u0105 sobot\u0119 16 grudnia 2023 roku &#8211; w Wojtkowym lesie , ubieramy le\u015bn\u0105 choink\u0119. Spotkanie o godzinie 10.00 na p\u0119tli autobus\u00f3w Kortowo- Stary Dw\u00f3r. Zapraszamy cz\u0142onk\u00f3w i sympatyk\u00f3w Ko\u0142a, ich rodziny na wsp\u00f3lne ubieranie choinki. Poniewa\u017c jest to choinka w lesie, wi\u0119c przyniesiemy &#8222;jadalne ozdoby&#8221;takie, kt\u00f3re uciesz\u0105 le\u015bne zwierz\u0105tka &#8211; marchewki, jab\u0142uszka, kawa\u0142ki s\u0142oninki &#8230;&#8230;&#8230;..<\/p>\n<p>Ubierzemy choink\u0119, upieczemy kie\u0142baski \/ zaopatrzenie we w\u0142asnym zakresie\/, po\u015bpiewamy kol\u0119dy. Jak b\u0119dziemy \u0142adnie \u015bpiewa\u0107 to mo\u017ce nas us\u0142yszy \u015aw. Miko\u0142aj i przyniesie jakie\u015b prezenty?<\/p>\n<p><a href=\"https:\/\/www.milosnicylasu.olsztyn.pl\/wp-content\/uploads\/2022\/12\/DSCN0167-www.jpg\" data-rel=\"lightbox-image-1\" data-magnific_type=\"image\" data-rl_title=\"\" data-rl_caption=\"\" title=\"\">\u00a0Zdj\u0119cia z poprzedniego roku<img loading=\"lazy\" decoding=\"async\" class=\"size-medium wp-image-7620 alignleft\" src=\"https:\/\/www.milosnicylasu.olsztyn.pl\/wp-content\/uploads\/2022\/12\/DSCN0167-www-300x225.jpg\" alt=\"\" width=\"300\" height=\"225\" srcset=\"https:\/\/www.milosnicylasu.olsztyn.pl\/wp-content\/uploads\/2022\/12\/DSCN0167-www-300x225.jpg 300w, https:\/\/www.milosnicylasu.olsztyn.pl\/wp-content\/uploads\/2022\/12\/DSCN0167-www-768x576.jpg 768w, https:\/\/www.milosnicylasu.olsztyn.pl\/wp-content\/uploads\/2022\/12\/DSCN0167-www.jpg 1024w\" sizes=\"auto, (max-width: 300px) 100vw, 300px\" \/><\/a><\/p>\n","protected":false},"excerpt":{"rendered":"<p>W najbli\u017csz\u0105 sobot\u0119 16 grudnia 2023 roku &#8211; w Wojtkowym lesie , ubieramy le\u015bn\u0105 choink\u0119. Spotkanie o godzinie 10.00 na p\u0119tli autobus\u00f3w Kortowo- Stary Dw\u00f3r. Zapraszamy cz\u0142onk\u00f3w i sympatyk\u00f3w Ko\u0142a, ich rodziny na wsp\u00f3lne ubieranie choinki. Poniewa\u017c jest to choinka w lesie, wi\u0119c przyniesiemy &#8222;jadalne ozdoby&#8221;takie, kt\u00f3re uciesz\u0105 le\u015bne zwierz\u0105tka &#8211; marchewki, jab\u0142uszka, kawa\u0142ki s\u0142oninki [&hellip;]<\/p>\n","protected":false},"author":2,"featured_media":0,"comment_status":"open","ping_status":"open","sticky":false,"template":"","format":"standard","meta":{"footnotes":""},"categories":[9,17,2,11],"tags":[],"class_list":["post-8397","post","type-post","status-publish","format-standard","hentry","category-ciekawostki","category-edukacja-w-terenie","category-rajdy","category-spotkania-artystyczne"],"_links":{"self":[{"href":"https:\/\/www.milosnicylasu.olsztyn.pl\/index.php?rest_route=\/wp\/v2\/posts\/8397","targetHints":{"allow":["GET"]}}],"collection":[{"href":"https:\/\/www.milosnicylasu.olsztyn.pl\/index.php?rest_route=\/wp\/v2\/posts"}],"about":[{"href":"https:\/\/www.milosnicylasu.olsztyn.pl\/index.php?rest_route=\/wp\/v2\/types\/post"}],"author":[{"embeddable":true,"href":"https:\/\/www.milosnicylasu.olsztyn.pl\/index.php?rest_route=\/wp\/v2\/users\/2"}],"replies":[{"embeddable":true,"href":"https:\/\/www.milosnicylasu.olsztyn.pl\/index.php?rest_route=%2Fwp%2Fv2%2Fcomments&post=8397"}],"version-history":[{"count":1,"href":"https:\/\/www.milosnicylasu.olsztyn.pl\/index.php?rest_route=\/wp\/v2\/posts\/8397\/revisions"}],"predecessor-version":[{"id":8398,"href":"https:\/\/www.milosnicylasu.olsztyn.pl\/index.php?rest_route=\/wp\/v2\/posts\/8397\/revisions\/8398"}],"wp:attachment":[{"href":"https:\/\/www.milosnicylasu.olsztyn.pl\/index.php?rest_route=%2Fwp%2Fv2%2Fmedia&parent=8397"}],"wp:term":[{"taxonomy":"category","embeddable":true,"href":"https:\/\/www.milosnicylasu.olsztyn.pl\/index.php?rest_route=%2Fwp%2Fv2%2Fcategories&post=8397"},{"taxonomy":"post_tag","embeddable":true,"href":"https:\/\/www.milosnicylasu.olsztyn.pl\/index.php?rest_route=%2Fwp%2Fv2%2Ftags&post=8397"}],"curies":[{"name":"wp","href":"https:\/\/api.w.org\/{rel}","templated":true}]}}