{"id":8399,"date":"2023-12-16T18:44:27","date_gmt":"2023-12-16T17:44:27","guid":{"rendered":"https:\/\/www.milosnicylasu.olsztyn.pl\/?p=8399"},"modified":"2023-12-16T18:44:27","modified_gmt":"2023-12-16T17:44:27","slug":"podziekowania","status":"publish","type":"post","link":"https:\/\/www.milosnicylasu.olsztyn.pl\/?p=8399","title":{"rendered":"Podzi\u0119kowania&#8230;&#8230;&#8230;&#8230;&#8230;"},"content":{"rendered":"<p><a href=\"https:\/\/www.milosnicylasu.olsztyn.pl\/wp-content\/uploads\/2023\/12\/IMG_20231207_170257_resized_20231213_085542526-www.jpg\" data-rel=\"lightbox-image-0\" data-magnific_type=\"image\" data-rl_title=\"\" data-rl_caption=\"\" title=\"\"><img loading=\"lazy\" decoding=\"async\" class=\"size-medium wp-image-8402 alignleft\" src=\"https:\/\/www.milosnicylasu.olsztyn.pl\/wp-content\/uploads\/2023\/12\/IMG_20231207_170257_resized_20231213_085542526-www-225x300.jpg\" alt=\"\" width=\"225\" height=\"300\" srcset=\"https:\/\/www.milosnicylasu.olsztyn.pl\/wp-content\/uploads\/2023\/12\/IMG_20231207_170257_resized_20231213_085542526-www-225x300.jpg 225w, https:\/\/www.milosnicylasu.olsztyn.pl\/wp-content\/uploads\/2023\/12\/IMG_20231207_170257_resized_20231213_085542526-www-768x1024.jpg 768w, https:\/\/www.milosnicylasu.olsztyn.pl\/wp-content\/uploads\/2023\/12\/IMG_20231207_170257_resized_20231213_085542526-www.jpg 1024w\" sizes=\"auto, (max-width: 225px) 100vw, 225px\" \/><\/a>Ko\u0142o Mi\u0142o\u015bnik\u00f3w Lasu i Militari\u00f3w LOK przy ATW w Olsztynie jest organizacj\u0105 spo\u0142eczn\u0105 &#8211; swoj\u0105 dzia\u0142alno\u015b\u0107 opiera na spo\u0142ecznej pracy og\u00f3\u0142u cz\u0142onk\u00f3w Ko\u0142a. I za t\u0119 prac\u0119 na rzecz Ko\u0142a 7 grudnia 2023 roku podzi\u0119kowano i wyr\u00f3\u017cniono:<a href=\"https:\/\/www.milosnicylasu.olsztyn.pl\/wp-content\/uploads\/2023\/12\/DSCN7015-www.jpg\" data-rel=\"lightbox-image-1\" data-magnific_type=\"image\" data-rl_title=\"\" data-rl_caption=\"\" title=\"\"><img loading=\"lazy\" decoding=\"async\" class=\"size-medium wp-image-8400 alignright\" src=\"https:\/\/www.milosnicylasu.olsztyn.pl\/wp-content\/uploads\/2023\/12\/DSCN7015-www-300x225.jpg\" alt=\"\" width=\"300\" height=\"225\" srcset=\"https:\/\/www.milosnicylasu.olsztyn.pl\/wp-content\/uploads\/2023\/12\/DSCN7015-www-300x225.jpg 300w, https:\/\/www.milosnicylasu.olsztyn.pl\/wp-content\/uploads\/2023\/12\/DSCN7015-www-1024x768.jpg 1024w, https:\/\/www.milosnicylasu.olsztyn.pl\/wp-content\/uploads\/2023\/12\/DSCN7015-www-768x576.jpg 768w, https:\/\/www.milosnicylasu.olsztyn.pl\/wp-content\/uploads\/2023\/12\/DSCN7015-www-1536x1152.jpg 1536w, https:\/\/www.milosnicylasu.olsztyn.pl\/wp-content\/uploads\/2023\/12\/DSCN7015-www.jpg 1600w\" sizes=\"auto, (max-width: 300px) 100vw, 300px\" \/><\/a><\/p>\n<ul>\n<li>Rysi\u0119 i Micha\u0142a K\u0142\u0119bukowskich\u00a0 za organizacj\u0119 konkursu z okazji \u015awi\u0119ta Niepodleg\u0142o\u015bci, w kt\u00f3rym \u015bpiewano pie\u015bni patriotyczne,<\/li>\n<li>Helen\u0119 Fiedoruk, Krystyn\u0119 Tarankiewicz, Dorot\u0119 Ta\u0144sk\u0105, Teres\u0119 Mielczarsk\u0105 za patriotyczne elementy na garderobie w Dniu Narodowego \u015awi\u0119ta,<\/li>\n<li>Antoniemu Jarczykowi i Adamowi Siemakowiczowi za przygotowanie tradycyjnych Andrzejek w czasie kt\u00f3rych p\u0142on\u0119\u0142o ognisko, piekli\u015bmy kie\u0142baski. Sponsorem pocz\u0119stunku by\u0142 Adam, kt\u00f3ry zorganizowa\u0142 te\u017c lanie wosku,<\/li>\n<li>Stefani\u0119 Jarczyk, Mariann\u0119 Bonis\u0142awsk\u0105, Mari\u0119 Igli\u0144sk\u0105, kt\u00f3re wykaza\u0142y si\u0119 najwi\u0119ksz\u0105 wiedz\u0105 z zakresu tradycji, zwyczaju obchodzenia Andrzejek,<\/li>\n<li>Wiesi\u0119 Filipek, Basi\u0119 Bruzgo, Mari\u0119 Igli\u0144sk\u0105, Dorot\u0119 Ta\u0144sk\u0105, Stefani\u0119 Jarczyk i Zofie Karzel &#8211; za przes\u0142ane prace na konkurs fotograficzny\u00a0 z wycieczki cz\u0142onk\u00f3w Ko\u0142a w Gier\u0142o\u017cy<\/li>\n<\/ul>\n<p>Gratulujemy serdecznie wszystkim, podziwiamy za zaanga\u017cowanie, za wiedz\u0119, za umiej\u0119tno\u015bci, dzi\u0119kujemy!<a href=\"https:\/\/www.milosnicylasu.olsztyn.pl\/wp-content\/uploads\/2023\/12\/IMG_20231207_164507_resized_20231213_085223707-www.jpg\" data-rel=\"lightbox-image-2\" data-magnific_type=\"image\" data-rl_title=\"\" data-rl_caption=\"\" title=\"\"><img loading=\"lazy\" decoding=\"async\" class=\"size-medium wp-image-8401 alignright\" src=\"https:\/\/www.milosnicylasu.olsztyn.pl\/wp-content\/uploads\/2023\/12\/IMG_20231207_164507_resized_20231213_085223707-www-300x225.jpg\" alt=\"\" width=\"300\" height=\"225\" srcset=\"https:\/\/www.milosnicylasu.olsztyn.pl\/wp-content\/uploads\/2023\/12\/IMG_20231207_164507_resized_20231213_085223707-www-300x225.jpg 300w, https:\/\/www.milosnicylasu.olsztyn.pl\/wp-content\/uploads\/2023\/12\/IMG_20231207_164507_resized_20231213_085223707-www-768x576.jpg 768w, https:\/\/www.milosnicylasu.olsztyn.pl\/wp-content\/uploads\/2023\/12\/IMG_20231207_164507_resized_20231213_085223707-www.jpg 1024w\" sizes=\"auto, (max-width: 300px) 100vw, 300px\" \/><\/a><\/p>\n<p>__________________<\/p>\n<p>Dzi\u0119kujemy wszystkim cz\u0142onkom Ko\u0142a. Podczas tego grudniowego spotkania w RDLP w Olsztynie prze\u017cyli\u015bmy niesamowite chwile. Otrzymali\u015bmy statuetk\u0119 Oskara i jeszcze co\u015b do zjedzenia i do picia. Ale najwa\u017cniejsze by\u0142y ciep\u0142e s\u0142owa podzi\u0119kowania za nasz\u0105 prac\u0119. By\u0142 to bardzo wzruszaj\u0105cy moment. Dzi\u0119kujemy. Warto pracowa\u0107 spo\u0142ecznie !\u00a0 Krystyna i Anatol Leszczy\u0144scy<\/p>\n<p>&nbsp;<\/p>\n","protected":false},"excerpt":{"rendered":"<p>Ko\u0142o Mi\u0142o\u015bnik\u00f3w Lasu i Militari\u00f3w LOK przy ATW w Olsztynie jest organizacj\u0105 spo\u0142eczn\u0105 &#8211; swoj\u0105 dzia\u0142alno\u015b\u0107 opiera na spo\u0142ecznej pracy og\u00f3\u0142u cz\u0142onk\u00f3w Ko\u0142a. I za t\u0119 prac\u0119 na rzecz Ko\u0142a 7 grudnia 2023 roku podzi\u0119kowano i wyr\u00f3\u017cniono: Rysi\u0119 i Micha\u0142a K\u0142\u0119bukowskich\u00a0 za organizacj\u0119 konkursu z okazji \u015awi\u0119ta Niepodleg\u0142o\u015bci, w kt\u00f3rym \u015bpiewano pie\u015bni patriotyczne, Helen\u0119 Fiedoruk, [&hellip;]<\/p>\n","protected":false},"author":2,"featured_media":0,"comment_status":"open","ping_status":"open","sticky":false,"template":"","format":"standard","meta":{"footnotes":""},"categories":[1,9,6,3],"tags":[],"class_list":["post-8399","post","type-post","status-publish","format-standard","hentry","category-bez-kategorii","category-ciekawostki","category-odznaczenia","category-zebrania"],"_links":{"self":[{"href":"https:\/\/www.milosnicylasu.olsztyn.pl\/index.php?rest_route=\/wp\/v2\/posts\/8399","targetHints":{"allow":["GET"]}}],"collection":[{"href":"https:\/\/www.milosnicylasu.olsztyn.pl\/index.php?rest_route=\/wp\/v2\/posts"}],"about":[{"href":"https:\/\/www.milosnicylasu.olsztyn.pl\/index.php?rest_route=\/wp\/v2\/types\/post"}],"author":[{"embeddable":true,"href":"https:\/\/www.milosnicylasu.olsztyn.pl\/index.php?rest_route=\/wp\/v2\/users\/2"}],"replies":[{"embeddable":true,"href":"https:\/\/www.milosnicylasu.olsztyn.pl\/index.php?rest_route=%2Fwp%2Fv2%2Fcomments&post=8399"}],"version-history":[{"count":1,"href":"https:\/\/www.milosnicylasu.olsztyn.pl\/index.php?rest_route=\/wp\/v2\/posts\/8399\/revisions"}],"predecessor-version":[{"id":8403,"href":"https:\/\/www.milosnicylasu.olsztyn.pl\/index.php?rest_route=\/wp\/v2\/posts\/8399\/revisions\/8403"}],"wp:attachment":[{"href":"https:\/\/www.milosnicylasu.olsztyn.pl\/index.php?rest_route=%2Fwp%2Fv2%2Fmedia&parent=8399"}],"wp:term":[{"taxonomy":"category","embeddable":true,"href":"https:\/\/www.milosnicylasu.olsztyn.pl\/index.php?rest_route=%2Fwp%2Fv2%2Fcategories&post=8399"},{"taxonomy":"post_tag","embeddable":true,"href":"https:\/\/www.milosnicylasu.olsztyn.pl\/index.php?rest_route=%2Fwp%2Fv2%2Ftags&post=8399"}],"curies":[{"name":"wp","href":"https:\/\/api.w.org\/{rel}","templated":true}]}}