{"id":8421,"date":"2023-12-20T19:38:15","date_gmt":"2023-12-20T18:38:15","guid":{"rendered":"https:\/\/www.milosnicylasu.olsztyn.pl\/?p=8421"},"modified":"2023-12-29T22:03:17","modified_gmt":"2023-12-29T21:03:17","slug":"mamy-juz-pierwsza-choinke","status":"publish","type":"post","link":"https:\/\/www.milosnicylasu.olsztyn.pl\/?p=8421","title":{"rendered":"Mamy ju\u017c pierwsz\u0105 choink\u0119 i drug\u0105, trzeci\u0105&#8230;&#8230;."},"content":{"rendered":"<p><a href=\"https:\/\/www.milosnicylasu.olsztyn.pl\/wp-content\/uploads\/2023\/12\/IMG_0374-www.jpg\" data-rel=\"lightbox-image-0\" data-magnific_type=\"image\" data-rl_title=\"\" data-rl_caption=\"\" title=\"\"><img loading=\"lazy\" decoding=\"async\" class=\"size-medium wp-image-8422 alignleft\" src=\"https:\/\/www.milosnicylasu.olsztyn.pl\/wp-content\/uploads\/2023\/12\/IMG_0374-www-225x300.jpg\" alt=\"\" width=\"225\" height=\"300\" srcset=\"https:\/\/www.milosnicylasu.olsztyn.pl\/wp-content\/uploads\/2023\/12\/IMG_0374-www-225x300.jpg 225w, https:\/\/www.milosnicylasu.olsztyn.pl\/wp-content\/uploads\/2023\/12\/IMG_0374-www.jpg 768w\" sizes=\"auto, (max-width: 225px) 100vw, 225px\" \/><\/a><strong>Zdj\u0119cie swojej choinki przys\u0142a\u0142a Ola Tabor. Jest \u015bliczna! Mamy ju\u017c drug\u0105 od Wiesi i Jasia Filipk\u00f3w. Te\u017c pi\u0119kna! Trzecia jest Krysi i Tolka Leszczy\u0144skich&#8230;&#8230;<br \/>\n<\/strong><\/p>\n<p>&nbsp;<\/p>\n<p><strong>W wielu kulturach drzewo, zw\u0142aszcza iglaste, jest uwa\u017cane za symbol \u017cycia i odradzania si\u0119, trwania i p\u0142odno\u015bci. Jest to zas\u0142ug\u0105 wiecznie zielonych ga\u0142\u0105zek, kt\u00f3re nie trac\u0105 koloru nawet zim\u0105. W kulturze chrze\u015bcija\u0144skiej drzewo iglaste symbolizuje te\u017c drzewo \u017cycia.<\/strong><\/p>\n<p><strong><a href=\"https:\/\/www.milosnicylasu.olsztyn.pl\/wp-content\/uploads\/2023\/12\/DSCN5644-www.jpg\" data-rel=\"lightbox-image-1\" data-magnific_type=\"image\" data-rl_title=\"\" data-rl_caption=\"\" title=\"\"><img loading=\"lazy\" decoding=\"async\" class=\"size-medium wp-image-8428 alignleft\" src=\"https:\/\/www.milosnicylasu.olsztyn.pl\/wp-content\/uploads\/2023\/12\/DSCN5644-www-200x300.jpg\" alt=\"\" width=\"200\" height=\"300\" srcset=\"https:\/\/www.milosnicylasu.olsztyn.pl\/wp-content\/uploads\/2023\/12\/DSCN5644-www-200x300.jpg 200w, https:\/\/www.milosnicylasu.olsztyn.pl\/wp-content\/uploads\/2023\/12\/DSCN5644-www.jpg 682w\" sizes=\"auto, (max-width: 200px) 100vw, 200px\" \/><\/a>Pierwsze choinki dekorowano rajskimi jab\u0142uszkami, orzechami i r\u0119cznie robionymi ozdobami z papieru. Ozdoby te mia\u0142y podkre\u015bla\u0107 urod\u0119 drzewka.<\/strong><\/p>\n<p><strong>Wsp\u00f3\u0142cze\u015bnie co roku sprzedaje si\u0119 34\u201336 mln drzewek iglastych z przeznaczeniem na choinki, a sadzi si\u0119 ok. 90 mln.<\/strong><\/p>\n<p><strong>\u00a0<\/strong><\/p>\n<p><a href=\"https:\/\/www.milosnicylasu.olsztyn.pl\/wp-content\/uploads\/2023\/12\/PC200003-www.jpg\" data-rel=\"lightbox-image-2\" data-magnific_type=\"image\" data-rl_title=\"\" data-rl_caption=\"\" title=\"\"><img loading=\"lazy\" decoding=\"async\" class=\"size-medium wp-image-8430\" src=\"https:\/\/www.milosnicylasu.olsztyn.pl\/wp-content\/uploads\/2023\/12\/PC200003-www-225x300.jpg\" alt=\"\" width=\"225\" height=\"300\" srcset=\"https:\/\/www.milosnicylasu.olsztyn.pl\/wp-content\/uploads\/2023\/12\/PC200003-www-225x300.jpg 225w, https:\/\/www.milosnicylasu.olsztyn.pl\/wp-content\/uploads\/2023\/12\/PC200003-www.jpg 768w\" sizes=\"auto, (max-width: 225px) 100vw, 225px\" \/><\/a><\/p>\n<p><strong>Ciekawie prezentuje si\u0119 tak\u017ce rozw\u00f3j dekoracji choinki. Jab\u0142uszka z czasem zosta\u0142y wyparte przez szklane bombki, cz\u0119sto w wymy\u015blnych kszta\u0142tach, jak muchomory, a \u015bwieczki zosta\u0142y zast\u0105pione przez lampki elektryczne. Przy czym \u015bwiate\u0142ka na d\u0142ugo zachowa\u0142y formy \u015bwiec. Z kolei anio\u0142y na czubku zosta\u0142y wyparte przez gwiazdy. Dzi\u015b ch\u0119tnie wracamy do tradycyjnych ozd\u00f3b, jak gwiazdki z papieru, anio\u0142ki ze s\u0142omy czy kokardki.<\/strong><\/p>\n<p><strong><a href=\"https:\/\/www.milosnicylasu.olsztyn.pl\/wp-content\/uploads\/2023\/12\/IMG_20231216_110644-www.jpg\" data-rel=\"lightbox-image-3\" data-magnific_type=\"image\" data-rl_title=\"\" data-rl_caption=\"\" title=\"\"><img loading=\"lazy\" decoding=\"async\" class=\"size-medium wp-image-8442 alignleft\" src=\"https:\/\/www.milosnicylasu.olsztyn.pl\/wp-content\/uploads\/2023\/12\/IMG_20231216_110644-www-225x300.jpg\" alt=\"\" width=\"225\" height=\"300\" srcset=\"https:\/\/www.milosnicylasu.olsztyn.pl\/wp-content\/uploads\/2023\/12\/IMG_20231216_110644-www-225x300.jpg 225w, https:\/\/www.milosnicylasu.olsztyn.pl\/wp-content\/uploads\/2023\/12\/IMG_20231216_110644-www.jpg 768w\" sizes=\"auto, (max-width: 225px) 100vw, 225px\" \/><\/a><\/strong><\/p>\n<p><strong>Choinka, kt\u00f3ra ubrali\u015bmy w &#8222;Wojtkowym lesie&#8221; &#8211; przybrana w marchewki, jab\u0142uszka, kawa\u0142ki s\u0142oniny,\u00a0 w pyzy z r\u00f3\u017cnymi nasionkami &#8211; wszystko dla naszych le\u015bnych przyjaci\u00f3\u0142 \/zdj\u0119cie Adam Siemakowicz\/. <\/strong><\/p>\n<p><strong>Zdj\u0119cie swojej choinki przys\u0142a\u0142a Magda z Bia\u0142egostoku<\/strong><\/p>\n<p><a href=\"https:\/\/www.milosnicylasu.olsztyn.pl\/wp-content\/uploads\/2023\/12\/image0000001-www-Magda.jpg\" data-rel=\"lightbox-image-4\" data-magnific_type=\"image\" data-rl_title=\"\" data-rl_caption=\"\" title=\"\"><img loading=\"lazy\" decoding=\"async\" class=\"alignnone size-medium wp-image-8447\" src=\"https:\/\/www.milosnicylasu.olsztyn.pl\/wp-content\/uploads\/2023\/12\/image0000001-www-Magda-225x300.jpg\" alt=\"\" width=\"225\" height=\"300\" srcset=\"https:\/\/www.milosnicylasu.olsztyn.pl\/wp-content\/uploads\/2023\/12\/image0000001-www-Magda-225x300.jpg 225w, https:\/\/www.milosnicylasu.olsztyn.pl\/wp-content\/uploads\/2023\/12\/image0000001-www-Magda.jpg 768w\" sizes=\"auto, (max-width: 225px) 100vw, 225px\" \/><\/a><\/p>\n<p><strong>i Arek Mrozowski<\/strong><\/p>\n<p><a href=\"https:\/\/www.milosnicylasu.olsztyn.pl\/wp-content\/uploads\/2023\/12\/IMG_20231217_140236321-www.jpg\" data-rel=\"lightbox-image-5\" data-magnific_type=\"image\" data-rl_title=\"\" data-rl_caption=\"\" title=\"\"><img loading=\"lazy\" decoding=\"async\" class=\"alignnone size-medium wp-image-8448\" src=\"https:\/\/www.milosnicylasu.olsztyn.pl\/wp-content\/uploads\/2023\/12\/IMG_20231217_140236321-www-226x300.jpg\" alt=\"\" width=\"226\" height=\"300\" srcset=\"https:\/\/www.milosnicylasu.olsztyn.pl\/wp-content\/uploads\/2023\/12\/IMG_20231217_140236321-www-226x300.jpg 226w, https:\/\/www.milosnicylasu.olsztyn.pl\/wp-content\/uploads\/2023\/12\/IMG_20231217_140236321-www-768x1020.jpg 768w, https:\/\/www.milosnicylasu.olsztyn.pl\/wp-content\/uploads\/2023\/12\/IMG_20231217_140236321-www.jpg 771w\" sizes=\"auto, (max-width: 226px) 100vw, 226px\" \/><\/a><\/p>\n<p><strong>i Igor Siemakowicz<\/strong><\/p>\n<p><a href=\"https:\/\/www.milosnicylasu.olsztyn.pl\/wp-content\/uploads\/2023\/12\/IMG_20231220_181142-www.jpg\" data-rel=\"lightbox-image-6\" data-magnific_type=\"image\" data-rl_title=\"\" data-rl_caption=\"\" title=\"\"><img loading=\"lazy\" decoding=\"async\" class=\"alignnone size-medium wp-image-8451\" src=\"https:\/\/www.milosnicylasu.olsztyn.pl\/wp-content\/uploads\/2023\/12\/IMG_20231220_181142-www-225x300.jpg\" alt=\"\" width=\"225\" height=\"300\" srcset=\"https:\/\/www.milosnicylasu.olsztyn.pl\/wp-content\/uploads\/2023\/12\/IMG_20231220_181142-www-225x300.jpg 225w, https:\/\/www.milosnicylasu.olsztyn.pl\/wp-content\/uploads\/2023\/12\/IMG_20231220_181142-www.jpg 768w\" sizes=\"auto, (max-width: 225px) 100vw, 225px\" \/><\/a><\/p>\n","protected":false},"excerpt":{"rendered":"<p>Zdj\u0119cie swojej choinki przys\u0142a\u0142a Ola Tabor. Jest \u015bliczna! Mamy ju\u017c drug\u0105 od Wiesi i Jasia Filipk\u00f3w. Te\u017c pi\u0119kna! Trzecia jest Krysi i Tolka Leszczy\u0144skich&#8230;&#8230; &nbsp; W wielu kulturach drzewo, zw\u0142aszcza iglaste, jest uwa\u017cane za symbol \u017cycia i odradzania si\u0119, trwania i p\u0142odno\u015bci. Jest to zas\u0142ug\u0105 wiecznie zielonych ga\u0142\u0105zek, kt\u00f3re nie trac\u0105 koloru nawet zim\u0105. W [&hellip;]<\/p>\n","protected":false},"author":2,"featured_media":0,"comment_status":"open","ping_status":"open","sticky":false,"template":"","format":"standard","meta":{"footnotes":""},"categories":[1,9],"tags":[],"class_list":["post-8421","post","type-post","status-publish","format-standard","hentry","category-bez-kategorii","category-ciekawostki"],"_links":{"self":[{"href":"https:\/\/www.milosnicylasu.olsztyn.pl\/index.php?rest_route=\/wp\/v2\/posts\/8421","targetHints":{"allow":["GET"]}}],"collection":[{"href":"https:\/\/www.milosnicylasu.olsztyn.pl\/index.php?rest_route=\/wp\/v2\/posts"}],"about":[{"href":"https:\/\/www.milosnicylasu.olsztyn.pl\/index.php?rest_route=\/wp\/v2\/types\/post"}],"author":[{"embeddable":true,"href":"https:\/\/www.milosnicylasu.olsztyn.pl\/index.php?rest_route=\/wp\/v2\/users\/2"}],"replies":[{"embeddable":true,"href":"https:\/\/www.milosnicylasu.olsztyn.pl\/index.php?rest_route=%2Fwp%2Fv2%2Fcomments&post=8421"}],"version-history":[{"count":9,"href":"https:\/\/www.milosnicylasu.olsztyn.pl\/index.php?rest_route=\/wp\/v2\/posts\/8421\/revisions"}],"predecessor-version":[{"id":8453,"href":"https:\/\/www.milosnicylasu.olsztyn.pl\/index.php?rest_route=\/wp\/v2\/posts\/8421\/revisions\/8453"}],"wp:attachment":[{"href":"https:\/\/www.milosnicylasu.olsztyn.pl\/index.php?rest_route=%2Fwp%2Fv2%2Fmedia&parent=8421"}],"wp:term":[{"taxonomy":"category","embeddable":true,"href":"https:\/\/www.milosnicylasu.olsztyn.pl\/index.php?rest_route=%2Fwp%2Fv2%2Fcategories&post=8421"},{"taxonomy":"post_tag","embeddable":true,"href":"https:\/\/www.milosnicylasu.olsztyn.pl\/index.php?rest_route=%2Fwp%2Fv2%2Ftags&post=8421"}],"curies":[{"name":"wp","href":"https:\/\/api.w.org\/{rel}","templated":true}]}}