{"id":8436,"date":"2023-12-27T21:12:27","date_gmt":"2023-12-27T20:12:27","guid":{"rendered":"https:\/\/www.milosnicylasu.olsztyn.pl\/?p=8436"},"modified":"2023-12-27T21:14:00","modified_gmt":"2023-12-27T20:14:00","slug":"kormorany-zimuja-w-olsztynie","status":"publish","type":"post","link":"https:\/\/www.milosnicylasu.olsztyn.pl\/?p=8436","title":{"rendered":"Kormorany zimuj\u0105 w Olsztynie ?"},"content":{"rendered":"<p><a href=\"https:\/\/www.milosnicylasu.olsztyn.pl\/wp-content\/uploads\/2023\/12\/PC240028-www.jpg\" data-rel=\"lightbox-image-0\" data-magnific_type=\"image\" data-rl_title=\"\" data-rl_caption=\"\" title=\"\"><img loading=\"lazy\" decoding=\"async\" class=\"size-medium wp-image-8437 alignleft\" src=\"https:\/\/www.milosnicylasu.olsztyn.pl\/wp-content\/uploads\/2023\/12\/PC240028-www-300x225.jpg\" alt=\"\" width=\"300\" height=\"225\" srcset=\"https:\/\/www.milosnicylasu.olsztyn.pl\/wp-content\/uploads\/2023\/12\/PC240028-www-300x225.jpg 300w, https:\/\/www.milosnicylasu.olsztyn.pl\/wp-content\/uploads\/2023\/12\/PC240028-www-768x576.jpg 768w, https:\/\/www.milosnicylasu.olsztyn.pl\/wp-content\/uploads\/2023\/12\/PC240028-www.jpg 1024w\" sizes=\"auto, (max-width: 300px) 100vw, 300px\" \/><\/a><\/p>\n<p><strong>Trudno powiedzie\u0107, czy w\u0142a\u015bciwa jest liczba mnoga &#8230;&#8230;. na pewno zimuje jeden &#8211; na rzece Wad\u0105g. I oto dow\u00f3d. Zdj\u0119cie zrobione przez Tolka Leszczy\u0144skiego 25 grudnia 2023 roku. <\/strong><\/p>\n<p><strong>Has\u0142owo mo\u017cna przeczyta\u0107 w internecie, \u017ce kormorany odlatuj\u0105 w sierpniu z Polski i zimuj\u0105 na po\u0142udniu Europy.\u00a0 I teraz pytanie &#8211; czy ten kormoran nie odlecia\u0142, czy ju\u017c wr\u00f3ci\u0142&#8230;.. , czyli wiosna tu\u017c, tuz&#8230;&#8230;&#8230;..? <\/strong><\/p>\n<p><strong>Okazuje si\u0119 jednak, \u017ce w ostatnich latach tak\u017ce nasz kraj staje si\u0119 miejscem ich zimowania. Np. w Krakowie przeczekuj\u0105 trudne dla siebie miesi\u0105ce setki mew i kormoran\u00f3w, kt\u00f3re przyci\u0105gaj\u0105 tutaj \u0142agodna zima, sporo ryb w Wi\u015ble i mn\u00f3stwo odpadk\u00f3w \u017cywno\u015bci.<\/strong><br \/>\n<strong>Od listopada przy bulwarze wi\u015blanym w Krakowie &#8211; na odcinku od zapory D\u0105bie a\u017c po Wawel &#8211; pe\u0142no jest najr\u00f3\u017cniejszych gatunk\u00f3w ptak\u00f3w wodnych. Najliczniejsze w\u015br\u00f3d nich s\u0105 \u0142ab\u0119d\u017a niemy, mewa \u015bmieszka, kaczka krzy\u017c\u00f3wka i ca\u0142kowicie czarna \u0142yska\u201d &#8211; poinformowa\u0142a o tym ciekawym zjawisku Polska Agencja Prasowa.<\/strong><br \/>\n<strong>\u00a0Sp\u0119dzaj\u0105 w Krakowie ca\u0142\u0105 zim\u0119, gdy\u017c jest tu do\u015b\u0107 \u0142agodny klimat, a na niekt\u00f3rych odcinkach Wis\u0142a nie zamarza. Ptaki wodne przyci\u0105gaj\u0105 tu te\u017c liczne wysypiska \u015bmieci, gdzie znajduj\u0105 \u017cywno\u015b\u0107, np. teren Baryczy. Mewy, \u0142ab\u0119dzie i kaczki s\u0105 cz\u0119sto dokarmiane przez mieszka\u0144c\u00f3w i turyst\u00f3w i dlatego upodoba\u0142y sobie zakole Wis\u0142y tu\u017c pod zamkiem na Wawelu czy okolice Mostu Grunwaldzkiego. <\/strong><br \/>\n<strong>Szczeg\u00f3lnie liczne s\u0105 kormorany, kt\u00f3re w stolicy Ma\u0142opolski sp\u0119dzaj\u0105 ca\u0142\u0105 zim\u0119.<\/strong><br \/>\n<strong>Wed\u0142ug szacunk\u00f3w przyrodnik\u00f3w, na Wi\u015ble w Krakowie jest zim\u0105 od 100 do nawet 400 osobnik\u00f3w tego gatunku. Przylatuj\u0105 tu ze swoich letnich siedlisk na p\u00f3\u0142nocy Polski, gdzie najwi\u0119ksza kolonia na Mierzei Wi\u015blanej liczy kilka tysi\u0119cy par.<\/strong><\/p>\n<p><strong>\u00a0Jeszcze 20-15 lat temu w Krakowie w og\u00f3le nie by\u0142o kormoran\u00f3w. \u017bywi\u0105 si\u0119 rybami, kt\u00f3rych z powodu zanieczyszczenia wody prawie nie by\u0142o na odcinku miejskim Wis\u0142y. Oczyszczenie rzeki w okolicy miasta i liczne pojawienie si\u0119 ryb spowodowa\u0142o, \u017ce sta\u0142a si\u0119 atrakcyjna dla ptactwa.<\/strong><\/p>\n<p><strong>Okazuje si\u0119, \u017ce rzeka Wad\u0105g w Olsztynie jest atrakcyjna dla kormoran\u00f3w nie tylko latem , ale i zim\u0105. Nie ucieszy to na pewno w\u0119dkarzy, kt\u00f3rzy b\u0119d\u0105 musieli dzieli\u0107 si\u0119 rybkami. My d\u0142ugo przygl\u0105dali\u015bmy si\u0119 spektaklowi trzepotania skrzyde\u0142. Trwa\u0142o to naprawd\u0119 d\u0142ugo.\u00a0 Dopiero wtedy wida\u0107 jaki to pi\u0119kny ptak !<\/strong><\/p>\n<p><a href=\"https:\/\/www.milosnicylasu.olsztyn.pl\/wp-content\/uploads\/2023\/12\/PC240022-www.jpg\" data-rel=\"lightbox-image-1\" data-magnific_type=\"image\" data-rl_title=\"\" data-rl_caption=\"\" title=\"\"><img loading=\"lazy\" decoding=\"async\" class=\"size-medium wp-image-8438\" src=\"https:\/\/www.milosnicylasu.olsztyn.pl\/wp-content\/uploads\/2023\/12\/PC240022-www-300x225.jpg\" alt=\"\" width=\"300\" height=\"225\" srcset=\"https:\/\/www.milosnicylasu.olsztyn.pl\/wp-content\/uploads\/2023\/12\/PC240022-www-300x225.jpg 300w, https:\/\/www.milosnicylasu.olsztyn.pl\/wp-content\/uploads\/2023\/12\/PC240022-www-768x576.jpg 768w, https:\/\/www.milosnicylasu.olsztyn.pl\/wp-content\/uploads\/2023\/12\/PC240022-www.jpg 1024w\" sizes=\"auto, (max-width: 300px) 100vw, 300px\" \/><\/a><\/p>\n","protected":false},"excerpt":{"rendered":"<p>Trudno powiedzie\u0107, czy w\u0142a\u015bciwa jest liczba mnoga &#8230;&#8230;. na pewno zimuje jeden &#8211; na rzece Wad\u0105g. I oto dow\u00f3d. Zdj\u0119cie zrobione przez Tolka Leszczy\u0144skiego 25 grudnia 2023 roku. Has\u0142owo mo\u017cna przeczyta\u0107 w internecie, \u017ce kormorany odlatuj\u0105 w sierpniu z Polski i zimuj\u0105 na po\u0142udniu Europy.\u00a0 I teraz pytanie &#8211; czy ten kormoran nie odlecia\u0142, czy [&hellip;]<\/p>\n","protected":false},"author":2,"featured_media":0,"comment_status":"open","ping_status":"open","sticky":false,"template":"","format":"standard","meta":{"footnotes":""},"categories":[1,9,17],"tags":[],"class_list":["post-8436","post","type-post","status-publish","format-standard","hentry","category-bez-kategorii","category-ciekawostki","category-edukacja-w-terenie"],"_links":{"self":[{"href":"https:\/\/www.milosnicylasu.olsztyn.pl\/index.php?rest_route=\/wp\/v2\/posts\/8436","targetHints":{"allow":["GET"]}}],"collection":[{"href":"https:\/\/www.milosnicylasu.olsztyn.pl\/index.php?rest_route=\/wp\/v2\/posts"}],"about":[{"href":"https:\/\/www.milosnicylasu.olsztyn.pl\/index.php?rest_route=\/wp\/v2\/types\/post"}],"author":[{"embeddable":true,"href":"https:\/\/www.milosnicylasu.olsztyn.pl\/index.php?rest_route=\/wp\/v2\/users\/2"}],"replies":[{"embeddable":true,"href":"https:\/\/www.milosnicylasu.olsztyn.pl\/index.php?rest_route=%2Fwp%2Fv2%2Fcomments&post=8436"}],"version-history":[{"count":3,"href":"https:\/\/www.milosnicylasu.olsztyn.pl\/index.php?rest_route=\/wp\/v2\/posts\/8436\/revisions"}],"predecessor-version":[{"id":8441,"href":"https:\/\/www.milosnicylasu.olsztyn.pl\/index.php?rest_route=\/wp\/v2\/posts\/8436\/revisions\/8441"}],"wp:attachment":[{"href":"https:\/\/www.milosnicylasu.olsztyn.pl\/index.php?rest_route=%2Fwp%2Fv2%2Fmedia&parent=8436"}],"wp:term":[{"taxonomy":"category","embeddable":true,"href":"https:\/\/www.milosnicylasu.olsztyn.pl\/index.php?rest_route=%2Fwp%2Fv2%2Fcategories&post=8436"},{"taxonomy":"post_tag","embeddable":true,"href":"https:\/\/www.milosnicylasu.olsztyn.pl\/index.php?rest_route=%2Fwp%2Fv2%2Ftags&post=8436"}],"curies":[{"name":"wp","href":"https:\/\/api.w.org\/{rel}","templated":true}]}}