{"id":8444,"date":"2023-12-28T21:45:49","date_gmt":"2023-12-28T20:45:49","guid":{"rendered":"https:\/\/www.milosnicylasu.olsztyn.pl\/?p=8444"},"modified":"2023-12-28T21:46:32","modified_gmt":"2023-12-28T20:46:32","slug":"witamy-w-kole","status":"publish","type":"post","link":"https:\/\/www.milosnicylasu.olsztyn.pl\/?p=8444","title":{"rendered":"Witamy w Kole"},"content":{"rendered":"<p><a href=\"https:\/\/www.milosnicylasu.olsztyn.pl\/wp-content\/uploads\/2023\/12\/IMG_20231216_110536-www.jpg\" data-rel=\"lightbox-image-0\" data-magnific_type=\"image\" data-rl_title=\"\" data-rl_caption=\"\" title=\"\"><img loading=\"lazy\" decoding=\"async\" class=\"size-medium wp-image-8445 alignleft\" src=\"https:\/\/www.milosnicylasu.olsztyn.pl\/wp-content\/uploads\/2023\/12\/IMG_20231216_110536-www-225x300.jpg\" alt=\"\" width=\"225\" height=\"300\" srcset=\"https:\/\/www.milosnicylasu.olsztyn.pl\/wp-content\/uploads\/2023\/12\/IMG_20231216_110536-www-225x300.jpg 225w, https:\/\/www.milosnicylasu.olsztyn.pl\/wp-content\/uploads\/2023\/12\/IMG_20231216_110536-www.jpg 768w\" sizes=\"auto, (max-width: 225px) 100vw, 225px\" \/><\/a><\/p>\n<p>1<strong>6 grudnia 2023 roku legitymacj\u0119 cz\u0142onkowsk\u0105 Ko\u0142a Mi\u0142o\u015bnik\u00f3w Lasu i Militari\u00f3w LOK w Olsztynie otrzyma\u0142 Wojtek Kleszczy\u0144ski , kt\u00f3ry od kilku lat czynnie uczestniczy w naszych\u00a0 zaj\u0119ciach. Gratulujemy !<\/strong><\/p>\n<p><strong>No i \u015brednia wieku nam zmala\u0142a&#8230;&#8230;&#8230;i to jest wielka rado\u015b\u0107!<\/strong><\/p>\n<p>&nbsp;<\/p>\n<p>&nbsp;<\/p>\n<p>\/zdj\u0119cie Adam Siemakowicz\/<\/p>\n","protected":false},"excerpt":{"rendered":"<p>16 grudnia 2023 roku legitymacj\u0119 cz\u0142onkowsk\u0105 Ko\u0142a Mi\u0142o\u015bnik\u00f3w Lasu i Militari\u00f3w LOK w Olsztynie otrzyma\u0142 Wojtek Kleszczy\u0144ski , kt\u00f3ry od kilku lat czynnie uczestniczy w naszych\u00a0 zaj\u0119ciach. Gratulujemy ! No i \u015brednia wieku nam zmala\u0142a&#8230;&#8230;&#8230;i to jest wielka rado\u015b\u0107! &nbsp; &nbsp; \/zdj\u0119cie Adam Siemakowicz\/<\/p>\n","protected":false},"author":2,"featured_media":0,"comment_status":"open","ping_status":"open","sticky":false,"template":"","format":"standard","meta":{"footnotes":""},"categories":[9,17,2],"tags":[],"class_list":["post-8444","post","type-post","status-publish","format-standard","hentry","category-ciekawostki","category-edukacja-w-terenie","category-rajdy"],"_links":{"self":[{"href":"https:\/\/www.milosnicylasu.olsztyn.pl\/index.php?rest_route=\/wp\/v2\/posts\/8444","targetHints":{"allow":["GET"]}}],"collection":[{"href":"https:\/\/www.milosnicylasu.olsztyn.pl\/index.php?rest_route=\/wp\/v2\/posts"}],"about":[{"href":"https:\/\/www.milosnicylasu.olsztyn.pl\/index.php?rest_route=\/wp\/v2\/types\/post"}],"author":[{"embeddable":true,"href":"https:\/\/www.milosnicylasu.olsztyn.pl\/index.php?rest_route=\/wp\/v2\/users\/2"}],"replies":[{"embeddable":true,"href":"https:\/\/www.milosnicylasu.olsztyn.pl\/index.php?rest_route=%2Fwp%2Fv2%2Fcomments&post=8444"}],"version-history":[{"count":1,"href":"https:\/\/www.milosnicylasu.olsztyn.pl\/index.php?rest_route=\/wp\/v2\/posts\/8444\/revisions"}],"predecessor-version":[{"id":8446,"href":"https:\/\/www.milosnicylasu.olsztyn.pl\/index.php?rest_route=\/wp\/v2\/posts\/8444\/revisions\/8446"}],"wp:attachment":[{"href":"https:\/\/www.milosnicylasu.olsztyn.pl\/index.php?rest_route=%2Fwp%2Fv2%2Fmedia&parent=8444"}],"wp:term":[{"taxonomy":"category","embeddable":true,"href":"https:\/\/www.milosnicylasu.olsztyn.pl\/index.php?rest_route=%2Fwp%2Fv2%2Fcategories&post=8444"},{"taxonomy":"post_tag","embeddable":true,"href":"https:\/\/www.milosnicylasu.olsztyn.pl\/index.php?rest_route=%2Fwp%2Fv2%2Ftags&post=8444"}],"curies":[{"name":"wp","href":"https:\/\/api.w.org\/{rel}","templated":true}]}}