{"id":8456,"date":"2024-01-02T08:00:26","date_gmt":"2024-01-02T07:00:26","guid":{"rendered":"https:\/\/www.milosnicylasu.olsztyn.pl\/?p=8456"},"modified":"2024-01-02T09:55:05","modified_gmt":"2024-01-02T08:55:05","slug":"sylwester-w-lesie-2","status":"publish","type":"post","link":"https:\/\/www.milosnicylasu.olsztyn.pl\/?p=8456","title":{"rendered":"Sylwester w lesie?"},"content":{"rendered":"<p><a href=\"https:\/\/www.milosnicylasu.olsztyn.pl\/wp-content\/uploads\/2024\/01\/DSCN7066-www.jpg\" data-rel=\"lightbox-image-0\" data-magnific_type=\"image\" data-rl_title=\"\" data-rl_caption=\"\" title=\"\"><img loading=\"lazy\" decoding=\"async\" class=\"size-medium wp-image-8457 alignleft\" src=\"https:\/\/www.milosnicylasu.olsztyn.pl\/wp-content\/uploads\/2024\/01\/DSCN7066-www-300x225.jpg\" alt=\"\" width=\"300\" height=\"225\" srcset=\"https:\/\/www.milosnicylasu.olsztyn.pl\/wp-content\/uploads\/2024\/01\/DSCN7066-www-300x225.jpg 300w, https:\/\/www.milosnicylasu.olsztyn.pl\/wp-content\/uploads\/2024\/01\/DSCN7066-www-768x576.jpg 768w, https:\/\/www.milosnicylasu.olsztyn.pl\/wp-content\/uploads\/2024\/01\/DSCN7066-www.jpg 1024w\" sizes=\"auto, (max-width: 300px) 100vw, 300px\" \/><\/a><strong>Ju\u017c kolejny rok cz\u0142onkowie Ko\u0142a Mi\u0142o\u015bnik\u00f3w Lasu i Militari\u00f3w LOK w Olsztynie po\u017cegnali stary rok w &#8222;Wojtkowym lesie&#8221; &#8211; w Le\u015bnictwie Stary Dw\u00f3r, w Nadle\u015bnictwie Kudypy. Do Le\u015bnictwa dotarli\u015bmy pokonuj\u0105c niecodzienn\u0105 przeszkod\u0119. Ostatnie wichury powali\u0142y drzewa w lesie. Jedno spad\u0142o na drog\u0119, kt\u00f3r\u0105 przeje\u017cd\u017cali koledzy, kt\u00f3rzy mieli za zadanie przygotowa\u0107 ognisko.\u00a0 Trzeba by\u0142o usun\u0105\u0107 przeszkod\u0119. Tym\u00a0 zaj\u0105\u0142 si\u0119 nasz Kolega z Krakowa &#8211; Krakowski B\u00f3br.<\/strong><\/p>\n<p>&nbsp;<\/p>\n<p><strong><a href=\"https:\/\/www.milosnicylasu.olsztyn.pl\/wp-content\/uploads\/2024\/01\/DSCN7027-www.jpg\" data-rel=\"lightbox-image-1\" data-magnific_type=\"image\" data-rl_title=\"\" data-rl_caption=\"\" title=\"\"><img loading=\"lazy\" decoding=\"async\" class=\"size-medium wp-image-8459 alignleft\" src=\"https:\/\/www.milosnicylasu.olsztyn.pl\/wp-content\/uploads\/2024\/01\/DSCN7027-www-300x225.jpg\" alt=\"\" width=\"300\" height=\"225\" srcset=\"https:\/\/www.milosnicylasu.olsztyn.pl\/wp-content\/uploads\/2024\/01\/DSCN7027-www-300x225.jpg 300w, https:\/\/www.milosnicylasu.olsztyn.pl\/wp-content\/uploads\/2024\/01\/DSCN7027-www-768x576.jpg 768w, https:\/\/www.milosnicylasu.olsztyn.pl\/wp-content\/uploads\/2024\/01\/DSCN7027-www.jpg 1024w\" sizes=\"auto, (max-width: 300px) 100vw, 300px\" \/><\/a>Udali\u015bmy si\u0119 do zaprzyja\u017anionej wiaty, gdzie troch\u0119 z \u017calem za Starym Rokiem 2023, ale te\u017c z wielk\u0105 nadziej\u0105 na Nowy Rok 2024 \u015bwi\u0119towali\u015bmy Sylwestra. \u017byczyli\u015bmy sobie nawzajem du\u017co szcz\u0119\u015bcia,\u00a0 bo jak m\u00f3wi jeden z cz\u0142onk\u00f3w naszego Ko\u0142a Pawe\u0142 Tabor &#8222;na Titaniku wszyscy mieli zdrowie ale zabrak\u0142o niekt\u00f3rym szcz\u0119\u015bcia&#8221;. \u017byczymy te\u017c spe\u0142nienia marze\u0144- ka\u017cdy z nas mo\u017ce mie\u0107 inne marzenie\u00a0 &#8211; wszystkie niech si\u0119 spe\u0142ni\u0105!<a href=\"https:\/\/www.milosnicylasu.olsztyn.pl\/wp-content\/uploads\/2024\/01\/DSCN7061-www.jpg\" data-rel=\"lightbox-image-2\" data-magnific_type=\"image\" data-rl_title=\"\" data-rl_caption=\"\" title=\"\"><img loading=\"lazy\" decoding=\"async\" class=\"size-medium wp-image-8458 alignleft\" src=\"https:\/\/www.milosnicylasu.olsztyn.pl\/wp-content\/uploads\/2024\/01\/DSCN7061-www-300x225.jpg\" alt=\"\" width=\"300\" height=\"225\" srcset=\"https:\/\/www.milosnicylasu.olsztyn.pl\/wp-content\/uploads\/2024\/01\/DSCN7061-www-300x225.jpg 300w, https:\/\/www.milosnicylasu.olsztyn.pl\/wp-content\/uploads\/2024\/01\/DSCN7061-www-768x576.jpg 768w, https:\/\/www.milosnicylasu.olsztyn.pl\/wp-content\/uploads\/2024\/01\/DSCN7061-www.jpg 1024w\" sizes=\"auto, (max-width: 300px) 100vw, 300px\" \/><\/a><\/strong><\/p>\n<p><strong>By\u0142o ognisko, szampan nie tylko dla doros\u0142ych, ale i dla dzieci i kierowc\u00f3w.W czasie imprezy odby\u0142o si\u0119 kolejne uroczyste przyj\u0119cie cz\u0142onka Ko\u0142a &#8211; Ma\u0107ka Rusi\u0142owicza. Gratulujemy!<a href=\"https:\/\/www.milosnicylasu.olsztyn.pl\/wp-content\/uploads\/2024\/01\/IMG_20231230_110730-www.jpg\" data-rel=\"lightbox-image-3\" data-magnific_type=\"image\" data-rl_title=\"\" data-rl_caption=\"\" title=\"\"><img loading=\"lazy\" decoding=\"async\" class=\"size-medium wp-image-8468 alignright\" src=\"https:\/\/www.milosnicylasu.olsztyn.pl\/wp-content\/uploads\/2024\/01\/IMG_20231230_110730-www-300x225.jpg\" alt=\"\" width=\"300\" height=\"225\" srcset=\"https:\/\/www.milosnicylasu.olsztyn.pl\/wp-content\/uploads\/2024\/01\/IMG_20231230_110730-www-300x225.jpg 300w, https:\/\/www.milosnicylasu.olsztyn.pl\/wp-content\/uploads\/2024\/01\/IMG_20231230_110730-www-768x576.jpg 768w, https:\/\/www.milosnicylasu.olsztyn.pl\/wp-content\/uploads\/2024\/01\/IMG_20231230_110730-www.jpg 1024w\" sizes=\"auto, (max-width: 300px) 100vw, 300px\" \/><\/a><\/strong><\/p>\n<p>&nbsp;<\/p>\n<p><strong> Trzeba zaznaczy\u0107, \u017ce ostatnie przyj\u0119cia znacznie nam poprawiaj\u0105 \u015bredni\u0105&#8230;.<a href=\"https:\/\/www.milosnicylasu.olsztyn.pl\/wp-content\/uploads\/2024\/01\/DSCN7046-www.jpg\" data-rel=\"lightbox-image-4\" data-magnific_type=\"image\" data-rl_title=\"\" data-rl_caption=\"\" title=\"\"><img loading=\"lazy\" decoding=\"async\" class=\"size-medium wp-image-8466 alignright\" src=\"https:\/\/www.milosnicylasu.olsztyn.pl\/wp-content\/uploads\/2024\/01\/DSCN7046-www-300x225.jpg\" alt=\"\" width=\"300\" height=\"225\" srcset=\"https:\/\/www.milosnicylasu.olsztyn.pl\/wp-content\/uploads\/2024\/01\/DSCN7046-www-300x225.jpg 300w, https:\/\/www.milosnicylasu.olsztyn.pl\/wp-content\/uploads\/2024\/01\/DSCN7046-www-768x576.jpg 768w, https:\/\/www.milosnicylasu.olsztyn.pl\/wp-content\/uploads\/2024\/01\/DSCN7046-www.jpg 1024w\" sizes=\"auto, (max-width: 300px) 100vw, 300px\" \/><\/a><br \/>\n<\/strong><\/p>\n<p>&nbsp;<\/p>\n<p><strong><a href=\"https:\/\/www.milosnicylasu.olsztyn.pl\/wp-content\/uploads\/2024\/01\/DSCN7040-www.jpg\" data-rel=\"lightbox-image-5\" data-magnific_type=\"image\" data-rl_title=\"\" data-rl_caption=\"\" title=\"\"><img loading=\"lazy\" decoding=\"async\" class=\"size-medium wp-image-8461 alignleft\" src=\"https:\/\/www.milosnicylasu.olsztyn.pl\/wp-content\/uploads\/2024\/01\/DSCN7040-www-300x225.jpg\" alt=\"\" width=\"300\" height=\"225\" srcset=\"https:\/\/www.milosnicylasu.olsztyn.pl\/wp-content\/uploads\/2024\/01\/DSCN7040-www-300x225.jpg 300w, https:\/\/www.milosnicylasu.olsztyn.pl\/wp-content\/uploads\/2024\/01\/DSCN7040-www-768x576.jpg 768w, https:\/\/www.milosnicylasu.olsztyn.pl\/wp-content\/uploads\/2024\/01\/DSCN7040-www.jpg 1024w\" sizes=\"auto, (max-width: 300px) 100vw, 300px\" \/><\/a>Zaskoczony niespodziank\u0105 by\u0142 nasz Kolega Adam Siemakowicz, kt\u00f3ry od cz\u0142onk\u00f3w Ko\u0142a\u00a0 otrzyma\u0142 prezent &#8222;Apteczk\u0119 dla Le\u015bnika&#8221;. Dzi\u0119kujemy Adamowi, za zaanga\u017cowanie w realizacj\u0119 planu pracy Ko\u0142a, za wielkie serce.<\/strong><\/p>\n<p><strong><a href=\"https:\/\/www.milosnicylasu.olsztyn.pl\/wp-content\/uploads\/2024\/01\/DSCN7044-www.jpg\" data-rel=\"lightbox-image-6\" data-magnific_type=\"image\" data-rl_title=\"\" data-rl_caption=\"\" title=\"\"><img loading=\"lazy\" decoding=\"async\" class=\"alignnone size-medium wp-image-8464\" src=\"https:\/\/www.milosnicylasu.olsztyn.pl\/wp-content\/uploads\/2024\/01\/DSCN7044-www-300x225.jpg\" alt=\"\" width=\"300\" height=\"225\" srcset=\"https:\/\/www.milosnicylasu.olsztyn.pl\/wp-content\/uploads\/2024\/01\/DSCN7044-www-300x225.jpg 300w, https:\/\/www.milosnicylasu.olsztyn.pl\/wp-content\/uploads\/2024\/01\/DSCN7044-www-768x576.jpg 768w, https:\/\/www.milosnicylasu.olsztyn.pl\/wp-content\/uploads\/2024\/01\/DSCN7044-www.jpg 1024w\" sizes=\"auto, (max-width: 300px) 100vw, 300px\" \/><\/a><\/strong><\/p>\n<p><em><strong>I troch\u0119 historii<\/strong><\/em><\/p>\n<p><em><strong>Sylwester nowego roku \u015bwi\u0119towano go ju\u017c od zarania dziej\u00f3w ludzko\u015bci. W staro\u017cytnej Babilonii obchodzono uroczysto\u015b\u0107 znan\u0105 jako Akitu, datuj\u0105c jej pocz\u0105tki na oko\u0142o 2350 roku p.n.e. Mieszka\u0144cy Babilonii sk\u0142adali mod\u0142y swoim bogom, maj\u0105c nadziej\u0119 na obfite plony i pomy\u015blno\u015b\u0107 w nadchodz\u0105cym roku.<\/strong><\/em><\/p>\n<p><em><strong>Egipcjanie natomiast pocz\u0105tek roku \u015bwi\u0119towali 21 wrze\u015bnia, kiedy na niebie pojawia\u0142a si\u0119 dla nich szczeg\u00f3lnie czczona gwiazda, Syriusz, oraz nast\u0119powa\u0142 wylew Nilu. W innych kulturach zwyk\u0142o si\u0119 uznawa\u0107 pocz\u0105tek roku za czas wiosennego zr\u00f3wnania dnia z noc\u0105, symbolicznego przebudzenia natury. W tym kontek\u015bcie tradycje, takie jak topienie marzanny, mog\u0105 by\u0107 traktowane jako obrz\u0119dy noworoczne. Wiele poga\u0144skich zwyczaj\u00f3w o podobnym znaczeniu wi\u0105za\u0142o si\u0119 z okresem Wielkanocy.<\/strong><\/em><\/p>\n<p><em><strong>W staro\u017cytnym Rzymie pierwszym miesi\u0105cem roku by\u0142 czas po\u015bwi\u0119cony bogu Marsowi, rozpoczynaj\u0105cy si\u0119 1 marca. \u00a0Wprowadzenie chrze\u015bcija\u0144stwa przynios\u0142o kolejne zmiany, a pierwszy dzie\u0144 nowego roku zacz\u0119to obchodzi\u0107 w dniu narodzin Jezusa. Dat\u0119 t\u0119 potwierdzi\u0142 sob\u00f3r nicejski w 325 roku, chocia\u017c wci\u0105\u017c toczy\u0142y si\u0119 dyskusje co do jej prawid\u0142owo\u015bci. A\u017c do XVI wieku w Europie obchodzono Nowy Rok w r\u00f3\u017cne dni, cz\u0119sto przypadaj\u0105ce 25 grudnia lub te\u017c, mi\u0119dzy innymi, 25 marca. W Polsce Nowy Rok celebrowano w dniu Bo\u017cego Narodzenia.<\/strong><\/em><\/p>\n<p><em><strong>Pierwsze \u015bwi\u0119towanie tzw. &#8222;Nocy Sylwestrowej&#8221; &#8211; od 31 grudnia do 1 stycznia &#8211; mia\u0142o miejsce w roku 999. Ludzie \u017cyli w obawie przed ko\u0144cem \u015bwiata lub nadej\u015bciem kataklizmu zwi\u0105zanej z nadej\u015bciem roku 1000. Gdy po p\u00f3\u0142nocy nic z\u0142ego si\u0119 nie wydarzy\u0142o, ludzie spontanicznie rozpocz\u0119li zabaw\u0119. pami\u0119tam t\u0119 panik\u0119 dotycz\u0105c\u0105 wej\u015bcia w nowe tysi\u0105clecie. Wida\u0107 zosta\u0142o to w nas do dzi\u015b.\u00a0 W 1573 roku kr\u00f3l Francji Karol IX ustanowi\u0142 1 stycznia dniem rozpocz\u0119cia roku w celu ujednolicenia r\u00f3\u017cnorodnych obchod\u00f3w w r\u00f3\u017cnych cz\u0119\u015bciach kraju. 1 stycznia.<\/strong><\/em><\/p>\n<p>&nbsp;<\/p>\n","protected":false},"excerpt":{"rendered":"<p>Ju\u017c kolejny rok cz\u0142onkowie Ko\u0142a Mi\u0142o\u015bnik\u00f3w Lasu i Militari\u00f3w LOK w Olsztynie po\u017cegnali stary rok w &#8222;Wojtkowym lesie&#8221; &#8211; w Le\u015bnictwie Stary Dw\u00f3r, w Nadle\u015bnictwie Kudypy. Do Le\u015bnictwa dotarli\u015bmy pokonuj\u0105c niecodzienn\u0105 przeszkod\u0119. Ostatnie wichury powali\u0142y drzewa w lesie. Jedno spad\u0142o na drog\u0119, kt\u00f3r\u0105 przeje\u017cd\u017cali koledzy, kt\u00f3rzy mieli za zadanie przygotowa\u0107 ognisko.\u00a0 Trzeba by\u0142o usun\u0105\u0107 przeszkod\u0119. [&hellip;]<\/p>\n","protected":false},"author":2,"featured_media":0,"comment_status":"open","ping_status":"open","sticky":false,"template":"","format":"standard","meta":{"footnotes":""},"categories":[1],"tags":[],"class_list":["post-8456","post","type-post","status-publish","format-standard","hentry","category-bez-kategorii"],"_links":{"self":[{"href":"https:\/\/www.milosnicylasu.olsztyn.pl\/index.php?rest_route=\/wp\/v2\/posts\/8456","targetHints":{"allow":["GET"]}}],"collection":[{"href":"https:\/\/www.milosnicylasu.olsztyn.pl\/index.php?rest_route=\/wp\/v2\/posts"}],"about":[{"href":"https:\/\/www.milosnicylasu.olsztyn.pl\/index.php?rest_route=\/wp\/v2\/types\/post"}],"author":[{"embeddable":true,"href":"https:\/\/www.milosnicylasu.olsztyn.pl\/index.php?rest_route=\/wp\/v2\/users\/2"}],"replies":[{"embeddable":true,"href":"https:\/\/www.milosnicylasu.olsztyn.pl\/index.php?rest_route=%2Fwp%2Fv2%2Fcomments&post=8456"}],"version-history":[{"count":8,"href":"https:\/\/www.milosnicylasu.olsztyn.pl\/index.php?rest_route=\/wp\/v2\/posts\/8456\/revisions"}],"predecessor-version":[{"id":8472,"href":"https:\/\/www.milosnicylasu.olsztyn.pl\/index.php?rest_route=\/wp\/v2\/posts\/8456\/revisions\/8472"}],"wp:attachment":[{"href":"https:\/\/www.milosnicylasu.olsztyn.pl\/index.php?rest_route=%2Fwp%2Fv2%2Fmedia&parent=8456"}],"wp:term":[{"taxonomy":"category","embeddable":true,"href":"https:\/\/www.milosnicylasu.olsztyn.pl\/index.php?rest_route=%2Fwp%2Fv2%2Fcategories&post=8456"},{"taxonomy":"post_tag","embeddable":true,"href":"https:\/\/www.milosnicylasu.olsztyn.pl\/index.php?rest_route=%2Fwp%2Fv2%2Ftags&post=8456"}],"curies":[{"name":"wp","href":"https:\/\/api.w.org\/{rel}","templated":true}]}}