{"id":8473,"date":"2024-01-05T13:15:39","date_gmt":"2024-01-05T12:15:39","guid":{"rendered":"https:\/\/www.milosnicylasu.olsztyn.pl\/?p=8473"},"modified":"2024-01-05T13:15:39","modified_gmt":"2024-01-05T12:15:39","slug":"choinka-jasi-dzierzbinskiej","status":"publish","type":"post","link":"https:\/\/www.milosnicylasu.olsztyn.pl\/?p=8473","title":{"rendered":"Choinka Jasi Dzierzbi\u0144skiej"},"content":{"rendered":"<p><strong>Chyba ostatnia choinka na naszej stronie. Gdzie\u015b po drodze si\u0119 zagubi\u0142a, mo\u017ce lubi podr\u00f3\u017ce jak jej w\u0142a\u015bcicielka, ale ju\u017c jest &#8211; pi\u0119kna !<\/strong><a href=\"https:\/\/www.milosnicylasu.olsztyn.pl\/wp-content\/uploads\/2024\/01\/Jasia-www.jpg\" data-rel=\"lightbox-image-0\" data-magnific_type=\"image\" data-rl_title=\"\" data-rl_caption=\"\" title=\"\"><img loading=\"lazy\" decoding=\"async\" class=\"size-medium wp-image-8474 alignleft\" src=\"https:\/\/www.milosnicylasu.olsztyn.pl\/wp-content\/uploads\/2024\/01\/Jasia-www-135x300.jpg\" alt=\"\" width=\"135\" height=\"300\" srcset=\"https:\/\/www.milosnicylasu.olsztyn.pl\/wp-content\/uploads\/2024\/01\/Jasia-www-135x300.jpg 135w, https:\/\/www.milosnicylasu.olsztyn.pl\/wp-content\/uploads\/2024\/01\/Jasia-www.jpg 461w\" sizes=\"auto, (max-width: 135px) 100vw, 135px\" \/><\/a><\/p>\n","protected":false},"excerpt":{"rendered":"<p>Chyba ostatnia choinka na naszej stronie. Gdzie\u015b po drodze si\u0119 zagubi\u0142a, mo\u017ce lubi podr\u00f3\u017ce jak jej w\u0142a\u015bcicielka, ale ju\u017c jest &#8211; pi\u0119kna !<\/p>\n","protected":false},"author":2,"featured_media":0,"comment_status":"open","ping_status":"open","sticky":false,"template":"","format":"standard","meta":{"footnotes":""},"categories":[1,9],"tags":[],"class_list":["post-8473","post","type-post","status-publish","format-standard","hentry","category-bez-kategorii","category-ciekawostki"],"_links":{"self":[{"href":"https:\/\/www.milosnicylasu.olsztyn.pl\/index.php?rest_route=\/wp\/v2\/posts\/8473","targetHints":{"allow":["GET"]}}],"collection":[{"href":"https:\/\/www.milosnicylasu.olsztyn.pl\/index.php?rest_route=\/wp\/v2\/posts"}],"about":[{"href":"https:\/\/www.milosnicylasu.olsztyn.pl\/index.php?rest_route=\/wp\/v2\/types\/post"}],"author":[{"embeddable":true,"href":"https:\/\/www.milosnicylasu.olsztyn.pl\/index.php?rest_route=\/wp\/v2\/users\/2"}],"replies":[{"embeddable":true,"href":"https:\/\/www.milosnicylasu.olsztyn.pl\/index.php?rest_route=%2Fwp%2Fv2%2Fcomments&post=8473"}],"version-history":[{"count":1,"href":"https:\/\/www.milosnicylasu.olsztyn.pl\/index.php?rest_route=\/wp\/v2\/posts\/8473\/revisions"}],"predecessor-version":[{"id":8475,"href":"https:\/\/www.milosnicylasu.olsztyn.pl\/index.php?rest_route=\/wp\/v2\/posts\/8473\/revisions\/8475"}],"wp:attachment":[{"href":"https:\/\/www.milosnicylasu.olsztyn.pl\/index.php?rest_route=%2Fwp%2Fv2%2Fmedia&parent=8473"}],"wp:term":[{"taxonomy":"category","embeddable":true,"href":"https:\/\/www.milosnicylasu.olsztyn.pl\/index.php?rest_route=%2Fwp%2Fv2%2Fcategories&post=8473"},{"taxonomy":"post_tag","embeddable":true,"href":"https:\/\/www.milosnicylasu.olsztyn.pl\/index.php?rest_route=%2Fwp%2Fv2%2Ftags&post=8473"}],"curies":[{"name":"wp","href":"https:\/\/api.w.org\/{rel}","templated":true}]}}