{"id":8476,"date":"2024-01-05T18:52:11","date_gmt":"2024-01-05T17:52:11","guid":{"rendered":"https:\/\/www.milosnicylasu.olsztyn.pl\/?p=8476"},"modified":"2024-01-05T18:52:11","modified_gmt":"2024-01-05T17:52:11","slug":"konkurs-4","status":"publish","type":"post","link":"https:\/\/www.milosnicylasu.olsztyn.pl\/?p=8476","title":{"rendered":"Konkurs"},"content":{"rendered":"<p><strong> KONKURS<\/strong><\/p>\n<p><strong>\u00a0\u00a0\u00a0\u00a0\u00a0 Na wykonanie odznaki lub plakietki okoliczno\u015bciowej z okazji 15 rocznicy Ko\u0142a Mi\u0142o\u015bnik\u00f3w Lasu i Militari\u00f3w LOK przy ATW w Olsztynie.<\/strong><\/p>\n<p><strong>\u00a0 \u00a0\u00a0\u00a0\u00a0\u00a0\u00a0\u00a0\u00a0\u00a0\u00a0\u00a0\u00a0\u00a0\u00a0\u00a0\u00a0\u00a0\u00a0Do wzi\u0119cia udzia\u0142u zapraszamy cz\u0142onk\u00f3w i sympatyk\u00f3w Naszego Ko\u0142a.<\/strong><\/p>\n<p>W projekcie ma by\u0107 podana: nazwa Ko\u0142a, rocznica, nawi\u0105zanie do profilu dzia\u0142alno\u015bci, wykonujemy na kartce papieru o wymiarach 15 cm. \/21 cm. w kolorze. Na odwrotnej stronie projektu podajemy swoje dane.<\/p>\n<p>Autor projektu dostarcza prac\u0119 w kopercie zamkni\u0119tej z opisem KONKURS, podaj\u0105c \u201eHas\u0142o wykonawcy\u201d<\/p>\n<p>Prace maj\u0105 by\u0107 dostarczone do Prezesa Ko\u0142a, do dnia 29 lutego 2024r.<\/p>\n<p>Wyboru najciekawszego projektu na odznak\u0119 lub plakietk\u0119 okoliczno\u015bciow\u0105 Ko\u0142a dokonaj\u0105 . cz\u0142onkowie Ko\u0142a w dniu 07 marca 2024r. podczas zebrania Naszego Ko\u0142a.<\/p>\n<p>Osoby bior\u0105ce udzia\u0142 w konkursie otrzymaj\u0105 dyplomy uczestnictwa. Zwyci\u0119zca najciekawszego projektu otrzyma upominek ufundowany przez Zarz\u0105d Ko\u0142a.<\/p>\n<p>&nbsp;<\/p>\n<p>Prezes Ko\u0142a Anatol Leszczy\u0144ski<\/p>\n<p>&nbsp;<\/p>\n<p>&nbsp;<\/p>\n","protected":false},"excerpt":{"rendered":"<p>KONKURS \u00a0\u00a0\u00a0\u00a0\u00a0 Na wykonanie odznaki lub plakietki okoliczno\u015bciowej z okazji 15 rocznicy Ko\u0142a Mi\u0142o\u015bnik\u00f3w Lasu i Militari\u00f3w LOK przy ATW w Olsztynie. \u00a0 \u00a0\u00a0\u00a0\u00a0\u00a0\u00a0\u00a0\u00a0\u00a0\u00a0\u00a0\u00a0\u00a0\u00a0\u00a0\u00a0\u00a0\u00a0Do wzi\u0119cia udzia\u0142u zapraszamy cz\u0142onk\u00f3w i sympatyk\u00f3w Naszego Ko\u0142a. W projekcie ma by\u0107 podana: nazwa Ko\u0142a, rocznica, nawi\u0105zanie do profilu dzia\u0142alno\u015bci, wykonujemy na kartce papieru o wymiarach 15 cm. \/21 cm. w [&hellip;]<\/p>\n","protected":false},"author":2,"featured_media":0,"comment_status":"open","ping_status":"open","sticky":false,"template":"","format":"standard","meta":{"footnotes":""},"categories":[1,9,15],"tags":[],"class_list":["post-8476","post","type-post","status-publish","format-standard","hentry","category-bez-kategorii","category-ciekawostki","category-komkurs"],"_links":{"self":[{"href":"https:\/\/www.milosnicylasu.olsztyn.pl\/index.php?rest_route=\/wp\/v2\/posts\/8476","targetHints":{"allow":["GET"]}}],"collection":[{"href":"https:\/\/www.milosnicylasu.olsztyn.pl\/index.php?rest_route=\/wp\/v2\/posts"}],"about":[{"href":"https:\/\/www.milosnicylasu.olsztyn.pl\/index.php?rest_route=\/wp\/v2\/types\/post"}],"author":[{"embeddable":true,"href":"https:\/\/www.milosnicylasu.olsztyn.pl\/index.php?rest_route=\/wp\/v2\/users\/2"}],"replies":[{"embeddable":true,"href":"https:\/\/www.milosnicylasu.olsztyn.pl\/index.php?rest_route=%2Fwp%2Fv2%2Fcomments&post=8476"}],"version-history":[{"count":1,"href":"https:\/\/www.milosnicylasu.olsztyn.pl\/index.php?rest_route=\/wp\/v2\/posts\/8476\/revisions"}],"predecessor-version":[{"id":8477,"href":"https:\/\/www.milosnicylasu.olsztyn.pl\/index.php?rest_route=\/wp\/v2\/posts\/8476\/revisions\/8477"}],"wp:attachment":[{"href":"https:\/\/www.milosnicylasu.olsztyn.pl\/index.php?rest_route=%2Fwp%2Fv2%2Fmedia&parent=8476"}],"wp:term":[{"taxonomy":"category","embeddable":true,"href":"https:\/\/www.milosnicylasu.olsztyn.pl\/index.php?rest_route=%2Fwp%2Fv2%2Fcategories&post=8476"},{"taxonomy":"post_tag","embeddable":true,"href":"https:\/\/www.milosnicylasu.olsztyn.pl\/index.php?rest_route=%2Fwp%2Fv2%2Ftags&post=8476"}],"curies":[{"name":"wp","href":"https:\/\/api.w.org\/{rel}","templated":true}]}}