{"id":8486,"date":"2024-01-14T06:51:58","date_gmt":"2024-01-14T05:51:58","guid":{"rendered":"https:\/\/www.milosnicylasu.olsztyn.pl\/?p=8486"},"modified":"2024-02-05T20:09:13","modified_gmt":"2024-02-05T19:09:13","slug":"dzien-babci-i-dziadka-w-wojtkowym-lesie","status":"publish","type":"post","link":"https:\/\/www.milosnicylasu.olsztyn.pl\/?p=8486","title":{"rendered":"Dzie\u0144 Babci i Dziadka w Wojtkowym lesie"},"content":{"rendered":"<section class=\" sg-cw-section-bg-light sg-cw-section sg-cw-section-magazineimage\">\n<div class=\"sg-cw-row\">\n<div class=\"sg-cw-col-xs-12\">\n<div class=\"sg-cw-magazine-imageteaser\">\n<figure role=\"magazine-image\"><a href=\"https:\/\/www.milosnicylasu.olsztyn.pl\/wp-content\/uploads\/2024\/01\/DSCN7080-www.jpg\" data-rel=\"lightbox-image-0\" data-magnific_type=\"image\" data-rl_title=\"\" data-rl_caption=\"\" title=\"\"><img loading=\"lazy\" decoding=\"async\" class=\"size-medium wp-image-8488 alignleft\" src=\"https:\/\/www.milosnicylasu.olsztyn.pl\/wp-content\/uploads\/2024\/01\/DSCN7080-www-300x225.jpg\" alt=\"\" width=\"300\" height=\"225\" srcset=\"https:\/\/www.milosnicylasu.olsztyn.pl\/wp-content\/uploads\/2024\/01\/DSCN7080-www-300x225.jpg 300w, https:\/\/www.milosnicylasu.olsztyn.pl\/wp-content\/uploads\/2024\/01\/DSCN7080-www-768x576.jpg 768w, https:\/\/www.milosnicylasu.olsztyn.pl\/wp-content\/uploads\/2024\/01\/DSCN7080-www.jpg 1024w\" sizes=\"auto, (max-width: 300px) 100vw, 300px\" \/><\/a>Babcia i dziadek to dwie niezwyk\u0142e osoby, kt\u00f3re cz\u0119sto w znacznym stopniu kszta\u0142tuj\u0105 swoje wnuki. Wspomnienia budowane razem z nimi towarzysz\u0105 nam w p\u00f3\u017aniejszej w\u0119dr\u00f3wce przez \u017cycia, nawet wtedy, a mo\u017ce szczeg\u00f3lnie wtedy, gdy ich zabraknie. Dlatego tak wa\u017cne jest, aby docenia\u0107 ka\u017cdy dzie\u0144 z nimi sp\u0119dzony. Z okazji \u015bwi\u0119ta wszystkich bab\u0107 i dziadk\u00f3w warto przypomnie\u0107 im, jak wiele dla nas znacz\u0105.<\/figure>\n<\/div>\n<\/div>\n<\/div>\n<\/section>\n<section class=\" sg-cw-section-bg-light sg-cw-section sg-cw-section-magazintext\">\n<div class=\"sg-cw-row\">\n<div class=\"sg-cw-col\">\n<div class=\"sg-cw-magazine-textarea-text \">\n<p><strong>Dzie\u0144 Babci i Dzie\u0144 Dziadka to czas szczeg\u00f3lny, nie tylko w Polsce, ale tak\u017ce na \u015bwiecie.<\/strong> Sk\u0105d w\u0142a\u015bciwie pomys\u0142 na taki wyj\u0105tkowy dzie\u0144? Kto zapocz\u0105tkowa\u0142 t\u0119 tradycj\u0119 i jak wpad\u0142 na pomys\u0142, by uhonorowa\u0107 t\u0119 cudown\u0105 podpor\u0119 rodziny?<\/p>\n<\/div>\n<p><strong>I w\u0142a\u015bnie na te m. in. pytania trzeba by\u0142o odpowiedzie\u0107, aby wygra\u0107 nagrod\u0119 &#8211; ksi\u0105\u017ck\u0119, w przygotowanym przez prezesa Anatola Leszczy\u0144skiego sobotnim konkursie<\/strong><\/p>\n<div class=\"sg-cw-magazine-textarea-text \">\n<p>W ka\u017cdym kraju te dni wygl\u0105daj\u0105 nieco inaczej. Mo\u017cesz si\u0119 zdziwi\u0107, ale historia Dnia Babci i Dziadka si\u0119ga nie tak daleko wstecz. Pomys\u0142 stworzenia tego \u015bwi\u0119ta narodzi\u0142 si\u0119 w Polsce w tygodniku \u201eKobieta i \u017bycie\u201d w 1964 roku, a jego dat\u0119 zawdzi\u0119czamy Mieczys\u0142awie \u0106wikli\u0144skiej \u2013 znanej postaci kina i teatru. W\u0142a\u015bnie tego dnia, s\u0119dziwa ju\u017c aktorka mia\u0142a wyst\u0105pi\u0107 w Poznaniu. Redakcja \u201eEkspresu Pozna\u0144skiego\u201d wr\u0119czy\u0142a jej tort oraz kwiaty, ustanawiaj\u0105c tym samym nowe \u015bwi\u0119to \u2014 Dzie\u0144 Babci. Ca\u0142e wydarzenie mia\u0142o nieco przypadkowy charakter, ale zosta\u0142o przyj\u0119te z aplauzem w\u015br\u00f3d polskiego spo\u0142ecze\u0144stwa.<\/p>\n<p>P\u00f3\u017aniej zrodzi\u0142 si\u0119 r\u00f3wnie\u017c zwyczaj obchodzenia Dnia Dziadka, zaraz po Dniu Babci, aby r\u00f3wnie\u017c dziadkowie mogli poczu\u0107 si\u0119 r\u00f3wnie wa\u017cni. Jego \u015bwi\u0119towanie zacz\u0119\u0142o si\u0119 dopiero w latach siedemdziesi\u0105tych, od ustalenia takiego dnia w wyniku konkursu.<\/p>\n<p>Stopniowo oba te \u015bwi\u0119ta: <strong>Dzie\u0144 Babci i Dzie\u0144 Dziadka<\/strong> stawa\u0142y si\u0119 coraz popularniejsze, a w dzisiejszych czasach oba doczeka\u0142y si\u0119 specjalnej wzmianki w ka\u017cdym kalendarzu. Nic dziwnego, w ko\u0144cu cudowni ludzie zas\u0142uguj\u0105 na r\u00f3wnie cudowne \u015bwi\u0119to, podobnie jak nasi kochani rodzice.<\/p>\n<p>A kto wykaza\u0142 si\u0119 najlepsz\u0105 wiedz\u0105: Stefania Jarczyk, Maria Igli\u0144ska, Daniela Tyl i Renata Janicka . Gratulujemy !!!!<\/p>\n<p>&nbsp;<\/p>\n<\/div>\n<\/div>\n<\/div>\n<\/section>\n","protected":false},"excerpt":{"rendered":"<p>Babcia i dziadek to dwie niezwyk\u0142e osoby, kt\u00f3re cz\u0119sto w znacznym stopniu kszta\u0142tuj\u0105 swoje wnuki. Wspomnienia budowane razem z nimi towarzysz\u0105 nam w p\u00f3\u017aniejszej w\u0119dr\u00f3wce przez \u017cycia, nawet wtedy, a mo\u017ce szczeg\u00f3lnie wtedy, gdy ich zabraknie. Dlatego tak wa\u017cne jest, aby docenia\u0107 ka\u017cdy dzie\u0144 z nimi sp\u0119dzony. Z okazji \u015bwi\u0119ta wszystkich bab\u0107 i dziadk\u00f3w warto [&hellip;]<\/p>\n","protected":false},"author":2,"featured_media":0,"comment_status":"open","ping_status":"open","sticky":false,"template":"","format":"standard","meta":{"footnotes":""},"categories":[1,9,17,15],"tags":[],"class_list":["post-8486","post","type-post","status-publish","format-standard","hentry","category-bez-kategorii","category-ciekawostki","category-edukacja-w-terenie","category-komkurs"],"_links":{"self":[{"href":"https:\/\/www.milosnicylasu.olsztyn.pl\/index.php?rest_route=\/wp\/v2\/posts\/8486","targetHints":{"allow":["GET"]}}],"collection":[{"href":"https:\/\/www.milosnicylasu.olsztyn.pl\/index.php?rest_route=\/wp\/v2\/posts"}],"about":[{"href":"https:\/\/www.milosnicylasu.olsztyn.pl\/index.php?rest_route=\/wp\/v2\/types\/post"}],"author":[{"embeddable":true,"href":"https:\/\/www.milosnicylasu.olsztyn.pl\/index.php?rest_route=\/wp\/v2\/users\/2"}],"replies":[{"embeddable":true,"href":"https:\/\/www.milosnicylasu.olsztyn.pl\/index.php?rest_route=%2Fwp%2Fv2%2Fcomments&post=8486"}],"version-history":[{"count":6,"href":"https:\/\/www.milosnicylasu.olsztyn.pl\/index.php?rest_route=\/wp\/v2\/posts\/8486\/revisions"}],"predecessor-version":[{"id":8558,"href":"https:\/\/www.milosnicylasu.olsztyn.pl\/index.php?rest_route=\/wp\/v2\/posts\/8486\/revisions\/8558"}],"wp:attachment":[{"href":"https:\/\/www.milosnicylasu.olsztyn.pl\/index.php?rest_route=%2Fwp%2Fv2%2Fmedia&parent=8486"}],"wp:term":[{"taxonomy":"category","embeddable":true,"href":"https:\/\/www.milosnicylasu.olsztyn.pl\/index.php?rest_route=%2Fwp%2Fv2%2Fcategories&post=8486"},{"taxonomy":"post_tag","embeddable":true,"href":"https:\/\/www.milosnicylasu.olsztyn.pl\/index.php?rest_route=%2Fwp%2Fv2%2Ftags&post=8486"}],"curies":[{"name":"wp","href":"https:\/\/api.w.org\/{rel}","templated":true}]}}