{"id":8512,"date":"2024-01-31T06:07:46","date_gmt":"2024-01-31T05:07:46","guid":{"rendered":"https:\/\/www.milosnicylasu.olsztyn.pl\/?p=8512"},"modified":"2024-01-31T06:13:13","modified_gmt":"2024-01-31T05:13:13","slug":"na-wesolo-6","status":"publish","type":"post","link":"https:\/\/www.milosnicylasu.olsztyn.pl\/?p=8512","title":{"rendered":"Na weso\u0142o"},"content":{"rendered":"<p><a href=\"https:\/\/www.milosnicylasu.olsztyn.pl\/wp-content\/uploads\/2024\/01\/P1270074-www.jpg\" data-rel=\"lightbox-image-0\" data-magnific_type=\"image\" data-rl_title=\"\" data-rl_caption=\"\" title=\"\"><img loading=\"lazy\" decoding=\"async\" class=\"size-medium wp-image-8514 alignleft\" src=\"https:\/\/www.milosnicylasu.olsztyn.pl\/wp-content\/uploads\/2024\/01\/P1270074-www-300x225.jpg\" alt=\"\" width=\"300\" height=\"225\" srcset=\"https:\/\/www.milosnicylasu.olsztyn.pl\/wp-content\/uploads\/2024\/01\/P1270074-www-300x225.jpg 300w, https:\/\/www.milosnicylasu.olsztyn.pl\/wp-content\/uploads\/2024\/01\/P1270074-www-768x576.jpg 768w, https:\/\/www.milosnicylasu.olsztyn.pl\/wp-content\/uploads\/2024\/01\/P1270074-www.jpg 1024w\" sizes=\"auto, (max-width: 300px) 100vw, 300px\" \/><\/a><\/p>\n<p>&nbsp;<\/p>\n<p><strong><em>Wiesia Filipek &#8211; na weso\u0142o \/ zdj\u0119cie zrobione podczas zwiedzania Kortosfery\/<br \/>\n<\/em><\/strong><\/p>\n<p>&nbsp;<\/p>\n<p>&nbsp;<\/p>\n<p>&nbsp;<\/p>\n<p>&nbsp;<\/p>\n<p>&nbsp;<\/p>\n<p>C<strong>o ja wam b\u0119d\u0119 opowiada\u0142 \u2013\u00a0w\u0119dkarz dzieli si\u0119 swoimi sukcesami.<\/strong><\/p>\n<p><strong>\u2013\u00a0Kiedy wyci\u0105gn\u0105\u0142em tego suma, woda w\u00a0jeziorze obni\u017cy\u0142a si\u0119 o\u00a0p\u00f3\u0142 metra.<\/strong><\/p>\n<p><strong>\u00a0 pozdrawiam Wiesia<\/strong><\/p>\n<p>&nbsp;<\/p>\n<p><strong>Podczas rozprawy w\u00a0Krakowie s\u0119dzia wypytuje \u015bwiadka:<\/strong><\/p>\n<p><strong>\u2013\u00a0 Pani nazwisko?<\/strong><\/p>\n<p><strong>\u2013\u00a0 Maria Szczurek.<\/strong><\/p>\n<p><strong>\u2013\u00a0 Zaw\u00f3d?<\/strong><\/p>\n<p><strong>\u2013\u00a0 Ksi\u0119gowa.<\/strong><\/p>\n<p><strong>\u2013\u00a0 Pani wiek? \u2013\u00a0Hmm, 29\u00a0lat i\u00a0kilka miesi\u0119cy.<\/strong><\/p>\n<p><strong>\u2013\u00a0A\u00a0ile dok\u0142adnie tych miesi\u0119cy? \u2013\u00a0 chce wiedzie\u0107 lekko zirytowany s\u0119dzia.<\/strong><\/p>\n<p><strong>\u2013\u00a0138&#8230;<\/strong><\/p>\n<p>&nbsp;<\/p>\n","protected":false},"excerpt":{"rendered":"<p>&nbsp; Wiesia Filipek &#8211; na weso\u0142o \/ zdj\u0119cie zrobione podczas zwiedzania Kortosfery\/ &nbsp; &nbsp; &nbsp; &nbsp; &nbsp; Co ja wam b\u0119d\u0119 opowiada\u0142 \u2013\u00a0w\u0119dkarz dzieli si\u0119 swoimi sukcesami. \u2013\u00a0Kiedy wyci\u0105gn\u0105\u0142em tego suma, woda w\u00a0jeziorze obni\u017cy\u0142a si\u0119 o\u00a0p\u00f3\u0142 metra. \u00a0 pozdrawiam Wiesia &nbsp; Podczas rozprawy w\u00a0Krakowie s\u0119dzia wypytuje \u015bwiadka: \u2013\u00a0 Pani nazwisko? \u2013\u00a0 Maria Szczurek. \u2013\u00a0 Zaw\u00f3d? [&hellip;]<\/p>\n","protected":false},"author":2,"featured_media":0,"comment_status":"open","ping_status":"open","sticky":false,"template":"","format":"standard","meta":{"footnotes":""},"categories":[9,16],"tags":[],"class_list":["post-8512","post","type-post","status-publish","format-standard","hentry","category-ciekawostki","category-zarty"],"_links":{"self":[{"href":"https:\/\/www.milosnicylasu.olsztyn.pl\/index.php?rest_route=\/wp\/v2\/posts\/8512","targetHints":{"allow":["GET"]}}],"collection":[{"href":"https:\/\/www.milosnicylasu.olsztyn.pl\/index.php?rest_route=\/wp\/v2\/posts"}],"about":[{"href":"https:\/\/www.milosnicylasu.olsztyn.pl\/index.php?rest_route=\/wp\/v2\/types\/post"}],"author":[{"embeddable":true,"href":"https:\/\/www.milosnicylasu.olsztyn.pl\/index.php?rest_route=\/wp\/v2\/users\/2"}],"replies":[{"embeddable":true,"href":"https:\/\/www.milosnicylasu.olsztyn.pl\/index.php?rest_route=%2Fwp%2Fv2%2Fcomments&post=8512"}],"version-history":[{"count":4,"href":"https:\/\/www.milosnicylasu.olsztyn.pl\/index.php?rest_route=\/wp\/v2\/posts\/8512\/revisions"}],"predecessor-version":[{"id":8517,"href":"https:\/\/www.milosnicylasu.olsztyn.pl\/index.php?rest_route=\/wp\/v2\/posts\/8512\/revisions\/8517"}],"wp:attachment":[{"href":"https:\/\/www.milosnicylasu.olsztyn.pl\/index.php?rest_route=%2Fwp%2Fv2%2Fmedia&parent=8512"}],"wp:term":[{"taxonomy":"category","embeddable":true,"href":"https:\/\/www.milosnicylasu.olsztyn.pl\/index.php?rest_route=%2Fwp%2Fv2%2Fcategories&post=8512"},{"taxonomy":"post_tag","embeddable":true,"href":"https:\/\/www.milosnicylasu.olsztyn.pl\/index.php?rest_route=%2Fwp%2Fv2%2Ftags&post=8512"}],"curies":[{"name":"wp","href":"https:\/\/api.w.org\/{rel}","templated":true}]}}