{"id":8519,"date":"2024-01-31T17:06:44","date_gmt":"2024-01-31T16:06:44","guid":{"rendered":"https:\/\/www.milosnicylasu.olsztyn.pl\/?p=8519"},"modified":"2024-01-31T17:30:35","modified_gmt":"2024-01-31T16:30:35","slug":"lyska-zwyczajna-ktora-nie-jest-kaczka","status":"publish","type":"post","link":"https:\/\/www.milosnicylasu.olsztyn.pl\/?p=8519","title":{"rendered":"\u0141yska zwyczajna, kt\u00f3ra nie jest kaczk\u0105"},"content":{"rendered":"<p><a href=\"https:\/\/www.milosnicylasu.olsztyn.pl\/wp-content\/uploads\/2024\/01\/P1290123-www.jpg\" data-rel=\"lightbox-image-0\" data-magnific_type=\"image\" data-rl_title=\"\" data-rl_caption=\"\" title=\"\"><img loading=\"lazy\" decoding=\"async\" class=\"size-medium wp-image-8520 alignleft\" src=\"https:\/\/www.milosnicylasu.olsztyn.pl\/wp-content\/uploads\/2024\/01\/P1290123-www-300x225.jpg\" alt=\"\" width=\"300\" height=\"225\" srcset=\"https:\/\/www.milosnicylasu.olsztyn.pl\/wp-content\/uploads\/2024\/01\/P1290123-www-300x225.jpg 300w, https:\/\/www.milosnicylasu.olsztyn.pl\/wp-content\/uploads\/2024\/01\/P1290123-www-768x576.jpg 768w, https:\/\/www.milosnicylasu.olsztyn.pl\/wp-content\/uploads\/2024\/01\/P1290123-www.jpg 1024w\" sizes=\"auto, (max-width: 300px) 100vw, 300px\" \/><\/a><\/p>\n<p><span style=\"color: #008080;\"><strong>\u0141yska zwyczajna<\/strong><\/span><\/p>\n<p><strong>Pierwsze od czego nale\u017cy zacz\u0105\u0107 to sprostowanie, \u0142yska zwyczajna (<em>Fulica atra<\/em>) nie jest kaczk\u0105. Jest to \u015bredniej wielko\u015bci ptak z rodziny chru\u015bcieli. Bli\u017cej jest jej wi\u0119c do derkacza ni\u017c kaczki. \u0141ysk\u0119 bardzo \u0142atwo rozpozna\u0107, jest to ptak mniejszy od \u00a0kaczki krzy\u017c\u00f3wki ubarwiony jednolicie na czarno z bia\u0142ym dziobem i czo\u0142em. Nogi \u017c\u00f3\u0142te, stopy pokryte zielonawymi \u0142uskami.<\/strong><\/p>\n<ul>\n<li><strong>Masa cia\u0142a od 0,6 kg do 1,2 kg<\/strong><\/li>\n<li><strong>Rozpi\u0119to\u015b\u0107 skrzyde\u0142 oko\u0142o 70 centymetr\u00f3w<\/strong><\/li>\n<li><strong>D\u0142ugo\u015b\u0107 cia\u0142a 37-42 centymetry<\/strong><\/li>\n<\/ul>\n<p><strong>Wyst\u0119powanie \u0142yski zwyczajnej uzale\u017cnione jest od podgatunku ptaka. \u0141yski, kt\u00f3re mo\u017cemy spotka\u0107 w Polsce to podgatunek <em>Fulica atra atra<\/em>, jego wyst\u0119powanie obejmuje niemal ca\u0142y obszar Europy, Azj\u0119 \u015arodkow\u0105 a\u017c po Japoni\u0119 i Indi\u0119 oraz p\u00f3\u0142nocn\u0105 Afryk\u0119. \u0141yski z podgatunku <em>atra atra <\/em>mo\u017cna r\u00f3wnie\u017c spotka\u0107 na Wyspach Kanaryjskich i Azorach. W Polsce \u0142yska zwyczajna jest gatunkiem pospolitym wyst\u0119puj\u0105cym niemal na ca\u0142ym obszarze kraju z wy\u0142\u0105czeniem wysokich g\u00f3r.<br \/>\n<\/strong><\/p>\n<p><strong>Cz\u0119\u015b\u0107 populacji \u0142yski zwyczajnej prowadzi osiad\u0142y tryb \u017cycia. Pozosta\u0142a grupa ptak\u00f3w migruje na zimowiska znajduj\u0105ce si\u0119 w zachodniej i po\u0142udniowej Europie, po\u0142udniowej Azji i p\u00f3\u0142nocnej Afryce. Wiosenne migracje \u0142yski zwyczajnej trwaj\u0105 na prze\u0142omie marca i kwietnia. Jesienna migracja odbywa si\u0119 w pa\u017adzierniku i listopadzie.<\/strong><\/p>\n<p><strong>\u0141yska \u017cywi si\u0119 pokarmem zar\u00f3wno zwierz\u0119cym jak i ro\u015blinnym. Wiosn\u0105 i latem uk\u0142ada swoj\u0105 diet\u0119 z ro\u015blin wodnych. Ch\u0119tnie spo\u017cywa glony, rdestnice, moczarki, k\u0142\u0105cza trzcin i ich nasiona. Zim\u0105 ptaki te bardzo ch\u0119tnie \u017cywi\u0105 si\u0119 ma\u0142\u017cami, potrafi\u0105 one nurkowa\u0107 do g\u0142\u0119boko\u015bci oko\u0142o 6,5 metra.<\/strong><\/p>\n<p><a href=\"https:\/\/www.milosnicylasu.olsztyn.pl\/wp-content\/uploads\/2024\/01\/P1290120-scaled.jpg\" data-rel=\"lightbox-image-1\" data-magnific_type=\"image\" data-rl_title=\"\" data-rl_caption=\"\" title=\"\"><img loading=\"lazy\" decoding=\"async\" class=\"size-medium wp-image-8525 alignright\" src=\"https:\/\/www.milosnicylasu.olsztyn.pl\/wp-content\/uploads\/2024\/01\/P1290120-300x225.jpg\" alt=\"\" width=\"300\" height=\"225\" srcset=\"https:\/\/www.milosnicylasu.olsztyn.pl\/wp-content\/uploads\/2024\/01\/P1290120-300x225.jpg 300w, https:\/\/www.milosnicylasu.olsztyn.pl\/wp-content\/uploads\/2024\/01\/P1290120-1024x768.jpg 1024w, https:\/\/www.milosnicylasu.olsztyn.pl\/wp-content\/uploads\/2024\/01\/P1290120-768x576.jpg 768w, https:\/\/www.milosnicylasu.olsztyn.pl\/wp-content\/uploads\/2024\/01\/P1290120-1536x1152.jpg 1536w, https:\/\/www.milosnicylasu.olsztyn.pl\/wp-content\/uploads\/2024\/01\/P1290120-2048x1536.jpg 2048w\" sizes=\"auto, (max-width: 300px) 100vw, 300px\" \/><\/a><\/p>\n<p><strong>\u0141yska, a szczeg\u00f3lnie jej populacja \u017cyj\u0105ca niedaleko miast np. na miejskich zalewach, nie nale\u017cy do ptak\u00f3w p\u0142ochliwych. Dzi\u0119ki temu obserwacja tego gatunku jest do\u015b\u0107 \u0142atwa. Najcz\u0119\u015bciej mo\u017cna j\u0105 spotka\u0107 p\u0142ywaj\u0105c\u0105 i \u017ceruj\u0105c\u0105 w\u015br\u00f3d ro\u015blinno\u015bci wodnej. \u0141yska sw\u00f3j pokarm wydobywa spod wody nurkuj\u0105c. Przed zanurzeniem si\u0119 pod wod\u0119 ptak lekko wyskakuje nad powierzchni\u0119 tafli, po czym szybko znika pod wod\u0105. Ptak nie nale\u017cy jednak do wytrawnych nurk\u00f3w, mo\u017ce sp\u0119dzi\u0107 pod wod\u0105 tylko kilka chwil, ale polowanie na wodorosty w zasadzie nie wymaga d\u0142u\u017cszego zanurzenia.Okres l\u0119gowy \u0142yski przypada na czas od ko\u0144ca marca do ko\u0144ca lipca. W tym czasie \u0142yska zwyczajna zazwyczaj jest w stanie wyprowadzi\u0107 dwa l\u0119gi. Po przylocie na tokowiska ptaki dobieraj\u0105 si\u0119 w pary i zaczynaj\u0105 budow\u0119 gniazda.<\/strong><\/p>\n<p><strong>Gniazdo \u0142yski to upleciona na p\u0142yci\u017anie, w\u015br\u00f3d szuwar\u00f3w platforma sk\u0142adaj\u0105ca si\u0119 z suchych li\u015bcie trzcin lub pa\u0142ki wodnej. Platforma, na kt\u00f3rej gnie\u017cd\u017c\u0105 si\u0119 ptaki zazwyczaj nie przekracza 55 cm \u015brednicy. Gniazdo cz\u0119sto unosi si\u0119 na wodzie, ale zazwyczaj jest ono mocowane do ro\u015blinno\u015bci, aby zbytnio si\u0119 nie przemieszcza\u0142o.<\/strong><\/p>\n<p><span style=\"color: #008080;\"><em><strong>Zwyczaje l\u0119gowe \u0142yski<\/strong><\/em><\/span><\/p>\n<p><strong>Po zimowym dobraniu si\u0119 w pary ptaki te staj\u0105 si\u0119 mocno terytorialne. Samce staj\u0105 si\u0119 agresywne i zaciekle broni\u0105 zaj\u0119tego terytorium. Atakuje on intruz\u00f3w szar\u017cuj\u0105c swoim biegiem po wodzie i uderzaj\u0105c skrzyd\u0142ami. Kiedy osi\u0105gnie sw\u00f3j cel dumnie pr\u0119\u017c\u0105c wyprostowan\u0105 szyj\u0119 p\u0142ywa wko\u0142o samicy. Obrona terytorium dla \u0142ysek jest form\u0105 zalot\u00f3w, kt\u00f3re dodatkowo wzmacniaj\u0105 wi\u0119zi pomi\u0119dzy par\u0105 ptak\u00f3w.<\/strong><\/p>\n<p><strong>Samica sk\u0142ada do gniazda w pierwszej kolejno\u015bci 1 lub 2 jaja i zaczyna je wysiadywa\u0107. W\u00f3wczas sk\u0142ada kolejne bia\u0142e z malutkimi czarnymi kropeczkami jajka. W jednym zniesieniu mo\u017ce by\u0107 ich nawet do 15 sztuk. Okres wysiadywania trwa oko\u0142o 24 dni. Kiedy w gnie\u017adzie znajduj\u0105 si\u0119 ju\u017c wszystkie zniesione jajka, wysiadywaniem zajmuje si\u0119 r\u00f3wnie\u017c samiec \u0142yski.<\/strong><\/p>\n<p><strong>Piskl\u0119ta po wykluciu od razu opuszczaj\u0105 gniazdo. Staj\u0105 si\u0119 one jednak samodzielne po oko\u0142o o\u015bmiu tygodniach. Wpierw m\u0142odymi zagniazdownikami opiekuj\u0105 si\u0119 oboje z rodzic\u00f3w. Nast\u0119pnie opieka przypada tylko samcowi, poniewa\u017c samica zazwyczaj w tym czasie przyst\u0119puje do drugiego l\u0119gu.<\/strong><\/p>\n<p><strong>\u0141yska zwyczajna to bardzo rodzinny ptak. M\u0142ode osobniki wyklute w pierwszym l\u0119gu pomagaj\u0105 rodzicom w opiece nad m\u0142odszym rodze\u0144stwem z drugiego l\u0119gu.<\/strong><\/p>\n<p><strong>\u0141yska zwyczajna jest w Polsce ptakiem \u0142ownym. Pomimo gwa\u0142townego spadku liczebno\u015bci tych ptak\u00f3w polowania na nie nadal s\u0105 mo\u017cliwe w okresie od 15 sierpnia do 21 grudnia. Jedyn\u0105 pociech\u0105 dla tych ptak\u00f3w jest fakt, \u017ce ich mi\u0119so nie nale\u017cy do smacznych tote\u017c my\u015bliwi wol\u0105 na celownik obra\u0107 inne gatunki.<\/strong><\/p>\n<p>Autorem zdj\u0119\u0107 jest Anatol Leszczy\u0144ski, \u0142yski a tak\u017ce inne ptaki p\u0142ywa\u0142y na rzece Wad\u0105g 28 stycznia 2024 roku<\/p>\n","protected":false},"excerpt":{"rendered":"<p>\u0141yska zwyczajna Pierwsze od czego nale\u017cy zacz\u0105\u0107 to sprostowanie, \u0142yska zwyczajna (Fulica atra) nie jest kaczk\u0105. Jest to \u015bredniej wielko\u015bci ptak z rodziny chru\u015bcieli. Bli\u017cej jest jej wi\u0119c do derkacza ni\u017c kaczki. \u0141ysk\u0119 bardzo \u0142atwo rozpozna\u0107, jest to ptak mniejszy od \u00a0kaczki krzy\u017c\u00f3wki ubarwiony jednolicie na czarno z bia\u0142ym dziobem i czo\u0142em. Nogi \u017c\u00f3\u0142te, stopy [&hellip;]<\/p>\n","protected":false},"author":2,"featured_media":0,"comment_status":"open","ping_status":"open","sticky":false,"template":"","format":"standard","meta":{"footnotes":""},"categories":[1,9,17],"tags":[],"class_list":["post-8519","post","type-post","status-publish","format-standard","hentry","category-bez-kategorii","category-ciekawostki","category-edukacja-w-terenie"],"_links":{"self":[{"href":"https:\/\/www.milosnicylasu.olsztyn.pl\/index.php?rest_route=\/wp\/v2\/posts\/8519","targetHints":{"allow":["GET"]}}],"collection":[{"href":"https:\/\/www.milosnicylasu.olsztyn.pl\/index.php?rest_route=\/wp\/v2\/posts"}],"about":[{"href":"https:\/\/www.milosnicylasu.olsztyn.pl\/index.php?rest_route=\/wp\/v2\/types\/post"}],"author":[{"embeddable":true,"href":"https:\/\/www.milosnicylasu.olsztyn.pl\/index.php?rest_route=\/wp\/v2\/users\/2"}],"replies":[{"embeddable":true,"href":"https:\/\/www.milosnicylasu.olsztyn.pl\/index.php?rest_route=%2Fwp%2Fv2%2Fcomments&post=8519"}],"version-history":[{"count":10,"href":"https:\/\/www.milosnicylasu.olsztyn.pl\/index.php?rest_route=\/wp\/v2\/posts\/8519\/revisions"}],"predecessor-version":[{"id":8531,"href":"https:\/\/www.milosnicylasu.olsztyn.pl\/index.php?rest_route=\/wp\/v2\/posts\/8519\/revisions\/8531"}],"wp:attachment":[{"href":"https:\/\/www.milosnicylasu.olsztyn.pl\/index.php?rest_route=%2Fwp%2Fv2%2Fmedia&parent=8519"}],"wp:term":[{"taxonomy":"category","embeddable":true,"href":"https:\/\/www.milosnicylasu.olsztyn.pl\/index.php?rest_route=%2Fwp%2Fv2%2Fcategories&post=8519"},{"taxonomy":"post_tag","embeddable":true,"href":"https:\/\/www.milosnicylasu.olsztyn.pl\/index.php?rest_route=%2Fwp%2Fv2%2Ftags&post=8519"}],"curies":[{"name":"wp","href":"https:\/\/api.w.org\/{rel}","templated":true}]}}