{"id":8532,"date":"2024-02-02T02:16:18","date_gmt":"2024-02-02T01:16:18","guid":{"rendered":"https:\/\/www.milosnicylasu.olsztyn.pl\/?p=8532"},"modified":"2024-02-02T02:26:24","modified_gmt":"2024-02-02T01:26:24","slug":"zapraszamy-do-obserwatorium-w-olsztynie","status":"publish","type":"post","link":"https:\/\/www.milosnicylasu.olsztyn.pl\/?p=8532","title":{"rendered":"Zapraszamy do Obserwatorium w Olsztynie"},"content":{"rendered":"<p>Wiesia i Jasiu Filipkowie zapraszaj\u0105 cz\u0142onk\u00f3w Ko\u0142a Mi\u0142o\u015bnik\u00f3w Lasu i Militari\u00f3w LOK przy ATW w Olsztynie do ciekawego sp\u0119dzenia sobotniego przedpo\u0142udnia w dniu 17 lutego 2024 roku. Wybierzemy si\u0119 do Obserwatorium Astronomicznego przy ulicy \u017bo\u0142nierskiej. Obiekt znajduje si\u0119 w centrum miasta, cz\u0119sto tam przeje\u017cd\u017camy, przechodzimy, ale\u00a0 czy wielu\u00a0 z nas mia\u0142o przyjemno\u015b\u0107 je zwiedzi\u0107 ? Jest okazja!<\/p>\n<p style=\"text-align: justify;\"><span style=\"font-size: 13.5pt;\">Obserwatorium Astronomiczne w Olsztynie zlokalizowane jest w XIX-wiecznej wie\u017cy ci\u015bnie\u0144 wznosz\u0105cej si\u0119 na najwy\u017cszym wzniesieniu dawnego Olsztyna. Po renowacji w 2008 roku budynek zosta\u0142 laureatem konkursu Zabytek Zadbany \u2013 og\u0142oszonego przez Ministra Kultury i Dziedzictwa Narodowego.\u00a0<\/span><\/p>\n<p style=\"text-align: justify;\"><span style=\"font-size: 13.5pt;\">Na kolejnych pi\u0119trach wie\u017cy mo\u017cna zapozna\u0107 si\u0119 z rozwojem astronomii oraz z r\u00f3\u017cnymi metodami obserwacji i pomiar\u00f3w astronomicznych. Zainstalowana w budynku winda udost\u0119pnia Obserwatorium Astronomiczne tak\u017ce dla os\u00f3b z niepe\u0142nosprawno\u015bci\u0105.\u00a0<\/span><\/p>\n<p>&nbsp;<\/p>\n","protected":false},"excerpt":{"rendered":"<p>Wiesia i Jasiu Filipkowie zapraszaj\u0105 cz\u0142onk\u00f3w Ko\u0142a Mi\u0142o\u015bnik\u00f3w Lasu i Militari\u00f3w LOK przy ATW w Olsztynie do ciekawego sp\u0119dzenia sobotniego przedpo\u0142udnia w dniu 17 lutego 2024 roku. Wybierzemy si\u0119 do Obserwatorium Astronomicznego przy ulicy \u017bo\u0142nierskiej. Obiekt znajduje si\u0119 w centrum miasta, cz\u0119sto tam przeje\u017cd\u017camy, przechodzimy, ale\u00a0 czy wielu\u00a0 z nas mia\u0142o przyjemno\u015b\u0107 je zwiedzi\u0107 ? [&hellip;]<\/p>\n","protected":false},"author":2,"featured_media":0,"comment_status":"open","ping_status":"open","sticky":false,"template":"","format":"standard","meta":{"footnotes":""},"categories":[1,9,17],"tags":[],"class_list":["post-8532","post","type-post","status-publish","format-standard","hentry","category-bez-kategorii","category-ciekawostki","category-edukacja-w-terenie"],"_links":{"self":[{"href":"https:\/\/www.milosnicylasu.olsztyn.pl\/index.php?rest_route=\/wp\/v2\/posts\/8532","targetHints":{"allow":["GET"]}}],"collection":[{"href":"https:\/\/www.milosnicylasu.olsztyn.pl\/index.php?rest_route=\/wp\/v2\/posts"}],"about":[{"href":"https:\/\/www.milosnicylasu.olsztyn.pl\/index.php?rest_route=\/wp\/v2\/types\/post"}],"author":[{"embeddable":true,"href":"https:\/\/www.milosnicylasu.olsztyn.pl\/index.php?rest_route=\/wp\/v2\/users\/2"}],"replies":[{"embeddable":true,"href":"https:\/\/www.milosnicylasu.olsztyn.pl\/index.php?rest_route=%2Fwp%2Fv2%2Fcomments&post=8532"}],"version-history":[{"count":3,"href":"https:\/\/www.milosnicylasu.olsztyn.pl\/index.php?rest_route=\/wp\/v2\/posts\/8532\/revisions"}],"predecessor-version":[{"id":8535,"href":"https:\/\/www.milosnicylasu.olsztyn.pl\/index.php?rest_route=\/wp\/v2\/posts\/8532\/revisions\/8535"}],"wp:attachment":[{"href":"https:\/\/www.milosnicylasu.olsztyn.pl\/index.php?rest_route=%2Fwp%2Fv2%2Fmedia&parent=8532"}],"wp:term":[{"taxonomy":"category","embeddable":true,"href":"https:\/\/www.milosnicylasu.olsztyn.pl\/index.php?rest_route=%2Fwp%2Fv2%2Fcategories&post=8532"},{"taxonomy":"post_tag","embeddable":true,"href":"https:\/\/www.milosnicylasu.olsztyn.pl\/index.php?rest_route=%2Fwp%2Fv2%2Ftags&post=8532"}],"curies":[{"name":"wp","href":"https:\/\/api.w.org\/{rel}","templated":true}]}}