{"id":8538,"date":"2024-02-03T08:34:07","date_gmt":"2024-02-03T07:34:07","guid":{"rendered":"https:\/\/www.milosnicylasu.olsztyn.pl\/?p=8538"},"modified":"2024-02-04T07:06:09","modified_gmt":"2024-02-04T06:06:09","slug":"spotkanie-z-pania-paulina-rutkowska","status":"publish","type":"post","link":"https:\/\/www.milosnicylasu.olsztyn.pl\/?p=8538","title":{"rendered":"Spotkanie z Pani\u0105 Paulin\u0105 Rutkowsk\u0105"},"content":{"rendered":"<p><strong><a href=\"https:\/\/www.milosnicylasu.olsztyn.pl\/wp-content\/uploads\/2024\/02\/DSCN7087-www.jpg\" data-rel=\"lightbox-image-0\" data-magnific_type=\"image\" data-rl_title=\"\" data-rl_caption=\"\" title=\"\"><img loading=\"lazy\" decoding=\"async\" class=\"size-medium wp-image-8539 alignleft\" src=\"https:\/\/www.milosnicylasu.olsztyn.pl\/wp-content\/uploads\/2024\/02\/DSCN7087-www-300x225.jpg\" alt=\"\" width=\"300\" height=\"225\" srcset=\"https:\/\/www.milosnicylasu.olsztyn.pl\/wp-content\/uploads\/2024\/02\/DSCN7087-www-300x225.jpg 300w, https:\/\/www.milosnicylasu.olsztyn.pl\/wp-content\/uploads\/2024\/02\/DSCN7087-www-768x576.jpg 768w, https:\/\/www.milosnicylasu.olsztyn.pl\/wp-content\/uploads\/2024\/02\/DSCN7087-www.jpg 1024w\" sizes=\"auto, (max-width: 300px) 100vw, 300px\" \/><\/a>1 lutego 2024 roku, naszym go\u015bciem- wyk\u0142adowc\u0105 by\u0142a Pani Paulina Rutkowska odpowiadaj\u0105ca za Le\u015bne Arboretum Warmii i Mazur w Kudypach.<\/strong><\/p>\n<p>Od lat\u00a0 odwiedzamy to niezwyk\u0142e miejsce, grupowo ale te\u017c indywidualnie. Od dw\u00f3ch lat cz\u0142onkowie Ko\u0142a Mi\u0142o\u015bnik\u00f3w Lasu i Militari\u00f3w LOK przy ATW w Olsztynie, obchodz\u0105 w Arboretum,\u00a0 w listopadzie \u015awi\u0119to Niepodleg\u0142o\u015bci.<\/p>\n<p>Zauroczeni, obserwujemy zmiany. Doceniamy prac\u0119 le\u015bnik\u00f3w Nadle\u015bnictwa Kudypy, kt\u00f3rzy dbaj\u0105 o ten &#8222;skarb&#8221;. Czasami pomagamy przy pracach porz\u0105dkowych, ale wiemy, \u017ce to niewiele, zasadnicze prace wykonuj\u0105 le\u015bnicy.<\/p>\n<p>Podczas spotkania Pani Paulina przedstawi\u0142a histori\u0119 powstania Arboretum, pokaza\u0142a\u00a0 zdj\u0119cia, na kt\u00f3rych zobaczyli\u015bmy ludzi, kt\u00f3rzy przyczynili si\u0119 do powstania tego miejsca- le\u015bnik\u00f3w ale tez wielu naukowc\u00f3w. Pocz\u0105tki nie by\u0142y\u00a0 proste, ale uda\u0142o si\u0119&#8230;&#8230;.\u00a0 Arboretum po\u0142o\u017cone jest blisko Olsztyna, wi\u0119c mo\u017cemy korzysta\u0107&#8230;&#8230;&#8230;<\/p>\n<p>Arboretum w podolszty\u0144skich Kudypach to jedyny ogr\u00f3d botaniczny w wojew\u00f3dztwie warmi\u0144sko-mazurskim i ca\u0142ej p\u00f3\u0142nocno-wschodniej Polsce. Ma on form\u0119 rozleg\u0142ego parku le\u015bnego o charakterze dydaktyczno-turystycznym.<a href=\"https:\/\/www.milosnicylasu.olsztyn.pl\/wp-content\/uploads\/2020\/05\/DSCN5481-www.jpg\" data-rel=\"lightbox-image-1\" data-magnific_type=\"image\" data-rl_title=\"\" data-rl_caption=\"\" title=\"\"><img loading=\"lazy\" decoding=\"async\" class=\"size-medium wp-image-5532 alignright\" src=\"https:\/\/www.milosnicylasu.olsztyn.pl\/wp-content\/uploads\/2020\/05\/DSCN5481-www-169x300.jpg\" alt=\"\" width=\"169\" height=\"300\" srcset=\"https:\/\/www.milosnicylasu.olsztyn.pl\/wp-content\/uploads\/2020\/05\/DSCN5481-www-169x300.jpg 169w, https:\/\/www.milosnicylasu.olsztyn.pl\/wp-content\/uploads\/2020\/05\/DSCN5481-www.jpg 576w\" sizes=\"auto, (max-width: 169px) 100vw, 169px\" \/><\/a><a href=\"https:\/\/www.milosnicylasu.olsztyn.pl\/wp-content\/uploads\/2020\/05\/DSCN5431-www.jpg\" data-rel=\"lightbox-image-2\" data-magnific_type=\"image\" data-rl_title=\"\" data-rl_caption=\"\" title=\"\"><img loading=\"lazy\" decoding=\"async\" class=\"size-medium wp-image-5526 alignleft\" src=\"https:\/\/www.milosnicylasu.olsztyn.pl\/wp-content\/uploads\/2020\/05\/DSCN5431-www-300x169.jpg\" alt=\"\" width=\"300\" height=\"169\" srcset=\"https:\/\/www.milosnicylasu.olsztyn.pl\/wp-content\/uploads\/2020\/05\/DSCN5431-www-300x169.jpg 300w, https:\/\/www.milosnicylasu.olsztyn.pl\/wp-content\/uploads\/2020\/05\/DSCN5431-www-768x432.jpg 768w, https:\/\/www.milosnicylasu.olsztyn.pl\/wp-content\/uploads\/2020\/05\/DSCN5431-www-730x410.jpg 730w, https:\/\/www.milosnicylasu.olsztyn.pl\/wp-content\/uploads\/2020\/05\/DSCN5431-www.jpg 1024w\" sizes=\"auto, (max-width: 300px) 100vw, 300px\" \/><\/a><\/p>\n<p>Arboretum, nosz\u0105ce obecnie imi\u0119 Polskiego Towarzystwa Le\u015bnego, powsta\u0142o w 1989 r. w szczeg\u00f3lnym miejscu lasu, kt\u00f3re sze\u015b\u0107 lat wcze\u015bniej zosta\u0142o do\u015bwiadczone przez huragan. W 1990 r. pojawi\u0142o si\u0119 w nim pierwsze 65 sadzonek wyj\u0105tkowych gatunk\u00f3w ro\u015blin. W kolejnych latach systematycznie przybywa\u0142o tu rozmaitych okaz\u00f3w florystycznych.<a href=\"https:\/\/www.milosnicylasu.olsztyn.pl\/wp-content\/uploads\/2020\/05\/DSCN5461-www.jpg\" data-rel=\"lightbox-image-3\" data-magnific_type=\"image\" data-rl_title=\"\" data-rl_caption=\"\" title=\"\"><img loading=\"lazy\" decoding=\"async\" class=\"size-medium wp-image-5528 alignright\" src=\"https:\/\/www.milosnicylasu.olsztyn.pl\/wp-content\/uploads\/2020\/05\/DSCN5461-www-300x169.jpg\" alt=\"\" width=\"300\" height=\"169\" srcset=\"https:\/\/www.milosnicylasu.olsztyn.pl\/wp-content\/uploads\/2020\/05\/DSCN5461-www-300x169.jpg 300w, https:\/\/www.milosnicylasu.olsztyn.pl\/wp-content\/uploads\/2020\/05\/DSCN5461-www-768x432.jpg 768w, https:\/\/www.milosnicylasu.olsztyn.pl\/wp-content\/uploads\/2020\/05\/DSCN5461-www-730x410.jpg 730w, https:\/\/www.milosnicylasu.olsztyn.pl\/wp-content\/uploads\/2020\/05\/DSCN5461-www.jpg 1024w\" sizes=\"auto, (max-width: 300px) 100vw, 300px\" \/><\/a><\/p>\n<p>Ro\u015bliny pogrupowano w trzech dzia\u0142ach. Dzia\u0142 flory polskiej obejmuje oko\u0142o 300 rodzimych gatunk\u00f3w drzew i krzew\u00f3w. Drugi dzia\u0142 to arboretum kolekcyjne, licz\u0105ce blisko 700 odmian dendrologicznych. Jest w\u015br\u00f3d nich m. in. ponad 30 gatunk\u00f3w klon\u00f3w oraz bogata reprezentacja drzew iglastych. Ostatnim dzia\u0142em jest las naturalny, czyli fragment boru pierwotnego z wyst\u0119puj\u0105cymi w nim drzewami o statusie pomnik\u00f3w przyrody. Na terenie arboretum znajduje si\u0119 te\u017c naturalne oczko wodne i bagno.<\/p>\n<p><a href=\"https:\/\/www.milosnicylasu.olsztyn.pl\/wp-content\/uploads\/2020\/05\/DSCN5471-www.jpg\" data-rel=\"lightbox-image-4\" data-magnific_type=\"image\" data-rl_title=\"\" data-rl_caption=\"\" title=\"\"><img loading=\"lazy\" decoding=\"async\" class=\"size-medium wp-image-5531 alignleft\" src=\"https:\/\/www.milosnicylasu.olsztyn.pl\/wp-content\/uploads\/2020\/05\/DSCN5471-www-300x169.jpg\" alt=\"\" width=\"300\" height=\"169\" srcset=\"https:\/\/www.milosnicylasu.olsztyn.pl\/wp-content\/uploads\/2020\/05\/DSCN5471-www-300x169.jpg 300w, https:\/\/www.milosnicylasu.olsztyn.pl\/wp-content\/uploads\/2020\/05\/DSCN5471-www-768x432.jpg 768w, https:\/\/www.milosnicylasu.olsztyn.pl\/wp-content\/uploads\/2020\/05\/DSCN5471-www-730x410.jpg 730w, https:\/\/www.milosnicylasu.olsztyn.pl\/wp-content\/uploads\/2020\/05\/DSCN5471-www.jpg 1024w\" sizes=\"auto, (max-width: 300px) 100vw, 300px\" \/><\/a>Cho\u0107 ogr\u00f3d pi\u0119knie prezentuje si\u0119 o ka\u017cdej porze roku, najwi\u0119ksze wra\u017cenie robi wiosn\u0105, kiedy bujna ro\u015blinno\u015b\u0107 budzi si\u0119 do \u017cycia, kwitnie i roztacza intensywne zapachy.<a href=\"https:\/\/www.milosnicylasu.olsztyn.pl\/wp-content\/uploads\/2020\/05\/DSCN5458-www.jpg\" data-rel=\"lightbox-image-5\" data-magnific_type=\"image\" data-rl_title=\"\" data-rl_caption=\"\" title=\"\"><img loading=\"lazy\" decoding=\"async\" class=\"size-medium wp-image-5530 alignright\" src=\"https:\/\/www.milosnicylasu.olsztyn.pl\/wp-content\/uploads\/2020\/05\/DSCN5458-www-300x169.jpg\" alt=\"\" width=\"300\" height=\"169\" srcset=\"https:\/\/www.milosnicylasu.olsztyn.pl\/wp-content\/uploads\/2020\/05\/DSCN5458-www-300x169.jpg 300w, https:\/\/www.milosnicylasu.olsztyn.pl\/wp-content\/uploads\/2020\/05\/DSCN5458-www-768x432.jpg 768w, https:\/\/www.milosnicylasu.olsztyn.pl\/wp-content\/uploads\/2020\/05\/DSCN5458-www-730x410.jpg 730w, https:\/\/www.milosnicylasu.olsztyn.pl\/wp-content\/uploads\/2020\/05\/DSCN5458-www.jpg 1024w\" sizes=\"auto, (max-width: 300px) 100vw, 300px\" \/><\/a><\/p>\n<p>W budynku Izby Edukacyjnej dzieci i m\u0142odzie\u017c mog\u0105 pog\u0142\u0119bia\u0107 wiedz\u0119 o przyrodzie oraz pozna\u0107 codzienn\u0105 prac\u0119 le\u015bnik\u00f3w i histori\u0119 Nadle\u015bnictwa Kudypy. Dodatkow\u0105 atrakcj\u0105 arboretum jest imponuj\u0105ca kolekcja g\u0142az\u00f3w narzutowych zebranych z teren\u00f3w regionu. Przy \u015bcie\u017ckach spacerowych dla turyst\u00f3w przygotowano \u0142awki i altany<\/p>\n<p>Arboretum czynne jest codziennie od 15 kwietnia do 31 pa\u017adziernika. Pani Paulina zaprosi\u0142a do Arboretum. Dzi\u0119kujemy za bardzo ciekawy wyk\u0142ad oraz za zaproszenie do Kudyp.\u00a0 A wi\u0119c do zobaczenia.<\/p>\n<p>zdj\u0119cia: Anatol Leszczy\u0144ski<\/p>\n","protected":false},"excerpt":{"rendered":"<p>1 lutego 2024 roku, naszym go\u015bciem- wyk\u0142adowc\u0105 by\u0142a Pani Paulina Rutkowska odpowiadaj\u0105ca za Le\u015bne Arboretum Warmii i Mazur w Kudypach. Od lat\u00a0 odwiedzamy to niezwyk\u0142e miejsce, grupowo ale te\u017c indywidualnie. Od dw\u00f3ch lat cz\u0142onkowie Ko\u0142a Mi\u0142o\u015bnik\u00f3w Lasu i Militari\u00f3w LOK przy ATW w Olsztynie, obchodz\u0105 w Arboretum,\u00a0 w listopadzie \u015awi\u0119to Niepodleg\u0142o\u015bci. Zauroczeni, obserwujemy zmiany. Doceniamy [&hellip;]<\/p>\n","protected":false},"author":2,"featured_media":0,"comment_status":"open","ping_status":"open","sticky":false,"template":"","format":"standard","meta":{"footnotes":""},"categories":[1,9,17],"tags":[],"class_list":["post-8538","post","type-post","status-publish","format-standard","hentry","category-bez-kategorii","category-ciekawostki","category-edukacja-w-terenie"],"_links":{"self":[{"href":"https:\/\/www.milosnicylasu.olsztyn.pl\/index.php?rest_route=\/wp\/v2\/posts\/8538","targetHints":{"allow":["GET"]}}],"collection":[{"href":"https:\/\/www.milosnicylasu.olsztyn.pl\/index.php?rest_route=\/wp\/v2\/posts"}],"about":[{"href":"https:\/\/www.milosnicylasu.olsztyn.pl\/index.php?rest_route=\/wp\/v2\/types\/post"}],"author":[{"embeddable":true,"href":"https:\/\/www.milosnicylasu.olsztyn.pl\/index.php?rest_route=\/wp\/v2\/users\/2"}],"replies":[{"embeddable":true,"href":"https:\/\/www.milosnicylasu.olsztyn.pl\/index.php?rest_route=%2Fwp%2Fv2%2Fcomments&post=8538"}],"version-history":[{"count":5,"href":"https:\/\/www.milosnicylasu.olsztyn.pl\/index.php?rest_route=\/wp\/v2\/posts\/8538\/revisions"}],"predecessor-version":[{"id":8544,"href":"https:\/\/www.milosnicylasu.olsztyn.pl\/index.php?rest_route=\/wp\/v2\/posts\/8538\/revisions\/8544"}],"wp:attachment":[{"href":"https:\/\/www.milosnicylasu.olsztyn.pl\/index.php?rest_route=%2Fwp%2Fv2%2Fmedia&parent=8538"}],"wp:term":[{"taxonomy":"category","embeddable":true,"href":"https:\/\/www.milosnicylasu.olsztyn.pl\/index.php?rest_route=%2Fwp%2Fv2%2Fcategories&post=8538"},{"taxonomy":"post_tag","embeddable":true,"href":"https:\/\/www.milosnicylasu.olsztyn.pl\/index.php?rest_route=%2Fwp%2Fv2%2Ftags&post=8538"}],"curies":[{"name":"wp","href":"https:\/\/api.w.org\/{rel}","templated":true}]}}