{"id":8545,"date":"2024-02-04T19:34:35","date_gmt":"2024-02-04T18:34:35","guid":{"rendered":"https:\/\/www.milosnicylasu.olsztyn.pl\/?p=8545"},"modified":"2024-02-04T19:35:26","modified_gmt":"2024-02-04T18:35:26","slug":"prezes-kola-2-lutego-2024-r-z-wizyta-w-nadlesnictwie-mragowo","status":"publish","type":"post","link":"https:\/\/www.milosnicylasu.olsztyn.pl\/?p=8545","title":{"rendered":"Prezes Ko\u0142a  2 lutego 2024 r. z wizyt\u0105 w Nadle\u015bnictwie Mr\u0105gowo"},"content":{"rendered":"<p><a href=\"https:\/\/www.milosnicylasu.olsztyn.pl\/wp-content\/uploads\/2024\/02\/IMG_20240202_090351-www.jpg\" data-rel=\"lightbox-image-0\" data-magnific_type=\"image\" data-rl_title=\"\" data-rl_caption=\"\" title=\"\"><img loading=\"lazy\" decoding=\"async\" class=\"size-medium wp-image-8546 alignleft\" src=\"https:\/\/www.milosnicylasu.olsztyn.pl\/wp-content\/uploads\/2024\/02\/IMG_20240202_090351-www-300x225.jpg\" alt=\"\" width=\"300\" height=\"225\" srcset=\"https:\/\/www.milosnicylasu.olsztyn.pl\/wp-content\/uploads\/2024\/02\/IMG_20240202_090351-www-300x225.jpg 300w, https:\/\/www.milosnicylasu.olsztyn.pl\/wp-content\/uploads\/2024\/02\/IMG_20240202_090351-www-768x576.jpg 768w, https:\/\/www.milosnicylasu.olsztyn.pl\/wp-content\/uploads\/2024\/02\/IMG_20240202_090351-www.jpg 1024w\" sizes=\"auto, (max-width: 300px) 100vw, 300px\" \/><\/a><\/p>\n<p>Z okazji 100 rocznicy powo\u0142ania\u00a0 Las\u00f3w Pa\u0144stwowych\u00a0 oraz 80 rocznicy powo\u0142ania Ligi Obrony Kraju, nadle\u015bniczy Nadle\u015bnictwa Mr\u0105gowo\u00a0 Pan Jaros\u0142aw B\u0142yskun zosta\u0142 wyr\u00f3\u017cniony srebrn\u0105 odznak\u0105 Zas\u0142u\u017cony Dzia\u0142acz Ligi Obrony Kraju. Uroczystego wr\u0119czenia dokona\u0142 Anatol Leszczy\u0144ski prezes Ko\u0142a Mi\u0142o\u015bnik\u00f3w Lasu I Militari\u00f3w LOK przy ATW w Olsztynie.<\/p>\n<p>Gratulujemy Panu Jaros\u0142awowi, dzi\u0119kujemy za du\u017cy wk\u0142ad pracy wspieraj\u0105cy dzia\u0142alno\u015b\u0107 naszego Ko\u0142a. Jest przyjacielem na kt\u00f3rego zawsze mo\u017cemy liczy\u0107.<\/p>\n<p>&nbsp;<\/p>\n","protected":false},"excerpt":{"rendered":"<p>Z okazji 100 rocznicy powo\u0142ania\u00a0 Las\u00f3w Pa\u0144stwowych\u00a0 oraz 80 rocznicy powo\u0142ania Ligi Obrony Kraju, nadle\u015bniczy Nadle\u015bnictwa Mr\u0105gowo\u00a0 Pan Jaros\u0142aw B\u0142yskun zosta\u0142 wyr\u00f3\u017cniony srebrn\u0105 odznak\u0105 Zas\u0142u\u017cony Dzia\u0142acz Ligi Obrony Kraju. Uroczystego wr\u0119czenia dokona\u0142 Anatol Leszczy\u0144ski prezes Ko\u0142a Mi\u0142o\u015bnik\u00f3w Lasu I Militari\u00f3w LOK przy ATW w Olsztynie. Gratulujemy Panu Jaros\u0142awowi, dzi\u0119kujemy za du\u017cy wk\u0142ad pracy wspieraj\u0105cy dzia\u0142alno\u015b\u0107 [&hellip;]<\/p>\n","protected":false},"author":2,"featured_media":0,"comment_status":"open","ping_status":"open","sticky":false,"template":"","format":"standard","meta":{"footnotes":""},"categories":[1,9,17,6],"tags":[],"class_list":["post-8545","post","type-post","status-publish","format-standard","hentry","category-bez-kategorii","category-ciekawostki","category-edukacja-w-terenie","category-odznaczenia"],"_links":{"self":[{"href":"https:\/\/www.milosnicylasu.olsztyn.pl\/index.php?rest_route=\/wp\/v2\/posts\/8545","targetHints":{"allow":["GET"]}}],"collection":[{"href":"https:\/\/www.milosnicylasu.olsztyn.pl\/index.php?rest_route=\/wp\/v2\/posts"}],"about":[{"href":"https:\/\/www.milosnicylasu.olsztyn.pl\/index.php?rest_route=\/wp\/v2\/types\/post"}],"author":[{"embeddable":true,"href":"https:\/\/www.milosnicylasu.olsztyn.pl\/index.php?rest_route=\/wp\/v2\/users\/2"}],"replies":[{"embeddable":true,"href":"https:\/\/www.milosnicylasu.olsztyn.pl\/index.php?rest_route=%2Fwp%2Fv2%2Fcomments&post=8545"}],"version-history":[{"count":1,"href":"https:\/\/www.milosnicylasu.olsztyn.pl\/index.php?rest_route=\/wp\/v2\/posts\/8545\/revisions"}],"predecessor-version":[{"id":8547,"href":"https:\/\/www.milosnicylasu.olsztyn.pl\/index.php?rest_route=\/wp\/v2\/posts\/8545\/revisions\/8547"}],"wp:attachment":[{"href":"https:\/\/www.milosnicylasu.olsztyn.pl\/index.php?rest_route=%2Fwp%2Fv2%2Fmedia&parent=8545"}],"wp:term":[{"taxonomy":"category","embeddable":true,"href":"https:\/\/www.milosnicylasu.olsztyn.pl\/index.php?rest_route=%2Fwp%2Fv2%2Fcategories&post=8545"},{"taxonomy":"post_tag","embeddable":true,"href":"https:\/\/www.milosnicylasu.olsztyn.pl\/index.php?rest_route=%2Fwp%2Fv2%2Ftags&post=8545"}],"curies":[{"name":"wp","href":"https:\/\/api.w.org\/{rel}","templated":true}]}}