{"id":8564,"date":"2024-02-13T20:33:06","date_gmt":"2024-02-13T19:33:06","guid":{"rendered":"https:\/\/www.milosnicylasu.olsztyn.pl\/?p=8564"},"modified":"2024-02-14T07:28:17","modified_gmt":"2024-02-14T06:28:17","slug":"8564","status":"publish","type":"post","link":"https:\/\/www.milosnicylasu.olsztyn.pl\/?p=8564","title":{"rendered":"Zako\u0144czenie karnawa\u0142u 2024 roku"},"content":{"rendered":"<p><a href=\"https:\/\/www.milosnicylasu.olsztyn.pl\/wp-content\/uploads\/2024\/02\/DSCN7098.jpg\" data-rel=\"lightbox-image-0\" data-magnific_type=\"image\" data-rl_title=\"\" data-rl_caption=\"\" title=\"\"><img loading=\"lazy\" decoding=\"async\" class=\"size-medium wp-image-8576 alignleft\" src=\"https:\/\/www.milosnicylasu.olsztyn.pl\/wp-content\/uploads\/2024\/02\/DSCN7098-300x225.jpg\" alt=\"\" width=\"300\" height=\"225\" srcset=\"https:\/\/www.milosnicylasu.olsztyn.pl\/wp-content\/uploads\/2024\/02\/DSCN7098-300x225.jpg 300w, https:\/\/www.milosnicylasu.olsztyn.pl\/wp-content\/uploads\/2024\/02\/DSCN7098-1024x768.jpg 1024w, https:\/\/www.milosnicylasu.olsztyn.pl\/wp-content\/uploads\/2024\/02\/DSCN7098-768x576.jpg 768w, https:\/\/www.milosnicylasu.olsztyn.pl\/wp-content\/uploads\/2024\/02\/DSCN7098-1536x1152.jpg 1536w, https:\/\/www.milosnicylasu.olsztyn.pl\/wp-content\/uploads\/2024\/02\/DSCN7098.jpg 1600w\" sizes=\"auto, (max-width: 300px) 100vw, 300px\" \/><\/a><strong>Kilka dni wcze\u015bniej, bo 10 lutego 2024 roku, cz\u0142onkowie Ko\u0142a Mi\u0142o\u015bnik\u00f3w Lasu i Militari\u00f3w LOK przy ATW w Olsztynie obchodzili zako\u0144czenie karnawa\u0142u w &#8222;Wojtkowym lesie&#8221;. Pogoda dopisa\u0142a &#8211; nie pada\u0142o, by\u0142y r\u00f3\u017cne przysmaki, ognisko, kt\u00f3re przygotowa\u0142 Antoni Jarczyk, konkurs opracowany przez prezesa Anatola Leszczy\u0144skiego. Zapami\u0119tamy te\u017c pi\u0119knie przebran\u0105 &#8211; jak to w karnawale Dorotk\u0119 Ta\u0144sk\u0105. Dopisywa\u0142y humory i to jest zawsze warunek udanej zabawy.<a href=\"https:\/\/www.milosnicylasu.olsztyn.pl\/wp-content\/uploads\/2024\/02\/DSCN7106-www.jpg\" data-rel=\"lightbox-image-1\" data-magnific_type=\"image\" data-rl_title=\"\" data-rl_caption=\"\" title=\"\"><img loading=\"lazy\" decoding=\"async\" class=\"size-medium wp-image-8566 alignright\" src=\"https:\/\/www.milosnicylasu.olsztyn.pl\/wp-content\/uploads\/2024\/02\/DSCN7106-www-300x225.jpg\" alt=\"\" width=\"300\" height=\"225\" srcset=\"https:\/\/www.milosnicylasu.olsztyn.pl\/wp-content\/uploads\/2024\/02\/DSCN7106-www-300x225.jpg 300w, https:\/\/www.milosnicylasu.olsztyn.pl\/wp-content\/uploads\/2024\/02\/DSCN7106-www-768x576.jpg 768w, https:\/\/www.milosnicylasu.olsztyn.pl\/wp-content\/uploads\/2024\/02\/DSCN7106-www.jpg 1024w\" sizes=\"auto, (max-width: 300px) 100vw, 300px\" \/><\/a><\/strong><\/p>\n<p><strong>Najlepsz\u0105 wiedz\u0105 w konkursie z historii karnawa\u0142u wykaza\u0142y si\u0119 Dorota Ta\u0144ska, Marianna Bonis\u0142awska i Ela Piwo\u0144ska. Nagrody otrzymaj\u0105 podczas marcowego spotkania. Gratulujemy!!!<\/strong><\/p>\n<p><strong>A dla przypomnienia:<\/strong><\/p>\n<p><strong><span style=\"color: #000000;\">Ostatki, znane r\u00f3wnie\u017c jako \u015bledzik, podkozio\u0142ek i\u00a0mi\u0119sopust s\u0105 ostatnim dniem karnawa\u0142u. <a style=\"color: #000000;\" href=\"https:\/\/wiadomosci.wp.pl\/karnawal-2024-kiedy-sie-zaczyna-jak-dlugo-potrwa-6981092941306400a\">Ten w\u00a02024 roku rozpocz\u0105\u0142 si\u0119 w\u00a0dniu \u015bwi\u0119ta Trzech Kr\u00f3li, a\u00a0wi\u0119c 6\u00a0stycznia<\/a>. Ostatki w\u00a02024 roku s\u0105 natomiast obchodzone 13 lutego.<\/span><\/strong><\/p>\n<p><strong><span style=\"color: #000000;\">Ostatki, czyli ostatni dzie\u0144 karnawa\u0142u zar\u00f3wno kiedy\u015b, jak i\u00a0obecnie dla wielu os\u00f3b stanowi\u0105 okazj\u0119 do wsp\u00f3lnej zabawy i\u00a0\u015bwi\u0119towania. Tego dnia w\u00a0wielu miejscach w\u00a0Polsce i\u00a0na \u015bwiecie organizowane s\u0105 bale, maskarady oraz pochody.<\/span><\/strong><\/p>\n<p><strong><span style=\"color: #000000;\">Tradycje zwi\u0105zane z\u00a0ostatkami s\u0105 znane jednak nie tylko w\u00a0Polsce. <a style=\"color: #000000;\" href=\"https:\/\/wiadomosci.wp.pl\/bale-lokale-imprezy-i-imprezowicze-quiz-wiedzowy-na-poczatek-karnawalu-6335200892684417q\">W wielu krajach na \u015bwiecie w\u00a0ostatni dzie\u0144 karnawa\u0142u obchodzony jest Mardi Gras<\/a>, czyli &#8222;t\u0142usty wtorek&#8221;. Zwyczaje tego \u015bwi\u0119ta s\u0105 podobne do tradycji t\u0142ustoczwartkowych. W ostatnim dniu karnawa\u0142u mieszka\u0144cy m.in. Wielkiej Brytanii, Stan\u00f3w Zjednoczonych czy Australii, objadaj\u0105 si\u0119 nale\u015bnikami, w\u00a0wielu miastach odbywaj\u0105 si\u0119 tak\u017ce uliczne pochody.<\/span><\/strong><\/p>\n<p><strong><span style=\"color: #000000;\">Ostatki, kt\u00f3re w\u00a02024 roku wypadaj\u0105 13 lutego, poprzedzaj\u0105 <a style=\"color: #000000;\" href=\"https:\/\/wiadomosci.wp.pl\/sroda-popielcowa-2024-czy-to-dzien-wolny-co-ze-sklepami-6994847890143808a\">\u015arod\u0119 Popielcow\u0105, kt\u00f3ra w\u00a0tradycji katolickiej jest \u015bwi\u0119tem rozpoczynaj\u0105cym Wielki Post<\/a>, czyli okres pokuty i\u00a0oczekiwania na \u015bwi\u0119ta Wielkanocne. Te nie maj\u0105 sta\u0142ej daty &#8211;\u00a0ich termin jest bowiem zwi\u0105zany z\u00a0pierwsz\u0105 wiosenn\u0105 pe\u0142ni\u0105 Ksi\u0119\u017cyca.<\/span><\/strong><\/p>\n<p><strong><span style=\"color: #000000;\">Kiedy b\u0119dzie obchodzona Wielkanoc 2024? W tym roku Niedziela Wielkanocna wypadnie 31 marca. Dzie\u0144 p\u00f3\u017aniej, a\u00a0wi\u0119c 1\u00a0kwietnia obchodzony b\u0119dzie Poniedzia\u0142ek Wielkanocny.<\/span><\/strong><\/p>\n<p><strong>A tak na zako\u0144czenie imprezy grupa po\u017cegna\u0142a Wiesi\u0119 i Jasia Filipk\u00f3w, kt\u00f3rzy odje\u017cd\u017cali do domu swoim yariskiem.W drodze powrotnej Tolek zrobi\u0142\u00a0 jeszcze kilka zdj\u0119\u0107, z tego jedno przyp\u0142aci\u0142 upadkiem. Troch\u0119 si\u0119 poobija\u0142 , ale mamy dow\u00f3d, \u017ce wiosna tu\u017c, tu\u017c&#8230;&#8230;&#8230;..<a href=\"https:\/\/www.milosnicylasu.olsztyn.pl\/wp-content\/uploads\/2024\/02\/DSCN7118-www.jpg\" data-rel=\"lightbox-image-2\" data-magnific_type=\"image\" data-rl_title=\"\" data-rl_caption=\"\" title=\"\"><img loading=\"lazy\" decoding=\"async\" class=\"size-medium wp-image-8574 alignright\" src=\"https:\/\/www.milosnicylasu.olsztyn.pl\/wp-content\/uploads\/2024\/02\/DSCN7118-www-300x225.jpg\" alt=\"\" width=\"300\" height=\"225\" srcset=\"https:\/\/www.milosnicylasu.olsztyn.pl\/wp-content\/uploads\/2024\/02\/DSCN7118-www-300x225.jpg 300w, https:\/\/www.milosnicylasu.olsztyn.pl\/wp-content\/uploads\/2024\/02\/DSCN7118-www-768x576.jpg 768w, https:\/\/www.milosnicylasu.olsztyn.pl\/wp-content\/uploads\/2024\/02\/DSCN7118-www.jpg 1024w\" sizes=\"auto, (max-width: 300px) 100vw, 300px\" \/><\/a><br \/>\n<\/strong><\/p>\n<p><a href=\"https:\/\/www.milosnicylasu.olsztyn.pl\/wp-content\/uploads\/2024\/02\/DSCN7107-www.jpg\" data-rel=\"lightbox-image-3\" data-magnific_type=\"image\" data-rl_title=\"\" data-rl_caption=\"\" title=\"\"><img loading=\"lazy\" decoding=\"async\" class=\"size-medium wp-image-8567 alignleft\" src=\"https:\/\/www.milosnicylasu.olsztyn.pl\/wp-content\/uploads\/2024\/02\/DSCN7107-www-300x225.jpg\" alt=\"\" width=\"300\" height=\"225\" srcset=\"https:\/\/www.milosnicylasu.olsztyn.pl\/wp-content\/uploads\/2024\/02\/DSCN7107-www-300x225.jpg 300w, https:\/\/www.milosnicylasu.olsztyn.pl\/wp-content\/uploads\/2024\/02\/DSCN7107-www-768x576.jpg 768w, https:\/\/www.milosnicylasu.olsztyn.pl\/wp-content\/uploads\/2024\/02\/DSCN7107-www.jpg 1024w\" sizes=\"auto, (max-width: 300px) 100vw, 300px\" \/><\/a><\/p>\n","protected":false},"excerpt":{"rendered":"<p>Kilka dni wcze\u015bniej, bo 10 lutego 2024 roku, cz\u0142onkowie Ko\u0142a Mi\u0142o\u015bnik\u00f3w Lasu i Militari\u00f3w LOK przy ATW w Olsztynie obchodzili zako\u0144czenie karnawa\u0142u w &#8222;Wojtkowym lesie&#8221;. Pogoda dopisa\u0142a &#8211; nie pada\u0142o, by\u0142y r\u00f3\u017cne przysmaki, ognisko, kt\u00f3re przygotowa\u0142 Antoni Jarczyk, konkurs opracowany przez prezesa Anatola Leszczy\u0144skiego. Zapami\u0119tamy te\u017c pi\u0119knie przebran\u0105 &#8211; jak to w karnawale Dorotk\u0119 Ta\u0144sk\u0105. [&hellip;]<\/p>\n","protected":false},"author":2,"featured_media":0,"comment_status":"open","ping_status":"open","sticky":false,"template":"","format":"standard","meta":{"footnotes":""},"categories":[1,9,17,15,13],"tags":[],"class_list":["post-8564","post","type-post","status-publish","format-standard","hentry","category-bez-kategorii","category-ciekawostki","category-edukacja-w-terenie","category-komkurs","category-konkursy"],"_links":{"self":[{"href":"https:\/\/www.milosnicylasu.olsztyn.pl\/index.php?rest_route=\/wp\/v2\/posts\/8564","targetHints":{"allow":["GET"]}}],"collection":[{"href":"https:\/\/www.milosnicylasu.olsztyn.pl\/index.php?rest_route=\/wp\/v2\/posts"}],"about":[{"href":"https:\/\/www.milosnicylasu.olsztyn.pl\/index.php?rest_route=\/wp\/v2\/types\/post"}],"author":[{"embeddable":true,"href":"https:\/\/www.milosnicylasu.olsztyn.pl\/index.php?rest_route=\/wp\/v2\/users\/2"}],"replies":[{"embeddable":true,"href":"https:\/\/www.milosnicylasu.olsztyn.pl\/index.php?rest_route=%2Fwp%2Fv2%2Fcomments&post=8564"}],"version-history":[{"count":8,"href":"https:\/\/www.milosnicylasu.olsztyn.pl\/index.php?rest_route=\/wp\/v2\/posts\/8564\/revisions"}],"predecessor-version":[{"id":8577,"href":"https:\/\/www.milosnicylasu.olsztyn.pl\/index.php?rest_route=\/wp\/v2\/posts\/8564\/revisions\/8577"}],"wp:attachment":[{"href":"https:\/\/www.milosnicylasu.olsztyn.pl\/index.php?rest_route=%2Fwp%2Fv2%2Fmedia&parent=8564"}],"wp:term":[{"taxonomy":"category","embeddable":true,"href":"https:\/\/www.milosnicylasu.olsztyn.pl\/index.php?rest_route=%2Fwp%2Fv2%2Fcategories&post=8564"},{"taxonomy":"post_tag","embeddable":true,"href":"https:\/\/www.milosnicylasu.olsztyn.pl\/index.php?rest_route=%2Fwp%2Fv2%2Ftags&post=8564"}],"curies":[{"name":"wp","href":"https:\/\/api.w.org\/{rel}","templated":true}]}}