{"id":8593,"date":"2024-02-23T12:24:15","date_gmt":"2024-02-23T11:24:15","guid":{"rendered":"https:\/\/www.milosnicylasu.olsztyn.pl\/?p=8593"},"modified":"2024-02-23T12:26:37","modified_gmt":"2024-02-23T11:26:37","slug":"przedwiosnie","status":"publish","type":"post","link":"https:\/\/www.milosnicylasu.olsztyn.pl\/?p=8593","title":{"rendered":"Przedwio\u015bnie"},"content":{"rendered":"<p><a href=\"https:\/\/www.milosnicylasu.olsztyn.pl\/wp-content\/uploads\/2024\/02\/P2180201-www.jpg\" data-rel=\"lightbox-image-0\" data-magnific_type=\"image\" data-rl_title=\"\" data-rl_caption=\"\" title=\"\"><img loading=\"lazy\" decoding=\"async\" class=\"size-medium wp-image-8594 alignleft\" src=\"https:\/\/www.milosnicylasu.olsztyn.pl\/wp-content\/uploads\/2024\/02\/P2180201-www-300x225.jpg\" alt=\"\" width=\"300\" height=\"225\" srcset=\"https:\/\/www.milosnicylasu.olsztyn.pl\/wp-content\/uploads\/2024\/02\/P2180201-www-300x225.jpg 300w, https:\/\/www.milosnicylasu.olsztyn.pl\/wp-content\/uploads\/2024\/02\/P2180201-www-768x576.jpg 768w, https:\/\/www.milosnicylasu.olsztyn.pl\/wp-content\/uploads\/2024\/02\/P2180201-www.jpg 1024w\" sizes=\"auto, (max-width: 300px) 100vw, 300px\" \/><\/a><\/p>\n<p><a href=\"https:\/\/www.milosnicylasu.olsztyn.pl\/wp-content\/uploads\/2024\/02\/P2180212-www-scaled.jpg\" data-rel=\"lightbox-image-1\" data-magnific_type=\"image\" data-rl_title=\"\" data-rl_caption=\"\" title=\"\"><img loading=\"lazy\" decoding=\"async\" class=\"size-medium wp-image-8598 aligncenter\" src=\"https:\/\/www.milosnicylasu.olsztyn.pl\/wp-content\/uploads\/2024\/02\/P2180212-www-300x225.jpg\" alt=\"\" width=\"300\" height=\"225\" srcset=\"https:\/\/www.milosnicylasu.olsztyn.pl\/wp-content\/uploads\/2024\/02\/P2180212-www-300x225.jpg 300w, https:\/\/www.milosnicylasu.olsztyn.pl\/wp-content\/uploads\/2024\/02\/P2180212-www-1024x768.jpg 1024w, https:\/\/www.milosnicylasu.olsztyn.pl\/wp-content\/uploads\/2024\/02\/P2180212-www-768x576.jpg 768w, https:\/\/www.milosnicylasu.olsztyn.pl\/wp-content\/uploads\/2024\/02\/P2180212-www-1536x1152.jpg 1536w, https:\/\/www.milosnicylasu.olsztyn.pl\/wp-content\/uploads\/2024\/02\/P2180212-www-2048x1536.jpg 2048w\" sizes=\"auto, (max-width: 300px) 100vw, 300px\" \/><\/a><\/p>\n<p><strong>Szuka\u0142am w internecie jakiego\u015b utworu o przedwio\u015bniu &#8230;&#8230;.. i znalaz\u0142am, ale zupe\u0142nie si\u0119 z Tuwimem nie zgadzam &#8211; szaro, smutno&#8230;&#8230;..?\u00a0 Chyba nie nadajemy na tych samych falach. Fakt, jeszcze szaro, ale dzie\u0144 coraz d\u0142u\u017cszy, czasem s\u0142oneczny, kwitn\u0105 pierwsze kwiaty, mo\u017cna zaobserwowa\u0107 pierwsze przyloty ptak\u00f3w, na krzewach p\u0105ki&#8230;<\/strong>&#8230;.<\/p>\n<p><a href=\"https:\/\/www.milosnicylasu.olsztyn.pl\/wp-content\/uploads\/2024\/02\/P2180204-www.jpg\" data-rel=\"lightbox-image-2\" data-magnific_type=\"image\" data-rl_title=\"\" data-rl_caption=\"\" title=\"\"><img loading=\"lazy\" decoding=\"async\" class=\"size-medium wp-image-8596 alignright\" src=\"https:\/\/www.milosnicylasu.olsztyn.pl\/wp-content\/uploads\/2024\/02\/P2180204-www-300x225.jpg\" alt=\"\" width=\"300\" height=\"225\" srcset=\"https:\/\/www.milosnicylasu.olsztyn.pl\/wp-content\/uploads\/2024\/02\/P2180204-www-300x225.jpg 300w, https:\/\/www.milosnicylasu.olsztyn.pl\/wp-content\/uploads\/2024\/02\/P2180204-www-768x576.jpg 768w, https:\/\/www.milosnicylasu.olsztyn.pl\/wp-content\/uploads\/2024\/02\/P2180204-www.jpg 1024w\" sizes=\"auto, (max-width: 300px) 100vw, 300px\" \/><\/a><\/p>\n<p>&nbsp;<\/p>\n<p><a href=\"https:\/\/www.milosnicylasu.olsztyn.pl\/wp-content\/uploads\/2024\/02\/P2170191-www.jpg\" data-rel=\"lightbox-image-3\" data-magnific_type=\"image\" data-rl_title=\"\" data-rl_caption=\"\" title=\"\"><img loading=\"lazy\" decoding=\"async\" class=\"size-medium wp-image-8597\" src=\"https:\/\/www.milosnicylasu.olsztyn.pl\/wp-content\/uploads\/2024\/02\/P2170191-www-300x225.jpg\" alt=\"\" width=\"300\" height=\"225\" srcset=\"https:\/\/www.milosnicylasu.olsztyn.pl\/wp-content\/uploads\/2024\/02\/P2170191-www-300x225.jpg 300w, https:\/\/www.milosnicylasu.olsztyn.pl\/wp-content\/uploads\/2024\/02\/P2170191-www-768x576.jpg 768w, https:\/\/www.milosnicylasu.olsztyn.pl\/wp-content\/uploads\/2024\/02\/P2170191-www.jpg 1024w\" sizes=\"auto, (max-width: 300px) 100vw, 300px\" \/><\/a><\/p>\n<p><a href=\"https:\/\/www.milosnicylasu.olsztyn.pl\/wp-content\/uploads\/2024\/02\/P2180207-www.jpg\" data-rel=\"lightbox-image-4\" data-magnific_type=\"image\" data-rl_title=\"\" data-rl_caption=\"\" title=\"\"><img loading=\"lazy\" decoding=\"async\" class=\"size-medium wp-image-8595 aligncenter\" src=\"https:\/\/www.milosnicylasu.olsztyn.pl\/wp-content\/uploads\/2024\/02\/P2180207-www-300x225.jpg\" alt=\"\" width=\"300\" height=\"225\" srcset=\"https:\/\/www.milosnicylasu.olsztyn.pl\/wp-content\/uploads\/2024\/02\/P2180207-www-300x225.jpg 300w, https:\/\/www.milosnicylasu.olsztyn.pl\/wp-content\/uploads\/2024\/02\/P2180207-www-768x576.jpg 768w, https:\/\/www.milosnicylasu.olsztyn.pl\/wp-content\/uploads\/2024\/02\/P2180207-www.jpg 1024w\" sizes=\"auto, (max-width: 300px) 100vw, 300px\" \/><\/a><\/p>\n<p>&nbsp;<\/p>\n<p><strong><span style=\"color: #000080;\">P<\/span><span style=\"color: #000080;\"><span style=\"color: #000000;\">rzedwio\u015bnie<\/span><\/span><\/strong><br \/>\n<strong><span style=\"color: #000000;\">Autor: Julian Tuwim<\/span><\/strong><\/p>\n<p><strong>Pora sza\u00adra, nie\u00adwe\u00adso\u00ad\u0142a,<\/strong><br \/>\n<strong>M\u017cy pr\u0105\u017c\u00adka\u00admi przed\u00admrok siny,<\/strong><br \/>\n<strong>Ty po skwer\u00adku do\u00adoko\u00ad\u0142a<\/strong><br \/>\n<strong>Kr\u0105\u00ad\u017cysz smut\u00adny od go\u00addzi\u00adny.<\/strong><\/p>\n<p><strong>Cho\u00addzisz cie\u00adniem i nie\u00adso\u00adb\u0105,<\/strong><br \/>\n<strong>Urze\u00adczo\u00adny przy\u00adkr\u0105 ci\u00adsz\u0105.<\/strong><br \/>\n<strong>O, na\u00addzie\u00adjo! o, \u017ca\u00ad\u0142o\u00adbo!<\/strong><br \/>\n<strong>Na ga\u00ad\u0142\u0119\u00adziach wr\u00f3\u00adble wi\u00adsz\u0105.<\/strong><\/p>\n<p><strong>Kwi\u00adl\u0105 szyb\u00adko, go\u00adr\u0105cz\u00adko\u00adwo,<\/strong><br \/>\n<strong>Re\u00adcy\u00adtu\u00adj\u0105 jak na\u00adj\u0119\u00adte<\/strong><br \/>\n<strong>Swo\u00adje pta\u00adsie to i owo,<\/strong><br \/>\n<strong>Ja\u00adkie\u015b wie\u00ad\u015bci nie\u00adpo\u00adj\u0119\u00adte.<\/strong><\/p>\n<p><strong>O czem? O tem: \u017ce\u015b tak cie\u00adkaw<\/strong><br \/>\n<strong>Ba\u00ad\u015bni wiecz\u00adnej, wr\u00f3\u00adblej wa\u00ad\u015bni,<\/strong><br \/>\n<strong>\u017be tak kr\u0105\u00ad\u017cysz, \u017ce tak cze\u00adkasz&#8230;<\/strong><br \/>\n<strong>Na co? Na to. Wiesz ju\u017c? W\u0142a\u00ad\u015bnie.<\/strong><\/p>\n","protected":false},"excerpt":{"rendered":"<p>Szuka\u0142am w internecie jakiego\u015b utworu o przedwio\u015bniu &#8230;&#8230;.. i znalaz\u0142am, ale zupe\u0142nie si\u0119 z Tuwimem nie zgadzam &#8211; szaro, smutno&#8230;&#8230;..?\u00a0 Chyba nie nadajemy na tych samych falach. Fakt, jeszcze szaro, ale dzie\u0144 coraz d\u0142u\u017cszy, czasem s\u0142oneczny, kwitn\u0105 pierwsze kwiaty, mo\u017cna zaobserwowa\u0107 pierwsze przyloty ptak\u00f3w, na krzewach p\u0105ki&#8230;&#8230;. &nbsp; &nbsp; Przedwio\u015bnie Autor: Julian Tuwim Pora sza\u00adra, [&hellip;]<\/p>\n","protected":false},"author":2,"featured_media":0,"comment_status":"open","ping_status":"open","sticky":false,"template":"","format":"standard","meta":{"footnotes":""},"categories":[1,9,17],"tags":[],"class_list":["post-8593","post","type-post","status-publish","format-standard","hentry","category-bez-kategorii","category-ciekawostki","category-edukacja-w-terenie"],"_links":{"self":[{"href":"https:\/\/www.milosnicylasu.olsztyn.pl\/index.php?rest_route=\/wp\/v2\/posts\/8593","targetHints":{"allow":["GET"]}}],"collection":[{"href":"https:\/\/www.milosnicylasu.olsztyn.pl\/index.php?rest_route=\/wp\/v2\/posts"}],"about":[{"href":"https:\/\/www.milosnicylasu.olsztyn.pl\/index.php?rest_route=\/wp\/v2\/types\/post"}],"author":[{"embeddable":true,"href":"https:\/\/www.milosnicylasu.olsztyn.pl\/index.php?rest_route=\/wp\/v2\/users\/2"}],"replies":[{"embeddable":true,"href":"https:\/\/www.milosnicylasu.olsztyn.pl\/index.php?rest_route=%2Fwp%2Fv2%2Fcomments&post=8593"}],"version-history":[{"count":3,"href":"https:\/\/www.milosnicylasu.olsztyn.pl\/index.php?rest_route=\/wp\/v2\/posts\/8593\/revisions"}],"predecessor-version":[{"id":8601,"href":"https:\/\/www.milosnicylasu.olsztyn.pl\/index.php?rest_route=\/wp\/v2\/posts\/8593\/revisions\/8601"}],"wp:attachment":[{"href":"https:\/\/www.milosnicylasu.olsztyn.pl\/index.php?rest_route=%2Fwp%2Fv2%2Fmedia&parent=8593"}],"wp:term":[{"taxonomy":"category","embeddable":true,"href":"https:\/\/www.milosnicylasu.olsztyn.pl\/index.php?rest_route=%2Fwp%2Fv2%2Fcategories&post=8593"},{"taxonomy":"post_tag","embeddable":true,"href":"https:\/\/www.milosnicylasu.olsztyn.pl\/index.php?rest_route=%2Fwp%2Fv2%2Ftags&post=8593"}],"curies":[{"name":"wp","href":"https:\/\/api.w.org\/{rel}","templated":true}]}}