{"id":8604,"date":"2024-03-12T05:57:14","date_gmt":"2024-03-12T04:57:14","guid":{"rendered":"https:\/\/www.milosnicylasu.olsztyn.pl\/?p=8604"},"modified":"2024-03-13T05:40:46","modified_gmt":"2024-03-13T04:40:46","slug":"gruzja","status":"publish","type":"post","link":"https:\/\/www.milosnicylasu.olsztyn.pl\/?p=8604","title":{"rendered":"Gruzja &#8211; kraj nam mo\u017ce mniej znany, ale bardzo bliski"},"content":{"rendered":"<p><strong><a href=\"https:\/\/www.milosnicylasu.olsztyn.pl\/wp-content\/uploads\/2024\/03\/DSCN7138-www.jpg\" data-rel=\"lightbox-image-0\" data-magnific_type=\"image\" data-rl_title=\"\" data-rl_caption=\"\" title=\"\"><img loading=\"lazy\" decoding=\"async\" class=\"size-medium wp-image-8610 alignleft\" src=\"https:\/\/www.milosnicylasu.olsztyn.pl\/wp-content\/uploads\/2024\/03\/DSCN7138-www-300x225.jpg\" alt=\"\" width=\"300\" height=\"225\" srcset=\"https:\/\/www.milosnicylasu.olsztyn.pl\/wp-content\/uploads\/2024\/03\/DSCN7138-www-300x225.jpg 300w, https:\/\/www.milosnicylasu.olsztyn.pl\/wp-content\/uploads\/2024\/03\/DSCN7138-www-768x576.jpg 768w, https:\/\/www.milosnicylasu.olsztyn.pl\/wp-content\/uploads\/2024\/03\/DSCN7138-www.jpg 1024w\" sizes=\"auto, (max-width: 300px) 100vw, 300px\" \/><\/a>7 marca 2024 r. w siedzibie Olszty\u0144skiej Dyrekcji Las\u00f3w Las\u00f3w Pa\u0144stwowych go\u015bcili\u015bmy\u00a0 pana \u0141ukasza Augu\u015bcika\u00a0 podle\u015bniczego\u00a0 Le\u015bnictwa Kudypki w Nadle\u015bnictwie Kudypy. By\u0142o to dla nas niezapomniane spotkanie. Wiadomo\u015bci z Gruzji s\u0105 zawsze fascynuj\u0105ce &#8211; lubimy ten kraj, podziwiamy kultur\u0119, serdeczno\u015b\u0107 ludzi, ich zwyczaje&#8230;.., ale pan \u0141ukasz pokaza\u0142 nam nieznan\u0105 dla nas Gruzj\u0119, bo kt\u00f3\u017c z nas odwiedzi\u0142 Rezerwat Waszlowa\u0144ski i Waszlowa\u0144ski Park Narodowy ? <\/strong><\/p>\n<p><strong>Rezerwat Waszlowa\u0144ski le\u017cy w\u015br\u00f3d step\u00f3w P\u0142askowy\u017cu Jugorskiego, we wschodniej cz\u0119\u015bci kraju. Obejmuje tereny wy\u017cynne (maksymalnie 578 m n.p.m.) g\u0119sto poci\u0119te g\u0142\u0119bokimi dolinami, kt\u00f3rymi p\u0142yn\u0105 okresowe rzeki. Powierzchnia, rezerwatu liczy 48 km2, z czego lasy nie stanowi\u0105 nawet po\u0142owy.<\/strong><\/p>\n<p><strong>Rezerwat za\u0142o\u017cono ju\u017c w 1935 aby chroni\u0107 reliktowe lasy \u015bwietliste z\u0142o\u017cone z pistacji, granat\u00f3w, ja\u0142owca i wi\u0105zu. Flora wykazuje spore bogactwo gatunkowe. Wyst\u0119puje tu 550 gatunk\u00f3w ro\u015blin wy\u017cszych, z czego 41 stanowi\u0105 drzewa i krzewy. A\u017c 40 gatunk\u00f3w wyst\u0119puje tylko na terenie Gruzji, czyli s\u0105 to gruzi\u0144skie endemity.<\/strong><\/p>\n<p><strong>Powszechna erozja gleby spowodowa\u0142a, \u017ce korzenie drzew cz\u0119sto wystaj\u0105 wysoko ponad powierzchni\u0119 gruntu co okre\u015bla si\u0119 mianem &#8222;maszeruj\u0105cych drzew.<\/strong><\/p>\n<p><strong>W\u015br\u00f3d zwierz\u0105t spotyka si\u0119 w\u0119\u017ce, r\u00f3wnie\u017c jadowite. Poza tym \u017cyj\u0105 tu kaukaski nied\u017awied\u017a brunatny, hiena pr\u0119gowana, ry\u015b, dzik, jaszczurki agamy.<\/strong><\/p>\n<p><strong>Waszlowa\u0144ski Park Narodowy<\/strong><\/p>\n<p><strong>W 2003 r. w\u0142adze Gruzji postanowi\u0142y rozszerzy\u0107 obszar Rezerwatu Waszlowa\u0144skiego i jednocze\u015bnie powo\u0142a\u0107 do \u017cycia Waszlowa\u0144ski Park Narodowy o powierzchni 25144 ha. Zar\u00f3wno park, jak i rezerwat le\u017c\u0105 w po\u0142udniowo-wschodnim, niemal bezludnym zak\u0105tku Gruzji. Obszary chronione Waszlowani znajduj\u0105 si\u0119 we wschodniej cz\u0119\u015bci P\u0142askowy\u017cu Jorskiego, nazywanego powszechnie udabno, czyli pustynia. Rzeczywi\u015bcie jest to najsuchsza cz\u0119\u015b\u0107 kraju a krajobraz ma raczej p\u00f3\u0142pustynny charakter.<\/strong><\/p>\n<p><strong>Mimo swej surowo\u015bci i niedost\u0119pno\u015bci Waszlowa\u0144ski Park Narodowy zas\u0142uguje na odwiedziny. Ochronie podlegaj\u0105 wyj\u0105tkowe krajobrazy i zbiorowiska ro\u015blinne oraz rzadkie gatunki. Charakterystyczne dla parku s\u0105 tzw. badlandy (ang. badlands \u2013 \u201ez\u0142e ziemie\u201d), czyli suche tereny wy\u017cynne rozci\u0119te g\u0142\u0119bokimi, w\u0105skimi jarami i w\u0105wozami na skutek rzadkich, ale obfitych opad\u00f3w. Tworz\u0105 one g\u0119ste i wielobarwne labirynty, urozmaicone fantazyjnymi formami skalnymi (osta\u0144ce erozyjne). Waszlowa\u0144skie badlandy tworz\u0105 wyj\u0105tkowo malowniczy krajobraz.<\/strong><\/p>\n<p><strong>Cennymi elementami parku s\u0105 lasy pistacjowe i ja\u0142owcowe oraz kserotermiczne formacje ro\u015blinno\u015bci trawiastej i krzewinek. Na terenie obj\u0119tym ochron\u0105 wyst\u0119puj\u0105 m.in.: lampart, hiena pr\u0119gowana, nied\u017awied\u017a brunatny, ry\u015b, wilk, dzik, s\u0119p p\u0142owy, s\u0119p kasztanowy, s\u0119p egipski, drop ma\u0142y oraz bociany czarne.<\/strong><\/p>\n<p><strong>Park Waszlowa\u0144ski jest dost\u0119pny przez ca\u0142y rok. W zimie rzadko notuj\u0119 si\u0119 tam opady \u015bniegu i ujemne temperatury w ci\u0105gu dnia. Okres najbujniejszej wegetacji przypada na wiosn\u0119, kiedy to stepy i p\u00f3\u0142pustynia obficie zakwitaj\u0105. W czasie letnich wypraw mo\u017ce przeszkadza\u0107 silny upa\u0142 i brak wody. Na terenie parku i rezerwatu mo\u017cna porusza\u0107 si\u0119 pieszo, konno a w niekt\u00f3rych partiach tak\u017ce samochodem i rowerem. Nale\u017cy pami\u0119ta\u0107 o dobrym zaopatrzeniu, gdy\u017c teren parku znajduje si\u0119 z dala od ludzkich siedzib (a tym bardziej sklep\u00f3w). Warto wiedzie\u0107, \u017ce P\u0142askowy\u017c Jorski jest wymarzonym miejscem dla w\u0119\u017cy (r\u00f3wnie\u017c tych jadowitych), dlatego zachowajmy szczeg\u00f3ln\u0105 ostro\u017cno\u015b\u0107 przy zak\u0142adaniu obozowiska i poruszaniu si\u0119 w terenie. Z powodu ryzyka uk\u0105szenia lepiej zrezygnowa\u0107 z sanda\u0142\u00f3w i kr\u00f3tkich spodni.<\/strong><\/p>\n<p><strong><a href=\"https:\/\/www.milosnicylasu.olsztyn.pl\/wp-content\/uploads\/2024\/03\/DSCN7130-www.jpg\" data-rel=\"lightbox-image-1\" data-magnific_type=\"image\" data-rl_title=\"\" data-rl_caption=\"\" title=\"\"><img loading=\"lazy\" decoding=\"async\" class=\"size-medium wp-image-8611 alignleft\" src=\"https:\/\/www.milosnicylasu.olsztyn.pl\/wp-content\/uploads\/2024\/03\/DSCN7130-www-225x300.jpg\" alt=\"\" width=\"225\" height=\"300\" srcset=\"https:\/\/www.milosnicylasu.olsztyn.pl\/wp-content\/uploads\/2024\/03\/DSCN7130-www-225x300.jpg 225w, https:\/\/www.milosnicylasu.olsztyn.pl\/wp-content\/uploads\/2024\/03\/DSCN7130-www.jpg 768w\" sizes=\"auto, (max-width: 225px) 100vw, 225px\" \/><\/a>No i ta ostatnia informacja troch\u0119 przyhamowa\u0142a nasze zap\u0119dy &#8211; ch\u0119ci wyjazdu do pi\u0119knej Gruzji. Pi\u0119knej, bo wyk\u0142ad Pana \u0141ukasza by\u0142 okraszony wieloma zdj\u0119ciami, kt\u00f3re robi\u0142a \u017cona\u00a0 podczas ich wsp\u00f3lnego pobytu\u00a0 w Gruzji. Dzi\u0119kujemy Panu \u0141ukaszowi za wyk\u0142ad, gratulujemy \u017conie fotograficznego talentu. Mamy nadziej\u0119, \u017ce to nie by\u0142o to ostatnie nasze spotkanie. Czekamy na nast\u0119pne!<\/strong><\/p>\n<p><strong>W ramach podzi\u0119kowania za spotkanie, Pan \u0141ukasz otrzyma\u0142 akwarel\u0119 &#8222;Maki&#8221; autorstwa Krystyny Leszczy\u0144skiej<\/strong><\/p>\n<p><strong>________________<\/strong><\/p>\n<p><strong>W dalszej cz\u0119\u015bci spotkania :<\/strong><\/p>\n<ul>\n<li><strong>cz\u0142onkowie Ko\u0142a\u00a0 wy\u0142onili w konkursie projekt na odznak\u0119 z okazji 15 rocznicy Ko\u0142a. W konkursie zg\u0142oszono 3 projekty. Zwyci\u0119ski projekt otrzyma\u0142 98 % g\u0142os\u00f3w. Zwyci\u0119\u017cczyni\u0105 zosta\u0142a Nasza Kole\u017canka z Ko\u0142a Anna Wo\u0142czy\u0144ska z Krakowa.<a href=\"https:\/\/www.milosnicylasu.olsztyn.pl\/wp-content\/uploads\/2024\/03\/P1060002-www.jpg\" data-rel=\"lightbox-image-2\" data-magnific_type=\"image\" data-rl_title=\"\" data-rl_caption=\"\" title=\"\"><img loading=\"lazy\" decoding=\"async\" class=\"size-medium wp-image-8616 alignleft\" src=\"https:\/\/www.milosnicylasu.olsztyn.pl\/wp-content\/uploads\/2024\/03\/P1060002-www-225x300.jpg\" alt=\"\" width=\"225\" height=\"300\" srcset=\"https:\/\/www.milosnicylasu.olsztyn.pl\/wp-content\/uploads\/2024\/03\/P1060002-www-225x300.jpg 225w, https:\/\/www.milosnicylasu.olsztyn.pl\/wp-content\/uploads\/2024\/03\/P1060002-www.jpg 768w\" sizes=\"auto, (max-width: 225px) 100vw, 225px\" \/><\/a><\/strong><\/li>\n<li><strong>Odznaka b\u0119dzie wr\u0119czona wszystkim cz\u0142onkom, kt\u00f3rzy op\u0142acili sk\u0142adk\u0119 cz\u0142onkowsk\u0105 w 2024r. podczas uroczystych obchod\u00f3w Ko\u0142a w maju br.<\/strong><\/li>\n<li><strong>\u00a0odby\u0142o si\u0119 losowanie \u201eNagrody miesi\u0105ca\u201d szcz\u0119\u015bliwy los \u2013\u201e Album 90 lecia Las\u00f3w Pa\u0144stwowych\u201d wylosowa\u0142a Kole\u017canka Eugenia Zaj\u0105c<a href=\"https:\/\/www.milosnicylasu.olsztyn.pl\/wp-content\/uploads\/2024\/03\/DSCN7149-www.jpg\" data-rel=\"lightbox-image-3\" data-magnific_type=\"image\" data-rl_title=\"\" data-rl_caption=\"\" title=\"\"><img loading=\"lazy\" decoding=\"async\" class=\"size-medium wp-image-8618 aligncenter\" src=\"https:\/\/www.milosnicylasu.olsztyn.pl\/wp-content\/uploads\/2024\/03\/DSCN7149-www-225x300.jpg\" alt=\"\" width=\"225\" height=\"300\" srcset=\"https:\/\/www.milosnicylasu.olsztyn.pl\/wp-content\/uploads\/2024\/03\/DSCN7149-www-225x300.jpg 225w, https:\/\/www.milosnicylasu.olsztyn.pl\/wp-content\/uploads\/2024\/03\/DSCN7149-www-768x1024.jpg 768w, https:\/\/www.milosnicylasu.olsztyn.pl\/wp-content\/uploads\/2024\/03\/DSCN7149-www-1152x1536.jpg 1152w, https:\/\/www.milosnicylasu.olsztyn.pl\/wp-content\/uploads\/2024\/03\/DSCN7149-www.jpg 1200w\" sizes=\"auto, (max-width: 225px) 100vw, 225px\" \/><\/a><\/strong><strong>W minionym miesi\u0105cu odby\u0142o si\u0119 par\u0119 konkurs\u00f3w z wiedzy, zwyci\u0119zcom zosta\u0142y wr\u0119czone drobne upominki.<\/strong><\/li>\n<\/ul>\n<ul>\n<li><strong><a href=\"https:\/\/www.milosnicylasu.olsztyn.pl\/wp-content\/uploads\/2024\/03\/DSCN7145-www.jpg\" data-rel=\"lightbox-image-4\" data-magnific_type=\"image\" data-rl_title=\"\" data-rl_caption=\"\" title=\"\"><img loading=\"lazy\" decoding=\"async\" class=\"size-medium wp-image-8619 alignleft\" src=\"https:\/\/www.milosnicylasu.olsztyn.pl\/wp-content\/uploads\/2024\/03\/DSCN7145-www-300x225.jpg\" alt=\"\" width=\"300\" height=\"225\" srcset=\"https:\/\/www.milosnicylasu.olsztyn.pl\/wp-content\/uploads\/2024\/03\/DSCN7145-www-300x225.jpg 300w, https:\/\/www.milosnicylasu.olsztyn.pl\/wp-content\/uploads\/2024\/03\/DSCN7145-www-768x576.jpg 768w, https:\/\/www.milosnicylasu.olsztyn.pl\/wp-content\/uploads\/2024\/03\/DSCN7145-www.jpg 1024w\" sizes=\"auto, (max-width: 300px) 100vw, 300px\" \/><\/a>\u00a0Konkurs \u2013Fotograficzny \u201eZima w moim obiektywie\u201d nades\u0142ano 18 prac. \u00a0Na medale zas\u0142u\u017cy\u0142y zdj\u0119cia: Z\u0142oty medal Basia Bruzgo, srebrny medal Anatol Leszczy\u0144ski, Br\u0105zowy Medal Dorota Ta\u0144ska Uczestnicy kolejnych miejsc otrzymali Albumy Zwi\u0105zku Polskich Fotografik\u00f3w Przyrody OW-M : Wies\u0142awa Filipek, Krystyna Leszczy\u0144ska, Maciej Rusi\u0142owicz, Irena \u0141api\u0144ska z Podlasia, Jan Filipek, Maria Igli\u0144ska<\/strong><\/li>\n<li><strong>\u201e\u015awi\u0119ta Mokrade\u0142\u201d I miejsce Stefania Jarczyk,\u00a0 II m Renata Janicka, Iii m Benedykt Kucki otrzymali ksi\u0105\u017cki o tematyce przyrodniczej.<\/strong><\/li>\n<li><strong>W konkursie karnawa\u0142owym najlepszymi okazali si\u0119: Dorota Ta\u0144ska, Renata Janicka, Ela Piwo\u0144ska otrzyma\u0142y: Albumy Przyrodnicze Impresje.<a href=\"https:\/\/www.milosnicylasu.olsztyn.pl\/wp-content\/uploads\/2024\/03\/DSCN7146-www.jpg\" data-rel=\"lightbox-image-5\" data-magnific_type=\"image\" data-rl_title=\"\" data-rl_caption=\"\" title=\"\"><img loading=\"lazy\" decoding=\"async\" class=\"size-medium wp-image-8620 alignright\" src=\"https:\/\/www.milosnicylasu.olsztyn.pl\/wp-content\/uploads\/2024\/03\/DSCN7146-www-300x225.jpg\" alt=\"\" width=\"300\" height=\"225\" srcset=\"https:\/\/www.milosnicylasu.olsztyn.pl\/wp-content\/uploads\/2024\/03\/DSCN7146-www-300x225.jpg 300w, https:\/\/www.milosnicylasu.olsztyn.pl\/wp-content\/uploads\/2024\/03\/DSCN7146-www-768x576.jpg 768w, https:\/\/www.milosnicylasu.olsztyn.pl\/wp-content\/uploads\/2024\/03\/DSCN7146-www.jpg 1024w\" sizes=\"auto, (max-width: 300px) 100vw, 300px\" \/><\/a><\/strong><\/li>\n<li><strong>Nagroda specjalna za \u201eKarnawa\u0142owe przebranie\u201d otrzyma\u0142a Dorota Ta\u0144ska<\/strong><\/li>\n<li><strong>W kolejnym konkursie o znanym olszty\u0144skim rajdowcu Bublewiczu zostali wyr\u00f3\u017cnieni upominkami: Marianna Bonis\u0142awska, Ela Piwo\u0144ska, Maria Igli\u0144ska<a href=\"https:\/\/www.milosnicylasu.olsztyn.pl\/wp-content\/uploads\/2024\/03\/DSCN7147-www.jpg\" data-rel=\"lightbox-image-6\" data-magnific_type=\"image\" data-rl_title=\"\" data-rl_caption=\"\" title=\"\"><img loading=\"lazy\" decoding=\"async\" class=\"size-medium wp-image-8621 aligncenter\" src=\"https:\/\/www.milosnicylasu.olsztyn.pl\/wp-content\/uploads\/2024\/03\/DSCN7147-www-300x225.jpg\" alt=\"\" width=\"300\" height=\"225\" srcset=\"https:\/\/www.milosnicylasu.olsztyn.pl\/wp-content\/uploads\/2024\/03\/DSCN7147-www-300x225.jpg 300w, https:\/\/www.milosnicylasu.olsztyn.pl\/wp-content\/uploads\/2024\/03\/DSCN7147-www-768x576.jpg 768w, https:\/\/www.milosnicylasu.olsztyn.pl\/wp-content\/uploads\/2024\/03\/DSCN7147-www.jpg 1024w\" sizes=\"auto, (max-width: 300px) 100vw, 300px\" \/><\/a><\/strong><\/li>\n<\/ul>\n<p><strong>W imieniu Zarz\u0105du Ko\u0142a gratulujemy zwyci\u0119zcom, dzi\u0119kujemy wszystkim uczestnikom za udzia\u0142. Zapraszamy do kolejnych konkurs\u00f3w Ko\u0142a.<\/strong><\/p>\n<p><strong><a href=\"https:\/\/www.milosnicylasu.olsztyn.pl\/wp-content\/uploads\/2024\/03\/DSCN7134-www-1.jpg\" data-rel=\"lightbox-image-7\" data-magnific_type=\"image\" data-rl_title=\"\" data-rl_caption=\"\" title=\"\"><img loading=\"lazy\" decoding=\"async\" class=\"size-medium wp-image-8622 alignleft\" src=\"https:\/\/www.milosnicylasu.olsztyn.pl\/wp-content\/uploads\/2024\/03\/DSCN7134-www-1-300x225.jpg\" alt=\"\" width=\"300\" height=\"225\" srcset=\"https:\/\/www.milosnicylasu.olsztyn.pl\/wp-content\/uploads\/2024\/03\/DSCN7134-www-1-300x225.jpg 300w, https:\/\/www.milosnicylasu.olsztyn.pl\/wp-content\/uploads\/2024\/03\/DSCN7134-www-1-768x576.jpg 768w, https:\/\/www.milosnicylasu.olsztyn.pl\/wp-content\/uploads\/2024\/03\/DSCN7134-www-1.jpg 1024w\" sizes=\"auto, (max-width: 300px) 100vw, 300px\" \/><\/a>Tradycyjnym akcentem przed\u015bwi\u0105tecznym by\u0142a wystawa w holu RDLP w Olsztynie. Swoje prace wystawia\u0142y kole\u017canki z naszego Ko\u0142a Jasia Kluczek, Bo\u017cenka B\u0142aszczuk i Wiesia Filipek. By\u0142o pi\u0119knie, kolorowo . Poczuli\u015bmy, \u017ce Wielkanoc blisko&#8230;..<\/strong><\/p>\n<p><strong>Planowane zamierzenia w marcu: Sobotnie spotkania w dniu 02,09,16,23 godz. 10.00 p\u0119tla MPK Stary Dw\u00f3r \u2013 Kortowo.\u00a0 Dnia 16 marca na spacer zabieramy r\u0119kawice ochronne, b\u0119dziemy zbierali \u015bmieci w Le\u015bnictwie Stary Dw\u00f3r. Dobieramy si\u0119 w pary, najwi\u0119ksze obj\u0119to\u015bciowo worki po doniesieniu pod le\u015bnicz\u00f3wk\u0119 b\u0119d\u0105 premiowane, niespodzianki ju\u017c czekaj\u0105.<\/strong><\/p>\n<p><strong>W dniu 23 marca spotykamy si\u0119 o godzinie 11.00 Na olszty\u0144skiej star\u00f3wce przy ul. \u015aw. Barbary 2 zgodnie z planem zwiedzimy Muzeum Archidiecezji, wst\u0119p p\u0142atny po 7 z\u0142.<\/strong><\/p>\n<p><strong>Na kolejne czwartkowe spotkanie zapraszamy 4 kwietnia 2024r. godz.15.00 w Sali konferencyjnej w RDLP.<\/strong><\/p>\n<p>&nbsp;<\/p>\n<p>&nbsp;<\/p>\n<p>&nbsp;<\/p>\n<p>&nbsp;<\/p>\n<p>&nbsp;<\/p>\n<p><strong>Cz<\/strong><\/p>\n","protected":false},"excerpt":{"rendered":"<p>7 marca 2024 r. w siedzibie Olszty\u0144skiej Dyrekcji Las\u00f3w Las\u00f3w Pa\u0144stwowych go\u015bcili\u015bmy\u00a0 pana \u0141ukasza Augu\u015bcika\u00a0 podle\u015bniczego\u00a0 Le\u015bnictwa Kudypki w Nadle\u015bnictwie Kudypy. By\u0142o to dla nas niezapomniane spotkanie. Wiadomo\u015bci z Gruzji s\u0105 zawsze fascynuj\u0105ce &#8211; lubimy ten kraj, podziwiamy kultur\u0119, serdeczno\u015b\u0107 ludzi, ich zwyczaje&#8230;.., ale pan \u0141ukasz pokaza\u0142 nam nieznan\u0105 dla nas Gruzj\u0119, bo kt\u00f3\u017c z [&hellip;]<\/p>\n","protected":false},"author":2,"featured_media":0,"comment_status":"open","ping_status":"open","sticky":false,"template":"","format":"standard","meta":{"footnotes":""},"categories":[1,9,17,13,3],"tags":[],"class_list":["post-8604","post","type-post","status-publish","format-standard","hentry","category-bez-kategorii","category-ciekawostki","category-edukacja-w-terenie","category-konkursy","category-zebrania"],"_links":{"self":[{"href":"https:\/\/www.milosnicylasu.olsztyn.pl\/index.php?rest_route=\/wp\/v2\/posts\/8604","targetHints":{"allow":["GET"]}}],"collection":[{"href":"https:\/\/www.milosnicylasu.olsztyn.pl\/index.php?rest_route=\/wp\/v2\/posts"}],"about":[{"href":"https:\/\/www.milosnicylasu.olsztyn.pl\/index.php?rest_route=\/wp\/v2\/types\/post"}],"author":[{"embeddable":true,"href":"https:\/\/www.milosnicylasu.olsztyn.pl\/index.php?rest_route=\/wp\/v2\/users\/2"}],"replies":[{"embeddable":true,"href":"https:\/\/www.milosnicylasu.olsztyn.pl\/index.php?rest_route=%2Fwp%2Fv2%2Fcomments&post=8604"}],"version-history":[{"count":10,"href":"https:\/\/www.milosnicylasu.olsztyn.pl\/index.php?rest_route=\/wp\/v2\/posts\/8604\/revisions"}],"predecessor-version":[{"id":8626,"href":"https:\/\/www.milosnicylasu.olsztyn.pl\/index.php?rest_route=\/wp\/v2\/posts\/8604\/revisions\/8626"}],"wp:attachment":[{"href":"https:\/\/www.milosnicylasu.olsztyn.pl\/index.php?rest_route=%2Fwp%2Fv2%2Fmedia&parent=8604"}],"wp:term":[{"taxonomy":"category","embeddable":true,"href":"https:\/\/www.milosnicylasu.olsztyn.pl\/index.php?rest_route=%2Fwp%2Fv2%2Fcategories&post=8604"},{"taxonomy":"post_tag","embeddable":true,"href":"https:\/\/www.milosnicylasu.olsztyn.pl\/index.php?rest_route=%2Fwp%2Fv2%2Ftags&post=8604"}],"curies":[{"name":"wp","href":"https:\/\/api.w.org\/{rel}","templated":true}]}}