{"id":8640,"date":"2024-03-18T07:53:39","date_gmt":"2024-03-18T06:53:39","guid":{"rendered":"https:\/\/www.milosnicylasu.olsztyn.pl\/?p=8640"},"modified":"2024-03-18T07:53:39","modified_gmt":"2024-03-18T06:53:39","slug":"tecza-nad-ulica-sikorskiego-w-olsztynie","status":"publish","type":"post","link":"https:\/\/www.milosnicylasu.olsztyn.pl\/?p=8640","title":{"rendered":"T\u0119cza nad ulic\u0105 Sikorskiego w Olsztynie"},"content":{"rendered":"<section class=\"animation-ready\" data-block-name=\"Lead\" data-block-resolved-by=\"lead\" data-editor-block=\"\">\n<div data-editor-block-content=\"\">\n<p id=\"DjQ6n9vzY_pl_main__4\" class=\"lead\" data-id=\"DjQ6n9vzY_pl_main__4\"><a href=\"https:\/\/www.milosnicylasu.olsztyn.pl\/wp-content\/uploads\/2024\/03\/IMG_20240316_160248-www.jpg\" data-rel=\"lightbox-image-0\" data-magnific_type=\"image\" data-rl_title=\"\" data-rl_caption=\"\" title=\"\"><img loading=\"lazy\" decoding=\"async\" class=\"size-medium wp-image-8642 alignleft\" src=\"https:\/\/www.milosnicylasu.olsztyn.pl\/wp-content\/uploads\/2024\/03\/IMG_20240316_160248-www-300x225.jpg\" alt=\"\" width=\"300\" height=\"225\" srcset=\"https:\/\/www.milosnicylasu.olsztyn.pl\/wp-content\/uploads\/2024\/03\/IMG_20240316_160248-www-300x225.jpg 300w, https:\/\/www.milosnicylasu.olsztyn.pl\/wp-content\/uploads\/2024\/03\/IMG_20240316_160248-www-768x576.jpg 768w, https:\/\/www.milosnicylasu.olsztyn.pl\/wp-content\/uploads\/2024\/03\/IMG_20240316_160248-www.jpg 1024w\" sizes=\"auto, (max-width: 300px) 100vw, 300px\" \/><\/a><strong>T\u0119cza jest jednym z\u00a0najpi\u0119kniejszych zjawisk, jakie mo\u017cna obserwowa\u0107 na niebie. Dawniej wierzono, \u017ce je\u015bli dojdzie si\u0119 do miejsca, gdzie t\u0119cza styka si\u0119 z\u00a0ziemi\u0105, to odnajdzie si\u0119 zakopany skarb. Niestety, jest to tylko legenda. W\u00a0dodatku takiego miejsca nie ma! Wbrew pozorom, t\u0119cza nie dotyka ziemi w\u00a0og\u00f3le.<\/strong><\/p>\n<\/div>\n<\/section>\n<section class=\"animation-ready\" data-block-name=\"LessonRevisal\" data-block-resolved-by=\"juz-wiesz\" data-editor-block=\"\">\n<div data-editor-block-content=\"\">\n<div class=\"note note--important\">\n<div class=\"note__title\" data-editor-no-parse=\"\"><strong>Widziane przez cz\u0142owieka \u015bwiat\u0142o s\u0142oneczne jest bia\u0142e. Okazuje si\u0119 jednak, \u017ce nie jest jednolite. W rzeczywisto\u015bci jest mieszanin\u0105 wielu cz\u0119\u015bci postrzeganych przez nas jako r\u00f3\u017cne kolory. Pe\u0142en zakres \u015bwiat\u0142a docieraj\u0105cego do nas ze S\u0142o\u0144ca sk\u0142ada si\u0119 z ca\u0142ej gamy barw dost\u0119pnych dla wzroku cz\u0142owieka, czyli: czerwonej, zielonej i niebieskiej, oraz wszystkich barw po\u015brednich mi\u0119dzy nimi \u2013 jest ich niesko\u0144czenie wiele, co wida\u0107 na zdj\u0119ciu. <\/strong><\/div>\n<\/div>\n<\/div>\n<\/section>\n<div data-editor-no-parse=\"\"><\/div>\n<div data-editor-no-parse=\"\"><strong>Zdj\u0119cie sobotniej \/16 marca 2024\/t\u0119czy przes\u0142a\u0142 Adam Siemakowicz<\/strong><\/div>\n","protected":false},"excerpt":{"rendered":"<p>T\u0119cza jest jednym z\u00a0najpi\u0119kniejszych zjawisk, jakie mo\u017cna obserwowa\u0107 na niebie. Dawniej wierzono, \u017ce je\u015bli dojdzie si\u0119 do miejsca, gdzie t\u0119cza styka si\u0119 z\u00a0ziemi\u0105, to odnajdzie si\u0119 zakopany skarb. Niestety, jest to tylko legenda. W\u00a0dodatku takiego miejsca nie ma! Wbrew pozorom, t\u0119cza nie dotyka ziemi w\u00a0og\u00f3le. Widziane przez cz\u0142owieka \u015bwiat\u0142o s\u0142oneczne jest bia\u0142e. Okazuje si\u0119 jednak, [&hellip;]<\/p>\n","protected":false},"author":2,"featured_media":0,"comment_status":"open","ping_status":"open","sticky":false,"template":"","format":"standard","meta":{"footnotes":""},"categories":[1,9,17],"tags":[],"class_list":["post-8640","post","type-post","status-publish","format-standard","hentry","category-bez-kategorii","category-ciekawostki","category-edukacja-w-terenie"],"_links":{"self":[{"href":"https:\/\/www.milosnicylasu.olsztyn.pl\/index.php?rest_route=\/wp\/v2\/posts\/8640","targetHints":{"allow":["GET"]}}],"collection":[{"href":"https:\/\/www.milosnicylasu.olsztyn.pl\/index.php?rest_route=\/wp\/v2\/posts"}],"about":[{"href":"https:\/\/www.milosnicylasu.olsztyn.pl\/index.php?rest_route=\/wp\/v2\/types\/post"}],"author":[{"embeddable":true,"href":"https:\/\/www.milosnicylasu.olsztyn.pl\/index.php?rest_route=\/wp\/v2\/users\/2"}],"replies":[{"embeddable":true,"href":"https:\/\/www.milosnicylasu.olsztyn.pl\/index.php?rest_route=%2Fwp%2Fv2%2Fcomments&post=8640"}],"version-history":[{"count":2,"href":"https:\/\/www.milosnicylasu.olsztyn.pl\/index.php?rest_route=\/wp\/v2\/posts\/8640\/revisions"}],"predecessor-version":[{"id":8643,"href":"https:\/\/www.milosnicylasu.olsztyn.pl\/index.php?rest_route=\/wp\/v2\/posts\/8640\/revisions\/8643"}],"wp:attachment":[{"href":"https:\/\/www.milosnicylasu.olsztyn.pl\/index.php?rest_route=%2Fwp%2Fv2%2Fmedia&parent=8640"}],"wp:term":[{"taxonomy":"category","embeddable":true,"href":"https:\/\/www.milosnicylasu.olsztyn.pl\/index.php?rest_route=%2Fwp%2Fv2%2Fcategories&post=8640"},{"taxonomy":"post_tag","embeddable":true,"href":"https:\/\/www.milosnicylasu.olsztyn.pl\/index.php?rest_route=%2Fwp%2Fv2%2Ftags&post=8640"}],"curies":[{"name":"wp","href":"https:\/\/api.w.org\/{rel}","templated":true}]}}