{"id":8665,"date":"2024-03-24T08:03:37","date_gmt":"2024-03-24T07:03:37","guid":{"rendered":"https:\/\/www.milosnicylasu.olsztyn.pl\/?p=8665"},"modified":"2024-03-24T08:03:37","modified_gmt":"2024-03-24T07:03:37","slug":"zyczenia-wielkanocne-2","status":"publish","type":"post","link":"https:\/\/www.milosnicylasu.olsztyn.pl\/?p=8665","title":{"rendered":"\u017byczenia wielkanocne"},"content":{"rendered":"<p><strong><a href=\"https:\/\/www.milosnicylasu.olsztyn.pl\/wp-content\/uploads\/2023\/05\/2023-05-01-11-51-52-samsung-SM-S906B-banner.jpg\" data-rel=\"lightbox-image-0\" data-magnific_type=\"image\" data-rl_title=\"\" data-rl_caption=\"\" title=\"\"><img loading=\"lazy\" decoding=\"async\" class=\"size-medium wp-image-8029 alignleft\" src=\"https:\/\/www.milosnicylasu.olsztyn.pl\/wp-content\/uploads\/2023\/05\/2023-05-01-11-51-52-samsung-SM-S906B-banner-300x78.jpg\" alt=\"\" width=\"300\" height=\"78\" srcset=\"https:\/\/www.milosnicylasu.olsztyn.pl\/wp-content\/uploads\/2023\/05\/2023-05-01-11-51-52-samsung-SM-S906B-banner-300x78.jpg 300w, https:\/\/www.milosnicylasu.olsztyn.pl\/wp-content\/uploads\/2023\/05\/2023-05-01-11-51-52-samsung-SM-S906B-banner-1024x267.jpg 1024w, https:\/\/www.milosnicylasu.olsztyn.pl\/wp-content\/uploads\/2023\/05\/2023-05-01-11-51-52-samsung-SM-S906B-banner-768x200.jpg 768w, https:\/\/www.milosnicylasu.olsztyn.pl\/wp-content\/uploads\/2023\/05\/2023-05-01-11-51-52-samsung-SM-S906B-banner-1536x400.jpg 1536w, https:\/\/www.milosnicylasu.olsztyn.pl\/wp-content\/uploads\/2023\/05\/2023-05-01-11-51-52-samsung-SM-S906B-banner.jpg 1919w\" sizes=\"auto, (max-width: 300px) 100vw, 300px\" \/><\/a>Weso\u0142ych \u015awi\u0105t, pe\u0142nych u\u015bmiechu, ciep\u0142a rodzinnych spotka\u0144 i rado\u015bci p\u0142yn\u0105cej z jedno\u015bci. Niech koszyczek \u017cycze\u0144, kt\u00f3ry sk\u0142adamy, przyniesie Wam niezapomniane chwile oraz wiele pozytywnych do\u015bwiadcze\u0144. <\/strong><\/p>\n<p><strong>Z g\u0142\u0119bi serca \u017cyczymy\u00a0 weso\u0142ych i spokojnych \u015awi\u0105t Wielkanocnych.<\/strong><\/p>\n<p>&nbsp;<\/p>\n<p>&nbsp;<\/p>\n","protected":false},"excerpt":{"rendered":"<p>Weso\u0142ych \u015awi\u0105t, pe\u0142nych u\u015bmiechu, ciep\u0142a rodzinnych spotka\u0144 i rado\u015bci p\u0142yn\u0105cej z jedno\u015bci. Niech koszyczek \u017cycze\u0144, kt\u00f3ry sk\u0142adamy, przyniesie Wam niezapomniane chwile oraz wiele pozytywnych do\u015bwiadcze\u0144. Z g\u0142\u0119bi serca \u017cyczymy\u00a0 weso\u0142ych i spokojnych \u015awi\u0105t Wielkanocnych. &nbsp; &nbsp;<\/p>\n","protected":false},"author":2,"featured_media":0,"comment_status":"open","ping_status":"open","sticky":false,"template":"","format":"standard","meta":{"footnotes":""},"categories":[1,9],"tags":[],"class_list":["post-8665","post","type-post","status-publish","format-standard","hentry","category-bez-kategorii","category-ciekawostki"],"_links":{"self":[{"href":"https:\/\/www.milosnicylasu.olsztyn.pl\/index.php?rest_route=\/wp\/v2\/posts\/8665","targetHints":{"allow":["GET"]}}],"collection":[{"href":"https:\/\/www.milosnicylasu.olsztyn.pl\/index.php?rest_route=\/wp\/v2\/posts"}],"about":[{"href":"https:\/\/www.milosnicylasu.olsztyn.pl\/index.php?rest_route=\/wp\/v2\/types\/post"}],"author":[{"embeddable":true,"href":"https:\/\/www.milosnicylasu.olsztyn.pl\/index.php?rest_route=\/wp\/v2\/users\/2"}],"replies":[{"embeddable":true,"href":"https:\/\/www.milosnicylasu.olsztyn.pl\/index.php?rest_route=%2Fwp%2Fv2%2Fcomments&post=8665"}],"version-history":[{"count":1,"href":"https:\/\/www.milosnicylasu.olsztyn.pl\/index.php?rest_route=\/wp\/v2\/posts\/8665\/revisions"}],"predecessor-version":[{"id":8666,"href":"https:\/\/www.milosnicylasu.olsztyn.pl\/index.php?rest_route=\/wp\/v2\/posts\/8665\/revisions\/8666"}],"wp:attachment":[{"href":"https:\/\/www.milosnicylasu.olsztyn.pl\/index.php?rest_route=%2Fwp%2Fv2%2Fmedia&parent=8665"}],"wp:term":[{"taxonomy":"category","embeddable":true,"href":"https:\/\/www.milosnicylasu.olsztyn.pl\/index.php?rest_route=%2Fwp%2Fv2%2Fcategories&post=8665"},{"taxonomy":"post_tag","embeddable":true,"href":"https:\/\/www.milosnicylasu.olsztyn.pl\/index.php?rest_route=%2Fwp%2Fv2%2Ftags&post=8665"}],"curies":[{"name":"wp","href":"https:\/\/api.w.org\/{rel}","templated":true}]}}