{"id":8667,"date":"2024-03-27T06:19:08","date_gmt":"2024-03-27T05:19:08","guid":{"rendered":"https:\/\/www.milosnicylasu.olsztyn.pl\/?p=8667"},"modified":"2024-03-27T06:21:16","modified_gmt":"2024-03-27T05:21:16","slug":"odznaczenia-dla-lesnikow-nadlesnictwa-mlynary","status":"publish","type":"post","link":"https:\/\/www.milosnicylasu.olsztyn.pl\/?p=8667","title":{"rendered":"Odznaczenia dla le\u015bnik\u00f3w Nadle\u015bnictwa M\u0142ynary"},"content":{"rendered":"<p><strong>26 marca 2024 roku \u00a0cz\u0142onkowie zarz\u0105du Ko\u0142a Mi\u0142o\u015bnik\u00f3w Lasu i Militari\u00f3w LOK przy Akademii Trzeciego Wieku w Olsztynie Anatol Leszczy\u0144ski Stefania Jarczyk i Krystyna Leszczy\u0144ska pojechali do Nadle\u015bnictwa M\u0142ynary podzi\u0119kowa\u0107 za dotychczasow\u0105\u00a0 wsp\u00f3\u0142prac\u0119. <a href=\"https:\/\/www.milosnicylasu.olsztyn.pl\/wp-content\/uploads\/2024\/03\/DSCN7155-www.jpg\" data-rel=\"lightbox-image-0\" data-magnific_type=\"image\" data-rl_title=\"\" data-rl_caption=\"\" title=\"\"><img loading=\"lazy\" decoding=\"async\" class=\"size-medium wp-image-8669 alignleft\" src=\"https:\/\/www.milosnicylasu.olsztyn.pl\/wp-content\/uploads\/2024\/03\/DSCN7155-www-300x225.jpg\" alt=\"\" width=\"300\" height=\"225\" srcset=\"https:\/\/www.milosnicylasu.olsztyn.pl\/wp-content\/uploads\/2024\/03\/DSCN7155-www-300x225.jpg 300w, https:\/\/www.milosnicylasu.olsztyn.pl\/wp-content\/uploads\/2024\/03\/DSCN7155-www-768x576.jpg 768w, https:\/\/www.milosnicylasu.olsztyn.pl\/wp-content\/uploads\/2024\/03\/DSCN7155-www.jpg 1024w\" sizes=\"auto, (max-width: 300px) 100vw, 300px\" \/><\/a>Spotkanie by\u0142o okazj\u0105 do przekazania odznacze\u0144 Ligi Obrony Kraju.<\/strong><\/p>\n<p><a href=\"https:\/\/www.milosnicylasu.olsztyn.pl\/wp-content\/uploads\/2024\/03\/P3260003-www.jpg\" data-rel=\"lightbox-image-1\" data-magnific_type=\"image\" data-rl_title=\"\" data-rl_caption=\"\" title=\"\"><img loading=\"lazy\" decoding=\"async\" class=\"size-medium wp-image-8668\" src=\"https:\/\/www.milosnicylasu.olsztyn.pl\/wp-content\/uploads\/2024\/03\/P3260003-www-300x225.jpg\" alt=\"\" width=\"300\" height=\"225\" srcset=\"https:\/\/www.milosnicylasu.olsztyn.pl\/wp-content\/uploads\/2024\/03\/P3260003-www-300x225.jpg 300w, https:\/\/www.milosnicylasu.olsztyn.pl\/wp-content\/uploads\/2024\/03\/P3260003-www-768x576.jpg 768w, https:\/\/www.milosnicylasu.olsztyn.pl\/wp-content\/uploads\/2024\/03\/P3260003-www.jpg 1024w\" sizes=\"auto, (max-width: 300px) 100vw, 300px\" \/><\/a><\/p>\n<p><strong>Za du\u017cy wk\u0142ad\u00a0 pracy i aktywny\u00a0 udzia\u0142\u00a0 w wspieraniu dzia\u0142alno\u015bci naszego Ko\u0142a wyr\u00f3\u017cnione zosta\u0142y nast\u0119puj\u0105ce osoby:<\/strong><\/p>\n<p><strong>Srebrn\u0105 Odznak\u0105 Zas\u0142u\u017cony Dzia\u0142acz LOK &#8211; Ewa Parzyszek i Ryszard Jankowski<\/strong><\/p>\n<p><strong>Medalem Za Zas\u0142ugi Dla Ligi Obrony Kraju \u2013 Medalem Zbiorowym wyr\u00f3\u017cniono Nadle\u015bnictwo M\u0142ynary. Wyr\u00f3\u017cnienie wr\u0119czono Panu Nadle\u015bniczemu Marcinowi Janowskiemu. <a href=\"https:\/\/www.milosnicylasu.olsztyn.pl\/wp-content\/uploads\/2024\/03\/DSCN7161-www.jpg\" data-rel=\"lightbox-image-2\" data-magnific_type=\"image\" data-rl_title=\"\" data-rl_caption=\"\" title=\"\"><img loading=\"lazy\" decoding=\"async\" class=\"size-medium wp-image-8671 alignright\" src=\"https:\/\/www.milosnicylasu.olsztyn.pl\/wp-content\/uploads\/2024\/03\/DSCN7161-www-300x225.jpg\" alt=\"\" width=\"300\" height=\"225\" srcset=\"https:\/\/www.milosnicylasu.olsztyn.pl\/wp-content\/uploads\/2024\/03\/DSCN7161-www-300x225.jpg 300w, https:\/\/www.milosnicylasu.olsztyn.pl\/wp-content\/uploads\/2024\/03\/DSCN7161-www-768x576.jpg 768w, https:\/\/www.milosnicylasu.olsztyn.pl\/wp-content\/uploads\/2024\/03\/DSCN7161-www.jpg 1024w\" sizes=\"auto, (max-width: 300px) 100vw, 300px\" \/><\/a><\/strong><\/p>\n<p><strong>Gratulujemy i jeszcze raz dzi\u0119kujemy!<\/strong><\/p>\n<p><strong>Spotkanie odby\u0142o si\u0119\u00a0 w bardzo mi\u0142ej, serdecznej atmosferze &#8211; co nie jest zaskoczeniem &#8211; le\u015bnicy to wspaniali ludzie, z ogromn\u0105 wiedz\u0105 i warto ich pos\u0142ucha\u0107, dowiedzie\u0107 si\u0119 jeszcze wi\u0119cej o lesie, okolicznych zabytkach, historii&#8230;&#8230;.<\/strong><\/p>\n<p><strong>W czasie naszego wyjazdu by\u0142a pi\u0119kna, s\u0142oneczna pogoda, zatrzymali\u015bmy si\u0119 podziwia\u0107 budz\u0105c\u0105 si\u0119 do \u017cycia przyrod\u0119, oczywi\u015bcie w Nadle\u015bnictwie M\u0142ynary. Na pierwszym zdj\u0119ciu&#8230;. zagadka: kto wymy\u015bli\u0142 taki pi\u0119kny\u00a0 projekt?<br \/>\n<\/strong><\/p>\n<p><strong><a href=\"https:\/\/www.milosnicylasu.olsztyn.pl\/wp-content\/uploads\/2024\/03\/DSCN7174-www.jpg\" data-rel=\"lightbox-image-3\" data-magnific_type=\"image\" data-rl_title=\"\" data-rl_caption=\"\" title=\"\"><img loading=\"lazy\" decoding=\"async\" class=\"size-medium wp-image-8674 aligncenter\" src=\"https:\/\/www.milosnicylasu.olsztyn.pl\/wp-content\/uploads\/2024\/03\/DSCN7174-www-300x225.jpg\" alt=\"\" width=\"300\" height=\"225\" srcset=\"https:\/\/www.milosnicylasu.olsztyn.pl\/wp-content\/uploads\/2024\/03\/DSCN7174-www-300x225.jpg 300w, https:\/\/www.milosnicylasu.olsztyn.pl\/wp-content\/uploads\/2024\/03\/DSCN7174-www-768x576.jpg 768w, https:\/\/www.milosnicylasu.olsztyn.pl\/wp-content\/uploads\/2024\/03\/DSCN7174-www.jpg 1024w\" sizes=\"auto, (max-width: 300px) 100vw, 300px\" \/><\/a><a href=\"https:\/\/www.milosnicylasu.olsztyn.pl\/wp-content\/uploads\/2024\/03\/DSCN7177-www.jpg\" data-rel=\"lightbox-image-4\" data-magnific_type=\"image\" data-rl_title=\"\" data-rl_caption=\"\" title=\"\"><img loading=\"lazy\" decoding=\"async\" class=\"size-medium wp-image-8675 alignright\" src=\"https:\/\/www.milosnicylasu.olsztyn.pl\/wp-content\/uploads\/2024\/03\/DSCN7177-www-300x225.jpg\" alt=\"\" width=\"300\" height=\"225\" srcset=\"https:\/\/www.milosnicylasu.olsztyn.pl\/wp-content\/uploads\/2024\/03\/DSCN7177-www-300x225.jpg 300w, https:\/\/www.milosnicylasu.olsztyn.pl\/wp-content\/uploads\/2024\/03\/DSCN7177-www-768x576.jpg 768w, https:\/\/www.milosnicylasu.olsztyn.pl\/wp-content\/uploads\/2024\/03\/DSCN7177-www.jpg 1024w\" sizes=\"auto, (max-width: 300px) 100vw, 300px\" \/><\/a><a href=\"https:\/\/www.milosnicylasu.olsztyn.pl\/wp-content\/uploads\/2024\/03\/DSCN7180-www.jpg\" data-rel=\"lightbox-image-5\" data-magnific_type=\"image\" data-rl_title=\"\" data-rl_caption=\"\" title=\"\"><img loading=\"lazy\" decoding=\"async\" class=\"size-medium wp-image-8672 alignleft\" src=\"https:\/\/www.milosnicylasu.olsztyn.pl\/wp-content\/uploads\/2024\/03\/DSCN7180-www-300x225.jpg\" alt=\"\" width=\"300\" height=\"225\" srcset=\"https:\/\/www.milosnicylasu.olsztyn.pl\/wp-content\/uploads\/2024\/03\/DSCN7180-www-300x225.jpg 300w, https:\/\/www.milosnicylasu.olsztyn.pl\/wp-content\/uploads\/2024\/03\/DSCN7180-www-768x576.jpg 768w, https:\/\/www.milosnicylasu.olsztyn.pl\/wp-content\/uploads\/2024\/03\/DSCN7180-www.jpg 1024w\" sizes=\"auto, (max-width: 300px) 100vw, 300px\" \/><\/a>Tym razem rozwi\u0105zanie ju\u017c jest &#8211; wz\u00f3r na zdj\u0119ciu z drzewem<\/strong><\/p>\n<p>&nbsp;<\/p>\n<p>&nbsp;<\/p>\n<p>&nbsp;<\/p>\n<p><strong>\u00a0Cz\u0119\u015b\u0107 z nas by\u0142a na wycieczce w tym Nadle\u015bnictwie. Dla przypomnienia tym, kt\u00f3rzy byli i do wiadomo\u015bci tym, kt\u00f3rzy si\u0119 dopiero wybieraj\u0105 (mamy zaproszenie) :<\/strong><\/p>\n<p><strong>Nadle\u015bnictwo M\u0142ynary jest jednym z 32 nadle\u015bnictw Regionalnej Dyrekcji Las\u00f3w Pa\u0144stwowych w Olsztynie. W sk\u0142ad Nadle\u015bnictwa wchodzi 12 le\u015bnictw i O\u015brodek \u00a0Hodowli Zwierzyny \u201eStru\u017cyna\u201d<\/strong><\/p>\n<p><strong>Nadle\u015bnictwo M\u0142ynary po\u0142o\u017cone jest w p\u00f3\u0142nocno-zachodniej cz\u0119\u015bci wojew\u00f3dztwa Warmi\u0144sko-Mazurskiego w powiecie elbl\u0105skim, braniewskim, ostr\u00f3dzkim, w gminach: M\u0142ynary, Pas\u0142\u0119k, Wilcz\u0119ta, Mor\u0105g, Mi\u0142akowo, Godkowo. Krajobraz tego terenu jest bardzo urozmaicony, tereny r\u00f3wninne przechodz\u0105 w faliste i pag\u00f3rkowate, z fragmentami licznych wzg\u00f3rz i stosunkowo g\u0142\u0119bokich stromych jar\u00f3w.<\/strong><\/p>\n<p><strong>Klimat nale\u017cy w g\u0142\u00f3wnej mierze do klimatu pojeziernego wyodr\u0119bnionego w osobny region klimatyczny Pojezierza Mazurskiego. Charakteryzuje si\u0119 on wyst\u0119powaniem cech klimatu atlantyckiego i kontynentalnego.<\/strong><\/p>\n<p><strong>\u015arednia roczna ilo\u015b\u0107 opad\u00f3w wynosi 600 \u2013 650 mm, a \u015brednia roczna temperatura +7 C. Okres wegetacyjny trwa oko\u0142o 200 dni w roku.<\/strong><\/p>\n<p><strong>Warunki\u00a0 glebowe i cechy klimatu sprawiaj\u0105, \u017ce g\u0142\u00f3wnymi gatunkami lasotw\u00f3rczymi s\u0105: buk zwyczajny, d\u0105b szypu\u0142kowy, sosna zwyczajna, brzoza brodawkowata,, olsza czarna, lipa drobnolistna, \u015bwierk pospolity<\/strong>.<\/p>\n<p><strong>W lasach Nadle\u015bnictwa zamieszkuje wiele gatunk\u00f3w zwierz\u0105t. Do najcz\u0119\u015bciej spotykanych nale\u017cy\u00a0 dzik, sarna, jele\u0144 europejski, jele\u0144 sika i daniel. Swoj\u0105 obecno\u015b\u0107 zaznaczaj\u0105 r\u00f3wnie\u017c bobry, tworz\u0105c liczne rozlewiska na rzekach \u015br\u00f3dle\u015bnych strumykach. Coraz liczniejsze s\u0105 wilki i \u0142osie.<\/strong><\/p>\n<p>&nbsp;<\/p>\n","protected":false},"excerpt":{"rendered":"<p>26 marca 2024 roku \u00a0cz\u0142onkowie zarz\u0105du Ko\u0142a Mi\u0142o\u015bnik\u00f3w Lasu i Militari\u00f3w LOK przy Akademii Trzeciego Wieku w Olsztynie Anatol Leszczy\u0144ski Stefania Jarczyk i Krystyna Leszczy\u0144ska pojechali do Nadle\u015bnictwa M\u0142ynary podzi\u0119kowa\u0107 za dotychczasow\u0105\u00a0 wsp\u00f3\u0142prac\u0119. Spotkanie by\u0142o okazj\u0105 do przekazania odznacze\u0144 Ligi Obrony Kraju. Za du\u017cy wk\u0142ad\u00a0 pracy i aktywny\u00a0 udzia\u0142\u00a0 w wspieraniu dzia\u0142alno\u015bci naszego Ko\u0142a wyr\u00f3\u017cnione [&hellip;]<\/p>\n","protected":false},"author":2,"featured_media":0,"comment_status":"open","ping_status":"open","sticky":false,"template":"","format":"standard","meta":{"footnotes":""},"categories":[9,17,6],"tags":[],"class_list":["post-8667","post","type-post","status-publish","format-standard","hentry","category-ciekawostki","category-edukacja-w-terenie","category-odznaczenia"],"_links":{"self":[{"href":"https:\/\/www.milosnicylasu.olsztyn.pl\/index.php?rest_route=\/wp\/v2\/posts\/8667","targetHints":{"allow":["GET"]}}],"collection":[{"href":"https:\/\/www.milosnicylasu.olsztyn.pl\/index.php?rest_route=\/wp\/v2\/posts"}],"about":[{"href":"https:\/\/www.milosnicylasu.olsztyn.pl\/index.php?rest_route=\/wp\/v2\/types\/post"}],"author":[{"embeddable":true,"href":"https:\/\/www.milosnicylasu.olsztyn.pl\/index.php?rest_route=\/wp\/v2\/users\/2"}],"replies":[{"embeddable":true,"href":"https:\/\/www.milosnicylasu.olsztyn.pl\/index.php?rest_route=%2Fwp%2Fv2%2Fcomments&post=8667"}],"version-history":[{"count":3,"href":"https:\/\/www.milosnicylasu.olsztyn.pl\/index.php?rest_route=\/wp\/v2\/posts\/8667\/revisions"}],"predecessor-version":[{"id":8678,"href":"https:\/\/www.milosnicylasu.olsztyn.pl\/index.php?rest_route=\/wp\/v2\/posts\/8667\/revisions\/8678"}],"wp:attachment":[{"href":"https:\/\/www.milosnicylasu.olsztyn.pl\/index.php?rest_route=%2Fwp%2Fv2%2Fmedia&parent=8667"}],"wp:term":[{"taxonomy":"category","embeddable":true,"href":"https:\/\/www.milosnicylasu.olsztyn.pl\/index.php?rest_route=%2Fwp%2Fv2%2Fcategories&post=8667"},{"taxonomy":"post_tag","embeddable":true,"href":"https:\/\/www.milosnicylasu.olsztyn.pl\/index.php?rest_route=%2Fwp%2Fv2%2Ftags&post=8667"}],"curies":[{"name":"wp","href":"https:\/\/api.w.org\/{rel}","templated":true}]}}