{"id":8690,"date":"2024-04-06T16:39:42","date_gmt":"2024-04-06T14:39:42","guid":{"rendered":"https:\/\/www.milosnicylasu.olsztyn.pl\/?p=8690"},"modified":"2024-04-06T16:54:09","modified_gmt":"2024-04-06T14:54:09","slug":"ziola-ktore-lecza","status":"publish","type":"post","link":"https:\/\/www.milosnicylasu.olsztyn.pl\/?p=8690","title":{"rendered":"Zio\u0142a, kt\u00f3re lecz\u0105"},"content":{"rendered":"<p><a href=\"https:\/\/www.milosnicylasu.olsztyn.pl\/wp-content\/uploads\/2022\/06\/DSCN9335-www.jpg\" data-rel=\"lightbox-image-0\" data-magnific_type=\"image\" data-rl_title=\"\" data-rl_caption=\"\" title=\"\"><img loading=\"lazy\" decoding=\"async\" class=\"size-medium wp-image-7175 alignleft\" src=\"https:\/\/www.milosnicylasu.olsztyn.pl\/wp-content\/uploads\/2022\/06\/DSCN9335-www-300x225.jpg\" alt=\"\" width=\"300\" height=\"225\" srcset=\"https:\/\/www.milosnicylasu.olsztyn.pl\/wp-content\/uploads\/2022\/06\/DSCN9335-www-300x225.jpg 300w, https:\/\/www.milosnicylasu.olsztyn.pl\/wp-content\/uploads\/2022\/06\/DSCN9335-www-768x576.jpg 768w, https:\/\/www.milosnicylasu.olsztyn.pl\/wp-content\/uploads\/2022\/06\/DSCN9335-www.jpg 1024w\" sizes=\"auto, (max-width: 300px) 100vw, 300px\" \/><\/a><\/p>\n<p><strong>Na czwartkowym kwietniowym spotkaniu w Regionalnej Dyrekcji Las\u00f3w Pa\u0144stwowych w Olsztynie, cz\u0142onkowie Ko\u0142a Mi\u0142o\u015bnik\u00f3w Lasu i Militari\u00f3w LOK w Olsztynie spotkali si\u0119 z Pani\u0105 Ma\u0142gorzat\u0105 Gruc\u0105 z Zespo\u0142u ds. Ochrony Zasob\u00f3w Przyrodniczych By\u0142o to kolejne spotkanie z osob\u0105 pracuj\u0105c\u0105 w RDLP w Olsztynie. I jak zwykle by\u0142o bardzo ciekawie i tym razem bardzo smacznie.<a href=\"https:\/\/www.milosnicylasu.olsztyn.pl\/wp-content\/uploads\/2024\/04\/DSCN7217-www.jpg\" data-rel=\"lightbox-image-1\" data-magnific_type=\"image\" data-rl_title=\"\" data-rl_caption=\"\" title=\"\"><img loading=\"lazy\" decoding=\"async\" class=\"size-medium wp-image-8691 alignright\" src=\"https:\/\/www.milosnicylasu.olsztyn.pl\/wp-content\/uploads\/2024\/04\/DSCN7217-www-300x225.jpg\" alt=\"\" width=\"300\" height=\"225\" srcset=\"https:\/\/www.milosnicylasu.olsztyn.pl\/wp-content\/uploads\/2024\/04\/DSCN7217-www-300x225.jpg 300w, https:\/\/www.milosnicylasu.olsztyn.pl\/wp-content\/uploads\/2024\/04\/DSCN7217-www-768x576.jpg 768w, https:\/\/www.milosnicylasu.olsztyn.pl\/wp-content\/uploads\/2024\/04\/DSCN7217-www.jpg 1024w\" sizes=\"auto, (max-width: 300px) 100vw, 300px\" \/><\/a><\/strong><\/p>\n<p><strong>Pani Ma\u0142gosia opowiedzia\u0142a nam o wielu ro\u015blinach, kt\u00f3re maj\u0105 lecznicze dzia\u0142anie.<\/strong><\/p>\n<p><strong>Ju\u017c od najdawniejszych czas\u00f3w cz\u0142owiek \u017cyje w\u015br\u00f3d \u015bwiata ro\u015blin. Z ro\u015blin czerpa\u0142 po\u017cywienie, ro\u015bliny pomaga\u0142y tak\u017ce przynie\u015b\u0107 ulg\u0119 w cierpieniu. Zio\u0142a wykazuj\u0105 bowiem w\u0142a\u015bciwo\u015bci lecznicze.<a href=\"https:\/\/www.milosnicylasu.olsztyn.pl\/wp-content\/uploads\/2021\/09\/20210829_125908a-www.jpg\" data-rel=\"lightbox-image-2\" data-magnific_type=\"image\" data-rl_title=\"\" data-rl_caption=\"\" title=\"\"><img loading=\"lazy\" decoding=\"async\" class=\"size-medium wp-image-6506 alignright\" src=\"https:\/\/www.milosnicylasu.olsztyn.pl\/wp-content\/uploads\/2021\/09\/20210829_125908a-www-300x267.jpg\" alt=\"\" width=\"300\" height=\"267\" srcset=\"https:\/\/www.milosnicylasu.olsztyn.pl\/wp-content\/uploads\/2021\/09\/20210829_125908a-www-300x267.jpg 300w, https:\/\/www.milosnicylasu.olsztyn.pl\/wp-content\/uploads\/2021\/09\/20210829_125908a-www-768x684.jpg 768w, https:\/\/www.milosnicylasu.olsztyn.pl\/wp-content\/uploads\/2021\/09\/20210829_125908a-www.jpg 1024w\" sizes=\"auto, (max-width: 300px) 100vw, 300px\" \/><\/a><\/strong><\/p>\n<p><strong>Zio\u0142olecznictwo, czyli fitoterapia to leczenie chor\u00f3b z zastosowaniem zi\u00f3\u0142. Staje si\u0119 ona coraz bardziej popularn\u0105 form\u0105 medycyny. Coraz to wi\u0119cej lek\u00f3w jest pochodzenia ro\u015blinnego. Zalet\u0105 tych lek\u00f3w jest ich \u0142agodne dzia\u0142anie, brak toksyn i skutk\u00f3w ubocznych.<a href=\"https:\/\/www.milosnicylasu.olsztyn.pl\/wp-content\/uploads\/2021\/05\/IMG-20210517-WA0009-www.jpg\" data-rel=\"lightbox-image-3\" data-magnific_type=\"image\" data-rl_title=\"\" data-rl_caption=\"\" title=\"\"><img loading=\"lazy\" decoding=\"async\" class=\"size-medium wp-image-6275 alignleft\" src=\"https:\/\/www.milosnicylasu.olsztyn.pl\/wp-content\/uploads\/2021\/05\/IMG-20210517-WA0009-www-300x225.jpg\" alt=\"\" width=\"300\" height=\"225\" srcset=\"https:\/\/www.milosnicylasu.olsztyn.pl\/wp-content\/uploads\/2021\/05\/IMG-20210517-WA0009-www-300x225.jpg 300w, https:\/\/www.milosnicylasu.olsztyn.pl\/wp-content\/uploads\/2021\/05\/IMG-20210517-WA0009-www-768x576.jpg 768w, https:\/\/www.milosnicylasu.olsztyn.pl\/wp-content\/uploads\/2021\/05\/IMG-20210517-WA0009-www.jpg 1024w\" sizes=\"auto, (max-width: 300px) 100vw, 300px\" \/><\/a><\/strong><\/p>\n<p><strong>Temat by\u0142 tak obszerny, \u017ce trudno zapami\u0119ta\u0107 wszystkie zaprezentowane nam ro\u015bliny, ale na pewno zach\u0119ci\u0142 do poszerzenia swojej wiedzy w tym zakresie. Wiele ciekawostek , korzystnych dla naszego zdrowia dowiedzieli\u015bmy si\u0119 m.in o: pokrzywie, glistniku jask\u00f3lczym, fio\u0142ku, krwawniku, \u00a0szczawiku, podbiele,\u00a0 poziomce pospolitej, bor\u00f3wce brusznicy, je\u017cynie, malinie, czarnej porzeczce, \u015bliwie tarninie, dzikiej r\u00f3\u017cy, \u017curawinie, mi\u0119cie, lipie, so\u015bnie pospolitej\u2026\u2026\u2026\u2026.. <a href=\"https:\/\/www.milosnicylasu.olsztyn.pl\/wp-content\/uploads\/2020\/05\/e-www.jpg\" data-rel=\"lightbox-image-4\" data-magnific_type=\"image\" data-rl_title=\"\" data-rl_caption=\"\" title=\"\"><img loading=\"lazy\" decoding=\"async\" class=\"size-medium wp-image-5542 aligncenter\" src=\"https:\/\/www.milosnicylasu.olsztyn.pl\/wp-content\/uploads\/2020\/05\/e-www-300x290.jpg\" alt=\"\" width=\"300\" height=\"290\" srcset=\"https:\/\/www.milosnicylasu.olsztyn.pl\/wp-content\/uploads\/2020\/05\/e-www-300x290.jpg 300w, https:\/\/www.milosnicylasu.olsztyn.pl\/wp-content\/uploads\/2020\/05\/e-www-768x743.jpg 768w, https:\/\/www.milosnicylasu.olsztyn.pl\/wp-content\/uploads\/2020\/05\/e-www.jpg 1024w\" sizes=\"auto, (max-width: 300px) 100vw, 300px\" \/><\/a><\/strong><\/p>\n<p><strong>Ka\u017cda z ro\u015blin ma swoje dzia\u0142ania lecznicze\u2026\u2026.i to jest dopiero wiedza!<\/strong><\/p>\n<p><strong>Zio\u0142a w kosmetyce<\/strong><\/p>\n<p><strong>Zio\u0142a wykazuj\u0105 dzia\u0142anie lecznicze i cz\u0119sto s\u0105 wykorzystywane w kosmetyce. Piel\u0119gnuj\u0105 sk\u00f3r\u0119, odm\u0142adzaj\u0105 i zmniejszaj\u0105 \u0142ojotok. Kremy, balsamy, toniki czy szampony \u2013 ich sk\u0142ad wzbogacony jest w\u0142a\u015bnie zio\u0142ami. W kosmetykach najcz\u0119\u015bciej wyst\u0119puj\u0105 takie zio\u0142a jak d\u0105b, \u0142opian, nagietek, sza\u0142wia, pokrzywa czy \u015bwietlik lekarski. I tak na przyk\u0142ad: d\u0105b ma dzia\u0142anie \u015bci\u0105gaj\u0105ce, pokrzywa wzmacnia w\u0142osy i zmniejsza \u0142ojotok, \u0142opian dzia\u0142a przeciwzapalnie i przeciwbakteryjnie, lawenda i rozmaryn maj\u0105 dzia\u0142anie odm\u0142adzaj\u0105ce i przeciwzmarszczkowe.<a href=\"https:\/\/www.milosnicylasu.olsztyn.pl\/wp-content\/uploads\/2024\/04\/DSCN7218-www.jpg\" data-rel=\"lightbox-image-5\" data-magnific_type=\"image\" data-rl_title=\"\" data-rl_caption=\"\" title=\"\"><img loading=\"lazy\" decoding=\"async\" class=\"size-medium wp-image-8693 alignleft\" src=\"https:\/\/www.milosnicylasu.olsztyn.pl\/wp-content\/uploads\/2024\/04\/DSCN7218-www-225x300.jpg\" alt=\"\" width=\"225\" height=\"300\" srcset=\"https:\/\/www.milosnicylasu.olsztyn.pl\/wp-content\/uploads\/2024\/04\/DSCN7218-www-225x300.jpg 225w, https:\/\/www.milosnicylasu.olsztyn.pl\/wp-content\/uploads\/2024\/04\/DSCN7218-www.jpg 768w\" sizes=\"auto, (max-width: 225px) 100vw, 225px\" \/><\/a><\/strong><\/p>\n<p><strong><a href=\"https:\/\/www.milosnicylasu.olsztyn.pl\/wp-content\/uploads\/2024\/04\/DSCN7213-www.jpg\" data-rel=\"lightbox-image-6\" data-magnific_type=\"image\" data-rl_title=\"\" data-rl_caption=\"\" title=\"\"><img loading=\"lazy\" decoding=\"async\" class=\"size-medium wp-image-8692 alignleft\" src=\"https:\/\/www.milosnicylasu.olsztyn.pl\/wp-content\/uploads\/2024\/04\/DSCN7213-www-300x225.jpg\" alt=\"\" width=\"300\" height=\"225\" srcset=\"https:\/\/www.milosnicylasu.olsztyn.pl\/wp-content\/uploads\/2024\/04\/DSCN7213-www-300x225.jpg 300w, https:\/\/www.milosnicylasu.olsztyn.pl\/wp-content\/uploads\/2024\/04\/DSCN7213-www-768x576.jpg 768w, https:\/\/www.milosnicylasu.olsztyn.pl\/wp-content\/uploads\/2024\/04\/DSCN7213-www.jpg 1024w\" sizes=\"auto, (max-width: 300px) 100vw, 300px\" \/><\/a>To s\u0105 tylko zasygnalizowane sprawy o kt\u00f3rych m\u00f3wi\u0142a Pani Ma\u0142gosia. Podziwiamy za wiedz\u0119, za umiej\u0119tno\u015b\u0107 przekazania tak wa\u017cnych informacji, dzi\u0119kujemy za smaczne potrawy z wykorzystaniem ro\u015blin leczniczych. Mamy nadziej\u0119, \u017ce Pani Ma\u0142gosia Gruca jeszcze nas w przysz\u0142o\u015bci odwiedzi. Zapraszamy serdecznie i czekamy!<\/strong><\/p>\n","protected":false},"excerpt":{"rendered":"<p>Na czwartkowym kwietniowym spotkaniu w Regionalnej Dyrekcji Las\u00f3w Pa\u0144stwowych w Olsztynie, cz\u0142onkowie Ko\u0142a Mi\u0142o\u015bnik\u00f3w Lasu i Militari\u00f3w LOK w Olsztynie spotkali si\u0119 z Pani\u0105 Ma\u0142gorzat\u0105 Gruc\u0105 z Zespo\u0142u ds. Ochrony Zasob\u00f3w Przyrodniczych By\u0142o to kolejne spotkanie z osob\u0105 pracuj\u0105c\u0105 w RDLP w Olsztynie. I jak zwykle by\u0142o bardzo ciekawie i tym razem bardzo smacznie. Pani [&hellip;]<\/p>\n","protected":false},"author":2,"featured_media":0,"comment_status":"open","ping_status":"open","sticky":false,"template":"","format":"standard","meta":{"footnotes":""},"categories":[1],"tags":[],"class_list":["post-8690","post","type-post","status-publish","format-standard","hentry","category-bez-kategorii"],"_links":{"self":[{"href":"https:\/\/www.milosnicylasu.olsztyn.pl\/index.php?rest_route=\/wp\/v2\/posts\/8690","targetHints":{"allow":["GET"]}}],"collection":[{"href":"https:\/\/www.milosnicylasu.olsztyn.pl\/index.php?rest_route=\/wp\/v2\/posts"}],"about":[{"href":"https:\/\/www.milosnicylasu.olsztyn.pl\/index.php?rest_route=\/wp\/v2\/types\/post"}],"author":[{"embeddable":true,"href":"https:\/\/www.milosnicylasu.olsztyn.pl\/index.php?rest_route=\/wp\/v2\/users\/2"}],"replies":[{"embeddable":true,"href":"https:\/\/www.milosnicylasu.olsztyn.pl\/index.php?rest_route=%2Fwp%2Fv2%2Fcomments&post=8690"}],"version-history":[{"count":4,"href":"https:\/\/www.milosnicylasu.olsztyn.pl\/index.php?rest_route=\/wp\/v2\/posts\/8690\/revisions"}],"predecessor-version":[{"id":8697,"href":"https:\/\/www.milosnicylasu.olsztyn.pl\/index.php?rest_route=\/wp\/v2\/posts\/8690\/revisions\/8697"}],"wp:attachment":[{"href":"https:\/\/www.milosnicylasu.olsztyn.pl\/index.php?rest_route=%2Fwp%2Fv2%2Fmedia&parent=8690"}],"wp:term":[{"taxonomy":"category","embeddable":true,"href":"https:\/\/www.milosnicylasu.olsztyn.pl\/index.php?rest_route=%2Fwp%2Fv2%2Fcategories&post=8690"},{"taxonomy":"post_tag","embeddable":true,"href":"https:\/\/www.milosnicylasu.olsztyn.pl\/index.php?rest_route=%2Fwp%2Fv2%2Ftags&post=8690"}],"curies":[{"name":"wp","href":"https:\/\/api.w.org\/{rel}","templated":true}]}}