{"id":8700,"date":"2024-04-07T07:33:32","date_gmt":"2024-04-07T05:33:32","guid":{"rendered":"https:\/\/www.milosnicylasu.olsztyn.pl\/?p=8700"},"modified":"2024-04-07T08:12:19","modified_gmt":"2024-04-07T06:12:19","slug":"zyjacy-swiat-jezior-warmii-i-mazur","status":"publish","type":"post","link":"https:\/\/www.milosnicylasu.olsztyn.pl\/?p=8700","title":{"rendered":"\u017byj\u0105cy \u015bwiat jezior Warmii i Mazur"},"content":{"rendered":"<p><a href=\"https:\/\/www.milosnicylasu.olsztyn.pl\/wp-content\/uploads\/2024\/04\/P4060002-www.jpg\" data-rel=\"lightbox-image-0\" data-magnific_type=\"image\" data-rl_title=\"\" data-rl_caption=\"\" title=\"\"><img loading=\"lazy\" decoding=\"async\" class=\"size-medium wp-image-8701 alignleft\" src=\"https:\/\/www.milosnicylasu.olsztyn.pl\/wp-content\/uploads\/2024\/04\/P4060002-www-300x225.jpg\" alt=\"\" width=\"300\" height=\"225\" srcset=\"https:\/\/www.milosnicylasu.olsztyn.pl\/wp-content\/uploads\/2024\/04\/P4060002-www-300x225.jpg 300w, https:\/\/www.milosnicylasu.olsztyn.pl\/wp-content\/uploads\/2024\/04\/P4060002-www-768x576.jpg 768w, https:\/\/www.milosnicylasu.olsztyn.pl\/wp-content\/uploads\/2024\/04\/P4060002-www.jpg 1024w\" sizes=\"auto, (max-width: 300px) 100vw, 300px\" \/><\/a><\/p>\n<p>6 kwietnia 2024 roku cz\u0142onkowie Ko\u0142a Mi\u0142o\u015bnik\u00f3w Lasu i Militari\u00f3w LOK w Olsztynie odwiedzili zaprzyja\u017anione z Ko\u0142em Muzeum Przyrody w Olsztynie. Przypomnieli\u015bmy sobie nasze pierwsze zebrania, kiedy zaczynali\u015bmy nasz\u0105 dzia\u0142alno\u015b\u0107 &#8211; 15 lat temu, \u00f3wczesny\u00a0 szef Pan Marian Szymkiewicz umo\u017cliwi\u0142 nam spotkania\u00a0 w Muzeum Przyrody. Przez wiele lat byli\u015bmy zapraszani na edukacj\u0119 przyrodnicz\u0105 do Muzeum. Pan Marian jest naszym ulubionym wyk\u0142adowc\u0105 podczas czwartk\u00f3w ekologicznych w Regionalnej Dyrekcji Las\u00f3w Pa\u0144stwowych w Olsztynie. Zawsze oczarowuje nas swoj\u0105 wiedz\u0105, pasj\u0105 z jak\u0105 opowiada o przyrodzie. By\u0142 te\u017c naszym przewodnikiem podczas terenowych wypraw, gdzie mogli\u015bmy podgl\u0105da\u0107 zjawiskow\u0105 warmi\u0144sko-mazursk\u0105 przyrod\u0119 na \u017cywo, np ptaki wiosn\u0105\u00a0 na rozlewiskach.<\/p>\n<p><a href=\"https:\/\/www.milosnicylasu.olsztyn.pl\/wp-content\/uploads\/2024\/04\/P4060011-www.jpg\" data-rel=\"lightbox-image-1\" data-magnific_type=\"image\" data-rl_title=\"\" data-rl_caption=\"\" title=\"\"><img loading=\"lazy\" decoding=\"async\" class=\"size-medium wp-image-8702 alignright\" src=\"https:\/\/www.milosnicylasu.olsztyn.pl\/wp-content\/uploads\/2024\/04\/P4060011-www-300x225.jpg\" alt=\"\" width=\"300\" height=\"225\" srcset=\"https:\/\/www.milosnicylasu.olsztyn.pl\/wp-content\/uploads\/2024\/04\/P4060011-www-300x225.jpg 300w, https:\/\/www.milosnicylasu.olsztyn.pl\/wp-content\/uploads\/2024\/04\/P4060011-www-768x576.jpg 768w, https:\/\/www.milosnicylasu.olsztyn.pl\/wp-content\/uploads\/2024\/04\/P4060011-www.jpg 1024w\" sizes=\"auto, (max-width: 300px) 100vw, 300px\" \/><\/a><\/p>\n<p><a href=\"https:\/\/www.milosnicylasu.olsztyn.pl\/wp-content\/uploads\/2024\/04\/P4060019-www.jpg\" data-rel=\"lightbox-image-2\" data-magnific_type=\"image\" data-rl_title=\"\" data-rl_caption=\"\" title=\"\"><img loading=\"lazy\" decoding=\"async\" class=\"size-medium wp-image-8704\" src=\"https:\/\/www.milosnicylasu.olsztyn.pl\/wp-content\/uploads\/2024\/04\/P4060019-www-300x225.jpg\" alt=\"\" width=\"300\" height=\"225\" srcset=\"https:\/\/www.milosnicylasu.olsztyn.pl\/wp-content\/uploads\/2024\/04\/P4060019-www-300x225.jpg 300w, https:\/\/www.milosnicylasu.olsztyn.pl\/wp-content\/uploads\/2024\/04\/P4060019-www-768x576.jpg 768w, https:\/\/www.milosnicylasu.olsztyn.pl\/wp-content\/uploads\/2024\/04\/P4060019-www.jpg 1024w\" sizes=\"auto, (max-width: 300px) 100vw, 300px\" \/><\/a><\/p>\n<p>Tym razem g\u0142\u00f3wnym powodem spotkania w Muzeum Przyrody by\u0142a\u00a0 <strong>wystawa czasowa &#8222;<\/strong><strong>\u017byj\u0105cy \u015bwiat jezior Warmii i Mazur&#8221;.<\/strong><\/p>\n<p><a href=\"https:\/\/www.milosnicylasu.olsztyn.pl\/wp-content\/uploads\/2024\/04\/P4060018-www.jpg\" data-rel=\"lightbox-image-3\" data-magnific_type=\"image\" data-rl_title=\"\" data-rl_caption=\"\" title=\"\"><img loading=\"lazy\" decoding=\"async\" class=\"size-medium wp-image-8703 alignleft\" src=\"https:\/\/www.milosnicylasu.olsztyn.pl\/wp-content\/uploads\/2024\/04\/P4060018-www-300x225.jpg\" alt=\"\" width=\"300\" height=\"225\" srcset=\"https:\/\/www.milosnicylasu.olsztyn.pl\/wp-content\/uploads\/2024\/04\/P4060018-www-300x225.jpg 300w, https:\/\/www.milosnicylasu.olsztyn.pl\/wp-content\/uploads\/2024\/04\/P4060018-www-768x576.jpg 768w, https:\/\/www.milosnicylasu.olsztyn.pl\/wp-content\/uploads\/2024\/04\/P4060018-www.jpg 1024w\" sizes=\"auto, (max-width: 300px) 100vw, 300px\" \/><\/a><\/p>\n<p>\u201e\u017byj\u0105cy \u015bwiat jezior Warmii i Mazur\u201d. Prace autorstwa znanych fotografik\u00f3w przyrody: Jeremiusza Dutkiewicza, Ryszarda Czerwi\u0144skiego, Mieczys\u0142awa Wieliczko oraz Ireneusza Dziugie\u0142 prezentowane s\u0105 w po\u0142\u0105czeniu z eksponatami ryb, rak\u00f3w i ptak\u00f3w ze zbior\u00f3w Muzeum Przyrody. Kompozycja jest niezwykle barwna i umo\u017cliwia bli\u017csze spotkanie z przyrod\u0105 nawet niedo\u015bwiadczonym obserwatorom.<\/p>\n<p><a href=\"https:\/\/www.milosnicylasu.olsztyn.pl\/wp-content\/uploads\/2024\/04\/P4060009www.jpg\" data-rel=\"lightbox-image-4\" data-magnific_type=\"image\" data-rl_title=\"\" data-rl_caption=\"\" title=\"\"><img loading=\"lazy\" decoding=\"async\" class=\"size-medium wp-image-8705 alignright\" src=\"https:\/\/www.milosnicylasu.olsztyn.pl\/wp-content\/uploads\/2024\/04\/P4060009www-300x225.jpg\" alt=\"\" width=\"300\" height=\"225\" srcset=\"https:\/\/www.milosnicylasu.olsztyn.pl\/wp-content\/uploads\/2024\/04\/P4060009www-300x225.jpg 300w, https:\/\/www.milosnicylasu.olsztyn.pl\/wp-content\/uploads\/2024\/04\/P4060009www-768x576.jpg 768w, https:\/\/www.milosnicylasu.olsztyn.pl\/wp-content\/uploads\/2024\/04\/P4060009www.jpg 1024w\" sizes=\"auto, (max-width: 300px) 100vw, 300px\" \/><\/a><\/p>\n<p>&nbsp;<\/p>\n<p><strong>Muzeum Przyrody w Olsztynie<\/strong> \u2013 muzeum o profilu przyrodniczym utworzone w roku 2000 w oparciu o zbiory oraz pracownik\u00f3w Dzia\u0142u Przyrody Muzeum Warmii i Mazur, kt\u00f3ry rozpocz\u0105\u0142 funkcjonowanie w 1951 roku. jeden z oddzia\u0142\u00f3w <a href=\"https:\/\/pl.wikipedia.org\/wiki\/Muzeum_Warmii_i_Mazur_w_Olsztynie\">Muzeum Warmii i Mazur<\/a>, znajduj\u0105cy si\u0119 w <a href=\"https:\/\/pl.wikipedia.org\/wiki\/Olsztyn\">Olsztynie<\/a>.<\/p>\n<p>Siedzib\u0119 muzeum stanowi secesyjny pa\u0142acyk z ko\u0144ca XIX wieku.<\/p>\n<p><strong>Zbiory<\/strong><\/p>\n<p><a href=\"https:\/\/www.milosnicylasu.olsztyn.pl\/wp-content\/uploads\/2024\/04\/P4060005-www.jpg\" data-rel=\"lightbox-image-5\" data-magnific_type=\"image\" data-rl_title=\"\" data-rl_caption=\"\" title=\"\"><img loading=\"lazy\" decoding=\"async\" class=\"size-medium wp-image-8706 alignleft\" src=\"https:\/\/www.milosnicylasu.olsztyn.pl\/wp-content\/uploads\/2024\/04\/P4060005-www-300x225.jpg\" alt=\"\" width=\"300\" height=\"225\" srcset=\"https:\/\/www.milosnicylasu.olsztyn.pl\/wp-content\/uploads\/2024\/04\/P4060005-www-300x225.jpg 300w, https:\/\/www.milosnicylasu.olsztyn.pl\/wp-content\/uploads\/2024\/04\/P4060005-www-768x576.jpg 768w, https:\/\/www.milosnicylasu.olsztyn.pl\/wp-content\/uploads\/2024\/04\/P4060005-www.jpg 1024w\" sizes=\"auto, (max-width: 300px) 100vw, 300px\" \/><\/a><\/p>\n<p>W zbiorach muzeum zgromadzono dot\u0105d ok. 18900 eksponat\u00f3w. Zacz\u0105tkiem kolekcji by\u0142y okazy \u201eponiemieckie\u201d zgromadzone w terenu Warmii i Mazur. Sk\u0142ada\u0142o si\u0119 na nie 38 okaz\u00f3w zoologicznych, oko\u0142o 300 eksponat\u00f3w geologicznych oraz dobrze zachowany zielnik <a href=\"https:\/\/pl.wikipedia.org\/w\/index.php?title=Hans_Steffen&amp;action=edit&amp;redlink=1\">H. Steffena<\/a> licz\u0105cy ok. 460 kart z alegatami. Pr\u00f3cz zbior\u00f3w zoologicznych, botanicznych i geologicznych. w kolekcji znajduj\u0105 si\u0119 r\u00f3wnie\u017c mapy <a href=\"https:\/\/pl.wikipedia.org\/wiki\/Prusy_Wschodnie\">Prus<\/a> z pocz\u0105tku XX wieku.<\/p>\n<p><a href=\"https:\/\/www.milosnicylasu.olsztyn.pl\/wp-content\/uploads\/2024\/04\/P4060050-www.jpg\" data-rel=\"lightbox-image-6\" data-magnific_type=\"image\" data-rl_title=\"\" data-rl_caption=\"\" title=\"\"><img loading=\"lazy\" decoding=\"async\" class=\"size-medium wp-image-8713\" src=\"https:\/\/www.milosnicylasu.olsztyn.pl\/wp-content\/uploads\/2024\/04\/P4060050-www-300x225.jpg\" alt=\"\" width=\"300\" height=\"225\" srcset=\"https:\/\/www.milosnicylasu.olsztyn.pl\/wp-content\/uploads\/2024\/04\/P4060050-www-300x225.jpg 300w, https:\/\/www.milosnicylasu.olsztyn.pl\/wp-content\/uploads\/2024\/04\/P4060050-www-768x576.jpg 768w, https:\/\/www.milosnicylasu.olsztyn.pl\/wp-content\/uploads\/2024\/04\/P4060050-www.jpg 1024w\" sizes=\"auto, (max-width: 300px) 100vw, 300px\" \/><\/a><\/p>\n<p>Zwiedzili\u015bmy wystaw\u0119, przypomnieli\u015bmy sobie eksponaty zgromadzone w Muzeum Przyrody, przeszli\u015bmy si\u0119 parkiem wok\u00f3\u0142 muzeum, zaczerpn\u0119li\u015bmy energii z pomnik\u00f3w przyrody, podziwiali\u015bmy zawilce&#8230;&#8230;&#8230;.<\/p>\n<p><a href=\"https:\/\/www.milosnicylasu.olsztyn.pl\/wp-content\/uploads\/2024\/04\/P4060053-www.jpg\" data-rel=\"lightbox-image-7\" data-magnific_type=\"image\" data-rl_title=\"\" data-rl_caption=\"\" title=\"\"><img loading=\"lazy\" decoding=\"async\" class=\"size-medium wp-image-8715\" src=\"https:\/\/www.milosnicylasu.olsztyn.pl\/wp-content\/uploads\/2024\/04\/P4060053-www-300x225.jpg\" alt=\"\" width=\"300\" height=\"225\" srcset=\"https:\/\/www.milosnicylasu.olsztyn.pl\/wp-content\/uploads\/2024\/04\/P4060053-www-300x225.jpg 300w, https:\/\/www.milosnicylasu.olsztyn.pl\/wp-content\/uploads\/2024\/04\/P4060053-www-768x576.jpg 768w, https:\/\/www.milosnicylasu.olsztyn.pl\/wp-content\/uploads\/2024\/04\/P4060053-www.jpg 1024w\" sizes=\"auto, (max-width: 300px) 100vw, 300px\" \/><\/a><\/p>\n<p><a href=\"https:\/\/www.milosnicylasu.olsztyn.pl\/wp-content\/uploads\/2024\/04\/P4060051-www.jpg\" data-rel=\"lightbox-image-8\" data-magnific_type=\"image\" data-rl_title=\"\" data-rl_caption=\"\" title=\"\"><img loading=\"lazy\" decoding=\"async\" class=\"size-medium wp-image-8714 alignright\" src=\"https:\/\/www.milosnicylasu.olsztyn.pl\/wp-content\/uploads\/2024\/04\/P4060051-www-300x225.jpg\" alt=\"\" width=\"300\" height=\"225\" srcset=\"https:\/\/www.milosnicylasu.olsztyn.pl\/wp-content\/uploads\/2024\/04\/P4060051-www-300x225.jpg 300w, https:\/\/www.milosnicylasu.olsztyn.pl\/wp-content\/uploads\/2024\/04\/P4060051-www-768x576.jpg 768w, https:\/\/www.milosnicylasu.olsztyn.pl\/wp-content\/uploads\/2024\/04\/P4060051-www.jpg 1024w\" sizes=\"auto, (max-width: 300px) 100vw, 300px\" \/><\/a><\/p>\n","protected":false},"excerpt":{"rendered":"<p>6 kwietnia 2024 roku cz\u0142onkowie Ko\u0142a Mi\u0142o\u015bnik\u00f3w Lasu i Militari\u00f3w LOK w Olsztynie odwiedzili zaprzyja\u017anione z Ko\u0142em Muzeum Przyrody w Olsztynie. Przypomnieli\u015bmy sobie nasze pierwsze zebrania, kiedy zaczynali\u015bmy nasz\u0105 dzia\u0142alno\u015b\u0107 &#8211; 15 lat temu, \u00f3wczesny\u00a0 szef Pan Marian Szymkiewicz umo\u017cliwi\u0142 nam spotkania\u00a0 w Muzeum Przyrody. Przez wiele lat byli\u015bmy zapraszani na edukacj\u0119 przyrodnicz\u0105 do Muzeum. [&hellip;]<\/p>\n","protected":false},"author":2,"featured_media":0,"comment_status":"open","ping_status":"open","sticky":false,"template":"","format":"standard","meta":{"footnotes":""},"categories":[1,9,17],"tags":[],"class_list":["post-8700","post","type-post","status-publish","format-standard","hentry","category-bez-kategorii","category-ciekawostki","category-edukacja-w-terenie"],"_links":{"self":[{"href":"https:\/\/www.milosnicylasu.olsztyn.pl\/index.php?rest_route=\/wp\/v2\/posts\/8700","targetHints":{"allow":["GET"]}}],"collection":[{"href":"https:\/\/www.milosnicylasu.olsztyn.pl\/index.php?rest_route=\/wp\/v2\/posts"}],"about":[{"href":"https:\/\/www.milosnicylasu.olsztyn.pl\/index.php?rest_route=\/wp\/v2\/types\/post"}],"author":[{"embeddable":true,"href":"https:\/\/www.milosnicylasu.olsztyn.pl\/index.php?rest_route=\/wp\/v2\/users\/2"}],"replies":[{"embeddable":true,"href":"https:\/\/www.milosnicylasu.olsztyn.pl\/index.php?rest_route=%2Fwp%2Fv2%2Fcomments&post=8700"}],"version-history":[{"count":7,"href":"https:\/\/www.milosnicylasu.olsztyn.pl\/index.php?rest_route=\/wp\/v2\/posts\/8700\/revisions"}],"predecessor-version":[{"id":8719,"href":"https:\/\/www.milosnicylasu.olsztyn.pl\/index.php?rest_route=\/wp\/v2\/posts\/8700\/revisions\/8719"}],"wp:attachment":[{"href":"https:\/\/www.milosnicylasu.olsztyn.pl\/index.php?rest_route=%2Fwp%2Fv2%2Fmedia&parent=8700"}],"wp:term":[{"taxonomy":"category","embeddable":true,"href":"https:\/\/www.milosnicylasu.olsztyn.pl\/index.php?rest_route=%2Fwp%2Fv2%2Fcategories&post=8700"},{"taxonomy":"post_tag","embeddable":true,"href":"https:\/\/www.milosnicylasu.olsztyn.pl\/index.php?rest_route=%2Fwp%2Fv2%2Ftags&post=8700"}],"curies":[{"name":"wp","href":"https:\/\/api.w.org\/{rel}","templated":true}]}}