{"id":8709,"date":"2024-04-07T08:01:07","date_gmt":"2024-04-07T06:01:07","guid":{"rendered":"https:\/\/www.milosnicylasu.olsztyn.pl\/?p=8709"},"modified":"2024-04-07T08:01:21","modified_gmt":"2024-04-07T06:01:21","slug":"olsztynski-dworek-bergenthal-muzeum-przyrody","status":"publish","type":"post","link":"https:\/\/www.milosnicylasu.olsztyn.pl\/?p=8709","title":{"rendered":"Olszty\u0144ski dworek Bergenthal &#8211; Muzeum Przyrody"},"content":{"rendered":"<p><a href=\"https:\/\/www.milosnicylasu.olsztyn.pl\/wp-content\/uploads\/2024\/04\/P4060002-www.jpg\" data-rel=\"lightbox-image-0\" data-magnific_type=\"image\" data-rl_title=\"\" data-rl_caption=\"\" title=\"\"><img loading=\"lazy\" decoding=\"async\" class=\"size-medium wp-image-8701 alignleft\" src=\"https:\/\/www.milosnicylasu.olsztyn.pl\/wp-content\/uploads\/2024\/04\/P4060002-www-300x225.jpg\" alt=\"\" width=\"300\" height=\"225\" srcset=\"https:\/\/www.milosnicylasu.olsztyn.pl\/wp-content\/uploads\/2024\/04\/P4060002-www-300x225.jpg 300w, https:\/\/www.milosnicylasu.olsztyn.pl\/wp-content\/uploads\/2024\/04\/P4060002-www-768x576.jpg 768w, https:\/\/www.milosnicylasu.olsztyn.pl\/wp-content\/uploads\/2024\/04\/P4060002-www.jpg 1024w\" sizes=\"auto, (max-width: 300px) 100vw, 300px\" \/><\/a><\/p>\n<p>23 kwietnia o godzinie 17.00 , w zajezdni trolejbusowej,\u00a0 Rafa\u0142 B\u0119dkowski zaprasza na wyk\u0142ad o miejskim dworku przy ulicy Metalowej, w kt\u00f3rym mie\u015bci si\u0119 dzi\u015b Muzeum Przyrody. W trakcie wyk\u0142adu opowie o historii miejsca, obiektu i ludzi, kt\u00f3rzy go wybudowali lub byli z nim zwi\u0105zani.<\/p>\n<p>Ten wyk\u0142ad, troch\u0119 pewnie przypadkowo, ale bardzo \u0142\u0105czy si\u0119 z naszym pobytem 6 kwietnia w Muzeum Przyrody. Po zwiedzeniu wystawy, szukali\u015bmy informacji o budynku na tablicach pogl\u0105dowych w parku. Mam nadziej\u0119, \u017ce wyk\u0142ad przyniesie wiele ciekawych informacji o ludziach.<\/p>\n","protected":false},"excerpt":{"rendered":"<p>23 kwietnia o godzinie 17.00 , w zajezdni trolejbusowej,\u00a0 Rafa\u0142 B\u0119dkowski zaprasza na wyk\u0142ad o miejskim dworku przy ulicy Metalowej, w kt\u00f3rym mie\u015bci si\u0119 dzi\u015b Muzeum Przyrody. W trakcie wyk\u0142adu opowie o historii miejsca, obiektu i ludzi, kt\u00f3rzy go wybudowali lub byli z nim zwi\u0105zani. Ten wyk\u0142ad, troch\u0119 pewnie przypadkowo, ale bardzo \u0142\u0105czy si\u0119 z [&hellip;]<\/p>\n","protected":false},"author":2,"featured_media":0,"comment_status":"open","ping_status":"open","sticky":false,"template":"","format":"standard","meta":{"footnotes":""},"categories":[1,9,17],"tags":[],"class_list":["post-8709","post","type-post","status-publish","format-standard","hentry","category-bez-kategorii","category-ciekawostki","category-edukacja-w-terenie"],"_links":{"self":[{"href":"https:\/\/www.milosnicylasu.olsztyn.pl\/index.php?rest_route=\/wp\/v2\/posts\/8709","targetHints":{"allow":["GET"]}}],"collection":[{"href":"https:\/\/www.milosnicylasu.olsztyn.pl\/index.php?rest_route=\/wp\/v2\/posts"}],"about":[{"href":"https:\/\/www.milosnicylasu.olsztyn.pl\/index.php?rest_route=\/wp\/v2\/types\/post"}],"author":[{"embeddable":true,"href":"https:\/\/www.milosnicylasu.olsztyn.pl\/index.php?rest_route=\/wp\/v2\/users\/2"}],"replies":[{"embeddable":true,"href":"https:\/\/www.milosnicylasu.olsztyn.pl\/index.php?rest_route=%2Fwp%2Fv2%2Fcomments&post=8709"}],"version-history":[{"count":2,"href":"https:\/\/www.milosnicylasu.olsztyn.pl\/index.php?rest_route=\/wp\/v2\/posts\/8709\/revisions"}],"predecessor-version":[{"id":8711,"href":"https:\/\/www.milosnicylasu.olsztyn.pl\/index.php?rest_route=\/wp\/v2\/posts\/8709\/revisions\/8711"}],"wp:attachment":[{"href":"https:\/\/www.milosnicylasu.olsztyn.pl\/index.php?rest_route=%2Fwp%2Fv2%2Fmedia&parent=8709"}],"wp:term":[{"taxonomy":"category","embeddable":true,"href":"https:\/\/www.milosnicylasu.olsztyn.pl\/index.php?rest_route=%2Fwp%2Fv2%2Fcategories&post=8709"},{"taxonomy":"post_tag","embeddable":true,"href":"https:\/\/www.milosnicylasu.olsztyn.pl\/index.php?rest_route=%2Fwp%2Fv2%2Ftags&post=8709"}],"curies":[{"name":"wp","href":"https:\/\/api.w.org\/{rel}","templated":true}]}}