{"id":8722,"date":"2024-04-10T10:50:46","date_gmt":"2024-04-10T08:50:46","guid":{"rendered":"https:\/\/www.milosnicylasu.olsztyn.pl\/?p=8722"},"modified":"2024-04-10T11:10:02","modified_gmt":"2024-04-10T09:10:02","slug":"co-nas-jeszcze-czeka-w-kwietniu","status":"publish","type":"post","link":"https:\/\/www.milosnicylasu.olsztyn.pl\/?p=8722","title":{"rendered":"Co nas jeszcze czeka w kwietniu?"},"content":{"rendered":"<p><a href=\"https:\/\/www.milosnicylasu.olsztyn.pl\/wp-content\/uploads\/2024\/04\/P4060063-www.jpg\" data-rel=\"lightbox-image-0\" data-magnific_type=\"image\" data-rl_title=\"\" data-rl_caption=\"\" title=\"\"><img loading=\"lazy\" decoding=\"async\" class=\"size-medium wp-image-8725 alignleft\" src=\"https:\/\/www.milosnicylasu.olsztyn.pl\/wp-content\/uploads\/2024\/04\/P4060063-www-300x225.jpg\" alt=\"\" width=\"300\" height=\"225\" srcset=\"https:\/\/www.milosnicylasu.olsztyn.pl\/wp-content\/uploads\/2024\/04\/P4060063-www-300x225.jpg 300w, https:\/\/www.milosnicylasu.olsztyn.pl\/wp-content\/uploads\/2024\/04\/P4060063-www-768x576.jpg 768w, https:\/\/www.milosnicylasu.olsztyn.pl\/wp-content\/uploads\/2024\/04\/P4060063-www.jpg 1024w\" sizes=\"auto, (max-width: 300px) 100vw, 300px\" \/><\/a><\/p>\n<p><a href=\"https:\/\/www.milosnicylasu.olsztyn.pl\/wp-content\/uploads\/2024\/04\/P4060072-www.jpg\" data-rel=\"lightbox-image-1\" data-magnific_type=\"image\" data-rl_title=\"\" data-rl_caption=\"\" title=\"\"><img loading=\"lazy\" decoding=\"async\" class=\"size-medium wp-image-8728\" src=\"https:\/\/www.milosnicylasu.olsztyn.pl\/wp-content\/uploads\/2024\/04\/P4060072-www-300x225.jpg\" alt=\"\" width=\"300\" height=\"225\" srcset=\"https:\/\/www.milosnicylasu.olsztyn.pl\/wp-content\/uploads\/2024\/04\/P4060072-www-300x225.jpg 300w, https:\/\/www.milosnicylasu.olsztyn.pl\/wp-content\/uploads\/2024\/04\/P4060072-www-768x576.jpg 768w, https:\/\/www.milosnicylasu.olsztyn.pl\/wp-content\/uploads\/2024\/04\/P4060072-www.jpg 1024w\" sizes=\"auto, (max-width: 300px) 100vw, 300px\" \/><\/a><\/p>\n<p>Prawie po\u0142owa kwietnia 2024. Przypominamy i zapraszamy <strong>cz\u0142onk\u00f3w Ko\u0142a Mi\u0142o\u015bnik\u00f3w Lasu i Militari\u00f3w LOK w Olsztynie<\/strong> do uczestnictwa w najbli\u017cszych spotkaniach:<\/p>\n<p><a href=\"https:\/\/www.milosnicylasu.olsztyn.pl\/wp-content\/uploads\/2024\/04\/P4060082-www.jpg\" data-rel=\"lightbox-image-2\" data-magnific_type=\"image\" data-rl_title=\"\" data-rl_caption=\"\" title=\"\"><img loading=\"lazy\" decoding=\"async\" class=\"size-medium wp-image-8727 alignright\" src=\"https:\/\/www.milosnicylasu.olsztyn.pl\/wp-content\/uploads\/2024\/04\/P4060082-www-225x300.jpg\" alt=\"\" width=\"225\" height=\"300\" srcset=\"https:\/\/www.milosnicylasu.olsztyn.pl\/wp-content\/uploads\/2024\/04\/P4060082-www-225x300.jpg 225w, https:\/\/www.milosnicylasu.olsztyn.pl\/wp-content\/uploads\/2024\/04\/P4060082-www.jpg 768w\" sizes=\"auto, (max-width: 225px) 100vw, 225px\" \/><\/a><\/p>\n<ul>\n<li>13 kwietnia sobota godz. 10.00 p\u0119tla MPK Stary Dw\u00f3r \u2013 Kortowo. Podgl\u0105danie ptak\u00f3w na \u201eStawach Dworskich w Wojtkowym Lesie \u201e Do plecak\u00f3w zabieramy lunety, lornetki, aparaty fotograficzne. Najciekawsze zdj\u0119cia b\u0119d\u0105 premiowane.<\/li>\n<li>20 kwietnia sobota godz. 10.00 spotkanie na przystanku MPK ul. Sikorskiego ko\u0142o by\u0142ego REALA obecnie AUCHEN. Zwiedzanie miejsc nowo powsta\u0142ych, Park Nag\u00f3rski \u2013 Jaroty.<\/li>\n<li>27 kwietnia sobota godz. 10.00 spotykamy si\u0119 przy Wysokiej Bramie. Zwiedzamy ca\u0142o\u015b\u0107 Stadionu Rugby po remoncie, udajemy si\u0119 szlakiem wzd\u0142u\u017c \u0141yny do mostu Sm\u0119tka nast\u0119pnie dochodzimy do p\u0119tli MPK przy WDK.<\/li>\n<\/ul>\n<p>Planowana wycieczka autokarowa do W\u0142oc\u0142awka zosta\u0142a odwo\u0142ana.<\/p>\n<p>Podczas kwietniowego zebrania odby\u0142o si\u0119 losowanie nagrody miesi\u0105ca. Szcz\u0119\u015bliwy los si\u0119 u\u015bmiechn\u0105\u0142 do Benka Kuckiego. Gratulujemy!.<\/p>\n<p>Zdj\u0119cia Anatol Leszczy\u0144ski &#8211; Park Centralny w Olsztynie<\/p>\n","protected":false},"excerpt":{"rendered":"<p>Prawie po\u0142owa kwietnia 2024. Przypominamy i zapraszamy cz\u0142onk\u00f3w Ko\u0142a Mi\u0142o\u015bnik\u00f3w Lasu i Militari\u00f3w LOK w Olsztynie do uczestnictwa w najbli\u017cszych spotkaniach: 13 kwietnia sobota godz. 10.00 p\u0119tla MPK Stary Dw\u00f3r \u2013 Kortowo. Podgl\u0105danie ptak\u00f3w na \u201eStawach Dworskich w Wojtkowym Lesie \u201e Do plecak\u00f3w zabieramy lunety, lornetki, aparaty fotograficzne. Najciekawsze zdj\u0119cia b\u0119d\u0105 premiowane. 20 kwietnia sobota [&hellip;]<\/p>\n","protected":false},"author":2,"featured_media":0,"comment_status":"open","ping_status":"open","sticky":false,"template":"","format":"standard","meta":{"footnotes":""},"categories":[1,9,17,15],"tags":[],"class_list":["post-8722","post","type-post","status-publish","format-standard","hentry","category-bez-kategorii","category-ciekawostki","category-edukacja-w-terenie","category-komkurs"],"_links":{"self":[{"href":"https:\/\/www.milosnicylasu.olsztyn.pl\/index.php?rest_route=\/wp\/v2\/posts\/8722","targetHints":{"allow":["GET"]}}],"collection":[{"href":"https:\/\/www.milosnicylasu.olsztyn.pl\/index.php?rest_route=\/wp\/v2\/posts"}],"about":[{"href":"https:\/\/www.milosnicylasu.olsztyn.pl\/index.php?rest_route=\/wp\/v2\/types\/post"}],"author":[{"embeddable":true,"href":"https:\/\/www.milosnicylasu.olsztyn.pl\/index.php?rest_route=\/wp\/v2\/users\/2"}],"replies":[{"embeddable":true,"href":"https:\/\/www.milosnicylasu.olsztyn.pl\/index.php?rest_route=%2Fwp%2Fv2%2Fcomments&post=8722"}],"version-history":[{"count":5,"href":"https:\/\/www.milosnicylasu.olsztyn.pl\/index.php?rest_route=\/wp\/v2\/posts\/8722\/revisions"}],"predecessor-version":[{"id":8730,"href":"https:\/\/www.milosnicylasu.olsztyn.pl\/index.php?rest_route=\/wp\/v2\/posts\/8722\/revisions\/8730"}],"wp:attachment":[{"href":"https:\/\/www.milosnicylasu.olsztyn.pl\/index.php?rest_route=%2Fwp%2Fv2%2Fmedia&parent=8722"}],"wp:term":[{"taxonomy":"category","embeddable":true,"href":"https:\/\/www.milosnicylasu.olsztyn.pl\/index.php?rest_route=%2Fwp%2Fv2%2Fcategories&post=8722"},{"taxonomy":"post_tag","embeddable":true,"href":"https:\/\/www.milosnicylasu.olsztyn.pl\/index.php?rest_route=%2Fwp%2Fv2%2Ftags&post=8722"}],"curies":[{"name":"wp","href":"https:\/\/api.w.org\/{rel}","templated":true}]}}