{"id":8742,"date":"2024-04-22T21:35:27","date_gmt":"2024-04-22T19:35:27","guid":{"rendered":"https:\/\/www.milosnicylasu.olsztyn.pl\/?p=8742"},"modified":"2024-04-23T17:57:12","modified_gmt":"2024-04-23T15:57:12","slug":"gdy-pada-deszcz","status":"publish","type":"post","link":"https:\/\/www.milosnicylasu.olsztyn.pl\/?p=8742","title":{"rendered":"Gdy pada deszcz&#8230;&#8230;.."},"content":{"rendered":"<p><strong><a href=\"https:\/\/www.milosnicylasu.olsztyn.pl\/wp-content\/uploads\/2024\/04\/DSCN7234www.jpg\" data-rel=\"lightbox-image-0\" data-magnific_type=\"image\" data-rl_title=\"\" data-rl_caption=\"\" title=\"\"><img loading=\"lazy\" decoding=\"async\" class=\"size-medium wp-image-8745 alignleft\" src=\"https:\/\/www.milosnicylasu.olsztyn.pl\/wp-content\/uploads\/2024\/04\/DSCN7234www-300x225.jpg\" alt=\"\" width=\"300\" height=\"225\" srcset=\"https:\/\/www.milosnicylasu.olsztyn.pl\/wp-content\/uploads\/2024\/04\/DSCN7234www-300x225.jpg 300w, https:\/\/www.milosnicylasu.olsztyn.pl\/wp-content\/uploads\/2024\/04\/DSCN7234www-768x576.jpg 768w, https:\/\/www.milosnicylasu.olsztyn.pl\/wp-content\/uploads\/2024\/04\/DSCN7234www.jpg 1024w\" sizes=\"auto, (max-width: 300px) 100vw, 300px\" \/><\/a>Gdy pada deszcz \u015bwiat wygl\u0105da inaczej. Niekt\u00f3re ro\u015blinki zamykaj\u0105 si\u0119, inne otwieraj\u0105 si\u0119. Mokre ga\u0142\u0119zie staj\u0105 si\u0119 ci\u0119\u017ckie i pochylaj\u0105 si\u0119 nisko. Korony drzew zmieniaj\u0105 kszta\u0142ty. Krople wody tocz\u0105 si\u0119 po listkach i p\u0142atkach pi\u0119knie prezentuj\u0105c zjawisko napi\u0119cia powierzchniowego.<a href=\"https:\/\/www.milosnicylasu.olsztyn.pl\/wp-content\/uploads\/2024\/04\/DSCN7272www.jpg\" data-rel=\"lightbox-image-1\" data-magnific_type=\"image\" data-rl_title=\"\" data-rl_caption=\"\" title=\"\"><img loading=\"lazy\" decoding=\"async\" class=\"size-medium wp-image-8762 alignright\" src=\"https:\/\/www.milosnicylasu.olsztyn.pl\/wp-content\/uploads\/2024\/04\/DSCN7272www-300x225.jpg\" alt=\"\" width=\"300\" height=\"225\" srcset=\"https:\/\/www.milosnicylasu.olsztyn.pl\/wp-content\/uploads\/2024\/04\/DSCN7272www-300x225.jpg 300w, https:\/\/www.milosnicylasu.olsztyn.pl\/wp-content\/uploads\/2024\/04\/DSCN7272www-768x576.jpg 768w, https:\/\/www.milosnicylasu.olsztyn.pl\/wp-content\/uploads\/2024\/04\/DSCN7272www.jpg 1024w\" sizes=\"auto, (max-width: 300px) 100vw, 300px\" \/><\/a><\/strong><\/p>\n<p><strong>Ptaki nie fruwaj\u0105 i nie \u015bpiewaj\u0105, chowaj\u0105 si\u0119 gdzie\u015b w ga\u0142\u0119ziach. Natomiast wodne ptaki: kaczki, g\u0119si, \u0142ab\u0119dzie, bardzo dobrze znosz\u0105 tak\u0105 pogod\u0119. Owady te\u017c unikaj\u0105 ulewy. Nie pogryz\u0105 nas komary. Zmienia si\u0119 kolor nieba i widoczno\u015b\u0107 powietrza. Wyt\u0142umiaj\u0105 si\u0119 odg\u0142osy i na pierwszy plan wysuwa si\u0119 szum deszczu, kt\u00f3ry dzia\u0142a relaksuj\u0105co.<\/strong><\/p>\n<p><strong><a href=\"https:\/\/www.milosnicylasu.olsztyn.pl\/wp-content\/uploads\/2024\/04\/DSCN7244www.jpg\" data-rel=\"lightbox-image-2\" data-magnific_type=\"image\" data-rl_title=\"\" data-rl_caption=\"\" title=\"\"><img loading=\"lazy\" decoding=\"async\" class=\"size-medium wp-image-8749 alignleft\" src=\"https:\/\/www.milosnicylasu.olsztyn.pl\/wp-content\/uploads\/2024\/04\/DSCN7244www-300x225.jpg\" alt=\"\" width=\"300\" height=\"225\" srcset=\"https:\/\/www.milosnicylasu.olsztyn.pl\/wp-content\/uploads\/2024\/04\/DSCN7244www-300x225.jpg 300w, https:\/\/www.milosnicylasu.olsztyn.pl\/wp-content\/uploads\/2024\/04\/DSCN7244www-768x576.jpg 768w, https:\/\/www.milosnicylasu.olsztyn.pl\/wp-content\/uploads\/2024\/04\/DSCN7244www.jpg 1024w\" sizes=\"auto, (max-width: 300px) 100vw, 300px\" \/><\/a><a href=\"https:\/\/www.milosnicylasu.olsztyn.pl\/wp-content\/uploads\/2024\/04\/DSCN7237-www.jpg\" data-rel=\"lightbox-image-3\" data-magnific_type=\"image\" data-rl_title=\"\" data-rl_caption=\"\" title=\"\"><img loading=\"lazy\" decoding=\"async\" class=\"size-medium wp-image-8746 alignright\" src=\"https:\/\/www.milosnicylasu.olsztyn.pl\/wp-content\/uploads\/2024\/04\/DSCN7237-www-300x225.jpg\" alt=\"\" width=\"300\" height=\"225\" srcset=\"https:\/\/www.milosnicylasu.olsztyn.pl\/wp-content\/uploads\/2024\/04\/DSCN7237-www-300x225.jpg 300w, https:\/\/www.milosnicylasu.olsztyn.pl\/wp-content\/uploads\/2024\/04\/DSCN7237-www-768x576.jpg 768w, https:\/\/www.milosnicylasu.olsztyn.pl\/wp-content\/uploads\/2024\/04\/DSCN7237-www.jpg 1024w\" sizes=\"auto, (max-width: 300px) 100vw, 300px\" \/><\/a><\/strong><\/p>\n<p><strong>Kto zmaga si\u0119 z problemami alergicznymi wie, \u017ce deszcz wyp\u0142ukuje z powietrza alergeny. Krople deszczu oczyszczaj\u0105 powietrze z cz\u0119\u015bci py\u0142\u00f3w i kurzu, wi\u0119c spacer w tym czasie jest bardzo \u00a0korzystny\u00a0 dla zdrowia. Tak przy okazji, deszczowa aura korzystnie wp\u0142ywa na cer\u0119, sprzyja budowaniu odporno\u015bci&#8230;&#8230;.<\/strong><\/p>\n<p><strong>To nie wszystkie zalety deszczowych spacer\u00f3w. Przekonali\u015bmy si\u0119 o tym w czasie sobotniego rajdu 20 kwietnia 2024 roku. Szkoda, \u017ce by\u0142o nas niestety tak ma\u0142o. A by\u0142o nie tylko zdrowo ale i ciekawie.<\/strong><\/p>\n<p><strong><a href=\"https:\/\/www.milosnicylasu.olsztyn.pl\/wp-content\/uploads\/2024\/04\/DSCN7241-www-2.jpg\" data-rel=\"lightbox-image-4\" data-magnific_type=\"image\" data-rl_title=\"\" data-rl_caption=\"\" title=\"\"><img loading=\"lazy\" decoding=\"async\" class=\"size-medium wp-image-8756 alignright\" src=\"https:\/\/www.milosnicylasu.olsztyn.pl\/wp-content\/uploads\/2024\/04\/DSCN7241-www-2-300x225.jpg\" alt=\"\" width=\"300\" height=\"225\" srcset=\"https:\/\/www.milosnicylasu.olsztyn.pl\/wp-content\/uploads\/2024\/04\/DSCN7241-www-2-300x225.jpg 300w, https:\/\/www.milosnicylasu.olsztyn.pl\/wp-content\/uploads\/2024\/04\/DSCN7241-www-2-768x576.jpg 768w, https:\/\/www.milosnicylasu.olsztyn.pl\/wp-content\/uploads\/2024\/04\/DSCN7241-www-2.jpg 1024w\" sizes=\"auto, (max-width: 300px) 100vw, 300px\" \/><\/a>Na pocz\u0105tek zwiedzili\u015bmy\u00a0 Park Nag\u00f3rki \u2013 Jaroty.\u00a0 Projekt powsta\u0142 dzi\u0119ki spo\u0142ecznej inicjatywie w ramach\u00a0 Olszty\u0144skiego Bud\u017cetu Obywatelskiego. Zagospodarowanie nieu\u017cywanych podmok\u0142ych teren\u00f3w le\u017c\u0105cych pomi\u0119dzy najwi\u0119kszymi olszty\u0144skimi sypialniami by\u0142o przedmiotem dyskusji mieszka\u0144c\u00f3w od wielu lat. W ko\u0144cu w latach 2021, 2023 powsta\u0142 urozmaicony\u00a0 kompleks wypoczynkowy. Podczas spaceru mogli\u015bmy zobaczy\u0107 pi\u0119knie wygl\u0105daj\u0105cy park z alejkami, zbiornikami wodnymi, \u0142aweczkami, miejscem do grillowania, do \u0107wicze\u0144.<\/strong><\/p>\n<p><strong><a href=\"https:\/\/www.milosnicylasu.olsztyn.pl\/wp-content\/uploads\/2024\/04\/DSCN7262-www.jpg\" data-rel=\"lightbox-image-5\" data-magnific_type=\"image\" data-rl_title=\"\" data-rl_caption=\"\" title=\"\"><img loading=\"lazy\" decoding=\"async\" class=\"size-medium wp-image-8750 alignleft\" src=\"https:\/\/www.milosnicylasu.olsztyn.pl\/wp-content\/uploads\/2024\/04\/DSCN7262-www-300x225.jpg\" alt=\"\" width=\"300\" height=\"225\" srcset=\"https:\/\/www.milosnicylasu.olsztyn.pl\/wp-content\/uploads\/2024\/04\/DSCN7262-www-300x225.jpg 300w, https:\/\/www.milosnicylasu.olsztyn.pl\/wp-content\/uploads\/2024\/04\/DSCN7262-www-768x576.jpg 768w, https:\/\/www.milosnicylasu.olsztyn.pl\/wp-content\/uploads\/2024\/04\/DSCN7262-www.jpg 1024w\" sizes=\"auto, (max-width: 300px) 100vw, 300px\" \/><\/a><\/strong><\/p>\n<p>&nbsp;<\/p>\n<p><strong>W dalszej cz\u0119\u015bci naszego spaceru udali\u015bmy si\u0119 na osiedle Pieczewo\u00a0 gdzie przy ul. Sikiryckiego i \u015awitycz \u2013 Widackiej znajduje si\u0119 \u201e Bajkowa aleja w \u015brodku blokowiska\u201d Od oko\u0142o 40 lat\u00a0 rosn\u0105 tam r\u00f3\u017cowe drzewka -kanzan,\u00a0 potocznie wi\u015bnia japo\u0144ska, kt\u00f3ra jest przepi\u0119kna w okresie kwitnienia.<a href=\"https:\/\/www.milosnicylasu.olsztyn.pl\/wp-content\/uploads\/2024\/04\/DSCN7259-www.jpg\" data-rel=\"lightbox-image-6\" data-magnific_type=\"image\" data-rl_title=\"\" data-rl_caption=\"\" title=\"\"><img loading=\"lazy\" decoding=\"async\" class=\"size-medium wp-image-8751 alignright\" src=\"https:\/\/www.milosnicylasu.olsztyn.pl\/wp-content\/uploads\/2024\/04\/DSCN7259-www-300x225.jpg\" alt=\"\" width=\"300\" height=\"225\" srcset=\"https:\/\/www.milosnicylasu.olsztyn.pl\/wp-content\/uploads\/2024\/04\/DSCN7259-www-300x225.jpg 300w, https:\/\/www.milosnicylasu.olsztyn.pl\/wp-content\/uploads\/2024\/04\/DSCN7259-www-768x576.jpg 768w, https:\/\/www.milosnicylasu.olsztyn.pl\/wp-content\/uploads\/2024\/04\/DSCN7259-www.jpg 1024w\" sizes=\"auto, (max-width: 300px) 100vw, 300px\" \/><\/a><\/strong><\/p>\n<p>&nbsp;<\/p>\n<p><strong><a href=\"https:\/\/www.milosnicylasu.olsztyn.pl\/wp-content\/uploads\/2024\/04\/DSCN7252-www.jpg\" data-rel=\"lightbox-image-7\" data-magnific_type=\"image\" data-rl_title=\"\" data-rl_caption=\"\" title=\"\"><img loading=\"lazy\" decoding=\"async\" class=\"size-medium wp-image-8760 aligncenter\" src=\"https:\/\/www.milosnicylasu.olsztyn.pl\/wp-content\/uploads\/2024\/04\/DSCN7252-www-300x225.jpg\" alt=\"\" width=\"300\" height=\"225\" srcset=\"https:\/\/www.milosnicylasu.olsztyn.pl\/wp-content\/uploads\/2024\/04\/DSCN7252-www-300x225.jpg 300w, https:\/\/www.milosnicylasu.olsztyn.pl\/wp-content\/uploads\/2024\/04\/DSCN7252-www-768x576.jpg 768w, https:\/\/www.milosnicylasu.olsztyn.pl\/wp-content\/uploads\/2024\/04\/DSCN7252-www.jpg 1024w\" sizes=\"auto, (max-width: 300px) 100vw, 300px\" \/><\/a> R\u00f3\u017cowa aleja zachwyci\u0142a uczestnik\u00f3w sobotniego spotkania. Jest \u201e magnesem\u201d aby wybra\u0107 si\u0119 na te osiedle .<\/strong><\/p>\n<p>&nbsp;<\/p>\n","protected":false},"excerpt":{"rendered":"<p>Gdy pada deszcz \u015bwiat wygl\u0105da inaczej. Niekt\u00f3re ro\u015blinki zamykaj\u0105 si\u0119, inne otwieraj\u0105 si\u0119. Mokre ga\u0142\u0119zie staj\u0105 si\u0119 ci\u0119\u017ckie i pochylaj\u0105 si\u0119 nisko. Korony drzew zmieniaj\u0105 kszta\u0142ty. Krople wody tocz\u0105 si\u0119 po listkach i p\u0142atkach pi\u0119knie prezentuj\u0105c zjawisko napi\u0119cia powierzchniowego. Ptaki nie fruwaj\u0105 i nie \u015bpiewaj\u0105, chowaj\u0105 si\u0119 gdzie\u015b w ga\u0142\u0119ziach. Natomiast wodne ptaki: kaczki, g\u0119si, [&hellip;]<\/p>\n","protected":false},"author":2,"featured_media":0,"comment_status":"open","ping_status":"open","sticky":false,"template":"","format":"standard","meta":{"footnotes":""},"categories":[1,9,17],"tags":[],"class_list":["post-8742","post","type-post","status-publish","format-standard","hentry","category-bez-kategorii","category-ciekawostki","category-edukacja-w-terenie"],"_links":{"self":[{"href":"https:\/\/www.milosnicylasu.olsztyn.pl\/index.php?rest_route=\/wp\/v2\/posts\/8742","targetHints":{"allow":["GET"]}}],"collection":[{"href":"https:\/\/www.milosnicylasu.olsztyn.pl\/index.php?rest_route=\/wp\/v2\/posts"}],"about":[{"href":"https:\/\/www.milosnicylasu.olsztyn.pl\/index.php?rest_route=\/wp\/v2\/types\/post"}],"author":[{"embeddable":true,"href":"https:\/\/www.milosnicylasu.olsztyn.pl\/index.php?rest_route=\/wp\/v2\/users\/2"}],"replies":[{"embeddable":true,"href":"https:\/\/www.milosnicylasu.olsztyn.pl\/index.php?rest_route=%2Fwp%2Fv2%2Fcomments&post=8742"}],"version-history":[{"count":9,"href":"https:\/\/www.milosnicylasu.olsztyn.pl\/index.php?rest_route=\/wp\/v2\/posts\/8742\/revisions"}],"predecessor-version":[{"id":8763,"href":"https:\/\/www.milosnicylasu.olsztyn.pl\/index.php?rest_route=\/wp\/v2\/posts\/8742\/revisions\/8763"}],"wp:attachment":[{"href":"https:\/\/www.milosnicylasu.olsztyn.pl\/index.php?rest_route=%2Fwp%2Fv2%2Fmedia&parent=8742"}],"wp:term":[{"taxonomy":"category","embeddable":true,"href":"https:\/\/www.milosnicylasu.olsztyn.pl\/index.php?rest_route=%2Fwp%2Fv2%2Fcategories&post=8742"},{"taxonomy":"post_tag","embeddable":true,"href":"https:\/\/www.milosnicylasu.olsztyn.pl\/index.php?rest_route=%2Fwp%2Fv2%2Ftags&post=8742"}],"curies":[{"name":"wp","href":"https:\/\/api.w.org\/{rel}","templated":true}]}}