{"id":8767,"date":"2024-05-06T10:22:06","date_gmt":"2024-05-06T08:22:06","guid":{"rendered":"https:\/\/www.milosnicylasu.olsztyn.pl\/?p=8767"},"modified":"2024-05-06T16:20:24","modified_gmt":"2024-05-06T14:20:24","slug":"stadion-rugby-w-olsztynie","status":"publish","type":"post","link":"https:\/\/www.milosnicylasu.olsztyn.pl\/?p=8767","title":{"rendered":"Stadion rugby w Olsztynie"},"content":{"rendered":"<p><a href=\"https:\/\/www.milosnicylasu.olsztyn.pl\/wp-content\/uploads\/2024\/05\/IMG-20240504-WA00011-www.jpg\" data-rel=\"lightbox-image-0\" data-magnific_type=\"image\" data-rl_title=\"\" data-rl_caption=\"\" title=\"\"><img loading=\"lazy\" decoding=\"async\" class=\"size-medium wp-image-8768 alignleft\" src=\"https:\/\/www.milosnicylasu.olsztyn.pl\/wp-content\/uploads\/2024\/05\/IMG-20240504-WA00011-www-300x225.jpg\" alt=\"\" width=\"300\" height=\"225\" srcset=\"https:\/\/www.milosnicylasu.olsztyn.pl\/wp-content\/uploads\/2024\/05\/IMG-20240504-WA00011-www-300x225.jpg 300w, https:\/\/www.milosnicylasu.olsztyn.pl\/wp-content\/uploads\/2024\/05\/IMG-20240504-WA00011-www-768x576.jpg 768w, https:\/\/www.milosnicylasu.olsztyn.pl\/wp-content\/uploads\/2024\/05\/IMG-20240504-WA00011-www.jpg 1024w\" sizes=\"auto, (max-width: 300px) 100vw, 300px\" \/><\/a>Sobotni rajd 27 kwietnia 2024 roku, cz\u0142onkowie Ko\u0142a Mi\u0142o\u015bnik\u00f3w Lasu i Militari\u00f3w LOK przy ATW Olsztynie rozpocz\u0119li przy Wysokiej Bramie, sk\u0105d przeszli na stadion przy ulicy 15 Dywizji \/dawna Gietkowska\/.<\/p>\n<p><strong>Stadion odzyskuje dawny blask dzi\u0119ki rugbystom, kt\u00f3rzy podj\u0119li <\/strong>olbrzymie wyzwanie budowy Olimpijskiego Stadionu Rugby w Olsztynie. Stadion jest historyczny i pami\u0119ta wojska drago\u0144skie, kt\u00f3re go utworzy\u0142y dla swoich potrzeb. W wyniku przemian by\u0142y tam uprawiane r\u00f3\u017cne dyscypliny, ale najd\u0142u\u017cej rugby. Tam w\u0142a\u015bnie nast\u0105pi\u0142y narodziny rugby na Warmii i Mazurach. By\u0142a I liga i ekstraliga rugby w pi\u0119tnastkach.<\/p>\n<p><strong>Dzi\u0119ki inicjatywie Rugby Team Olsztyn i dwukrotnej wygranej w Olszty\u0144skim Bud\u017cecie Obywatelskim trwa jego gruntowny remont.<\/strong><\/p>\n<p>Obiekt zyska\u0142 nowe ogrodzenie, uporz\u0105dkowany teren, furtki i bram\u0119 wjazdow\u0105. Teraz powstan\u0105 trybuny dla kibic\u00f3w(500 widz\u00f3w), kt\u00f3re b\u0119d\u0105 umocnieniem skarpy.<\/p>\n<p><a href=\"https:\/\/www.milosnicylasu.olsztyn.pl\/wp-content\/uploads\/2024\/05\/IMG-20240504-WA0002-www.jpg\" data-rel=\"lightbox-image-1\" data-magnific_type=\"image\" data-rl_title=\"\" data-rl_caption=\"\" title=\"\"><img loading=\"lazy\" decoding=\"async\" class=\"size-medium wp-image-8769 alignright\" src=\"https:\/\/www.milosnicylasu.olsztyn.pl\/wp-content\/uploads\/2024\/05\/IMG-20240504-WA0002-www-300x225.jpg\" alt=\"\" width=\"300\" height=\"225\" srcset=\"https:\/\/www.milosnicylasu.olsztyn.pl\/wp-content\/uploads\/2024\/05\/IMG-20240504-WA0002-www-300x225.jpg 300w, https:\/\/www.milosnicylasu.olsztyn.pl\/wp-content\/uploads\/2024\/05\/IMG-20240504-WA0002-www-768x576.jpg 768w, https:\/\/www.milosnicylasu.olsztyn.pl\/wp-content\/uploads\/2024\/05\/IMG-20240504-WA0002-www.jpg 1024w\" sizes=\"auto, (max-width: 300px) 100vw, 300px\" \/><\/a>W dalszej cz\u0119\u015bci rajdu przeszli\u015bmy malownicz\u0105 tras\u0119 wzd\u0142u\u017c rzeki \u0141yny, do CEiK \u2013u w Olsztynie, gdzie nasz wsp\u00f3lny spacer zako\u0144czono.<\/p>\n<p><a href=\"https:\/\/www.milosnicylasu.olsztyn.pl\/wp-content\/uploads\/2024\/05\/IMG-20240504-WA0006-www.jpg\" data-rel=\"lightbox-image-2\" data-magnific_type=\"image\" data-rl_title=\"\" data-rl_caption=\"\" title=\"\"><img loading=\"lazy\" decoding=\"async\" class=\"size-medium wp-image-8770 alignleft\" src=\"https:\/\/www.milosnicylasu.olsztyn.pl\/wp-content\/uploads\/2024\/05\/IMG-20240504-WA0006-www-225x300.jpg\" alt=\"\" width=\"225\" height=\"300\" srcset=\"https:\/\/www.milosnicylasu.olsztyn.pl\/wp-content\/uploads\/2024\/05\/IMG-20240504-WA0006-www-225x300.jpg 225w, https:\/\/www.milosnicylasu.olsztyn.pl\/wp-content\/uploads\/2024\/05\/IMG-20240504-WA0006-www-768x1024.jpg 768w, https:\/\/www.milosnicylasu.olsztyn.pl\/wp-content\/uploads\/2024\/05\/IMG-20240504-WA0006-www.jpg 1024w\" sizes=\"auto, (max-width: 225px) 100vw, 225px\" \/><\/a>Rajd poprowadzili Stefania Jarczyk i J\u00f3zek Gazda, zdj\u0119cia udost\u0119pni\u0142a Maria Igli\u0144ska<\/p>\n<p><strong><u>A tak dla przypomnienia:<\/u><\/strong><\/p>\n<p>\u0141yna to najd\u0142u\u017csza rzeka Warmii i Mazur i najwi\u0119ksza z trzech rzek p\u0142yn\u0105cych przez Olsztyn. Zreszt\u0105 dwie pozosta\u0142e s\u0105 jej dop\u0142ywami.<\/p>\n<p data-fontsize=\"13\">Wi\u0119ksza cz\u0119\u015b\u0107 jej biegu, poczynaj\u0105c od \u017ar\u00f3de\u0142 na stokach Garbu Lubawskiego w okolicach Nidzicy (rezerwat \u201e\u0179r\u00f3d\u0142a rzeki \u0141yny\u201d), wije si\u0119 po terytorium wojew\u00f3dztwa warmi\u0144sko-mazurskiego (ok. 200 km). Ko\u0144cowy odcinek \u0141yny (64 km) biegnie za\u015b na obszarze nale\u017c\u0105cego do Rosji obwodu kr\u00f3lewieckiego. Tam te\u017c rzeka, nazwana \u0141aw\u0105, w okolicach Znamienska wpada do Prego\u0142y.<\/p>\n<p data-fontsize=\"13\"><br data-fontsize=\"13\" \/>Olsztyn jest pierwszym miastem na szlaku \u0141yny. Zanim jednak rzeka do niego dotrze, musi pokona\u0107 kilka jezior: Du\u017ce Brze\u017ano, Kiernoz Ma\u0142y i Kiernoz Wielki, \u0141a\u0144skie i Ustrych. Przed najwi\u0119kszym z nich \u2013 \u0141a\u0144skim \u2013 z lewej strony dop\u0142ywa do niej Mar\u00f3zka. Za jeziorem Ustrych prze\u0142omowy odcinek \u0141yny przypomina g\u00f3rsk\u0105 rzek\u0119 (rezerwat \u201eLas Warmi\u0144ski\u201d).<\/p>\n<p data-fontsize=\"13\"><br data-fontsize=\"13\" \/>\u0141yna przecina Olsztyn na dwie niemal r\u00f3wne cz\u0119\u015bci, wp\u0142ywaj\u0105c od po\u0142udniowej, a wyp\u0142ywaj\u0105c po p\u00f3\u0142nocnej stronie miasta. Po drodze zasilaj\u0105 j\u0105 wody jezior Ukiel i Kortowskiego za po\u015brednictwem strugi Kort\u00f3wki. Potem toczy swe wody przez \u015ar\u00f3dmie\u015bcie i wzd\u0142u\u017c star\u00f3wki, stanowi\u0105c wa\u017cny element krajobrazowy Parku Podzamcze. Przep\u0142ywa pod najstarszym w Olsztynie mostem \u015bw. Jana Nepomucena, dalej biegnie w s\u0105siedztwie zamku Kapitu\u0142y Warmi\u0144skiej i pod wiaduktami kolejowymi z XIX w. Po opuszczeniu centrum miasta p\u0142ynie przez Las Miejski, gdzie \u0142\u0105czy si\u0119 z rzek\u0105 Wad\u0105g, dop\u0142ywaj\u0105c\u0105 do niej z prawej strony.<\/p>\n<p data-fontsize=\"13\"><br data-fontsize=\"13\" \/>Dalej obiera kierunek p\u00f3\u0142nocny i przecina tereny Pojezierza Olszty\u0144skiego i Niziny S\u0119popolskiej. P\u0142ynie przez Dobre Miasto, Lidzbark Warmi\u0144ski, Bartoszyce i S\u0119popol. Na kolejnych etapach zasilaj\u0105 j\u0105 wody Symsarny, Pisy P\u00f3\u0142nocnej, Gubra i Elmy.<\/p>\n","protected":false},"excerpt":{"rendered":"<p>Sobotni rajd 27 kwietnia 2024 roku, cz\u0142onkowie Ko\u0142a Mi\u0142o\u015bnik\u00f3w Lasu i Militari\u00f3w LOK przy ATW Olsztynie rozpocz\u0119li przy Wysokiej Bramie, sk\u0105d przeszli na stadion przy ulicy 15 Dywizji \/dawna Gietkowska\/. Stadion odzyskuje dawny blask dzi\u0119ki rugbystom, kt\u00f3rzy podj\u0119li olbrzymie wyzwanie budowy Olimpijskiego Stadionu Rugby w Olsztynie. Stadion jest historyczny i pami\u0119ta wojska drago\u0144skie, kt\u00f3re go [&hellip;]<\/p>\n","protected":false},"author":2,"featured_media":0,"comment_status":"open","ping_status":"open","sticky":false,"template":"","format":"standard","meta":{"footnotes":""},"categories":[1,9,17,2],"tags":[],"class_list":["post-8767","post","type-post","status-publish","format-standard","hentry","category-bez-kategorii","category-ciekawostki","category-edukacja-w-terenie","category-rajdy"],"_links":{"self":[{"href":"https:\/\/www.milosnicylasu.olsztyn.pl\/index.php?rest_route=\/wp\/v2\/posts\/8767","targetHints":{"allow":["GET"]}}],"collection":[{"href":"https:\/\/www.milosnicylasu.olsztyn.pl\/index.php?rest_route=\/wp\/v2\/posts"}],"about":[{"href":"https:\/\/www.milosnicylasu.olsztyn.pl\/index.php?rest_route=\/wp\/v2\/types\/post"}],"author":[{"embeddable":true,"href":"https:\/\/www.milosnicylasu.olsztyn.pl\/index.php?rest_route=\/wp\/v2\/users\/2"}],"replies":[{"embeddable":true,"href":"https:\/\/www.milosnicylasu.olsztyn.pl\/index.php?rest_route=%2Fwp%2Fv2%2Fcomments&post=8767"}],"version-history":[{"count":3,"href":"https:\/\/www.milosnicylasu.olsztyn.pl\/index.php?rest_route=\/wp\/v2\/posts\/8767\/revisions"}],"predecessor-version":[{"id":8773,"href":"https:\/\/www.milosnicylasu.olsztyn.pl\/index.php?rest_route=\/wp\/v2\/posts\/8767\/revisions\/8773"}],"wp:attachment":[{"href":"https:\/\/www.milosnicylasu.olsztyn.pl\/index.php?rest_route=%2Fwp%2Fv2%2Fmedia&parent=8767"}],"wp:term":[{"taxonomy":"category","embeddable":true,"href":"https:\/\/www.milosnicylasu.olsztyn.pl\/index.php?rest_route=%2Fwp%2Fv2%2Fcategories&post=8767"},{"taxonomy":"post_tag","embeddable":true,"href":"https:\/\/www.milosnicylasu.olsztyn.pl\/index.php?rest_route=%2Fwp%2Fv2%2Ftags&post=8767"}],"curies":[{"name":"wp","href":"https:\/\/api.w.org\/{rel}","templated":true}]}}