{"id":8787,"date":"2024-05-15T07:26:03","date_gmt":"2024-05-15T05:26:03","guid":{"rendered":"https:\/\/www.milosnicylasu.olsztyn.pl\/?p=8787"},"modified":"2024-05-15T08:10:21","modified_gmt":"2024-05-15T06:10:21","slug":"8787","status":"publish","type":"post","link":"https:\/\/www.milosnicylasu.olsztyn.pl\/?p=8787","title":{"rendered":"Wiosenny rajd i tramwaje w Olsztynie"},"content":{"rendered":"<p><a href=\"https:\/\/www.milosnicylasu.olsztyn.pl\/wp-content\/uploads\/2024\/05\/P5110002-www.jpg\" data-rel=\"lightbox-image-0\" data-magnific_type=\"image\" data-rl_title=\"\" data-rl_caption=\"\" title=\"\"><img loading=\"lazy\" decoding=\"async\" class=\"size-medium wp-image-8788 alignleft\" src=\"https:\/\/www.milosnicylasu.olsztyn.pl\/wp-content\/uploads\/2024\/05\/P5110002-www-300x225.jpg\" alt=\"\" width=\"300\" height=\"225\" srcset=\"https:\/\/www.milosnicylasu.olsztyn.pl\/wp-content\/uploads\/2024\/05\/P5110002-www-300x225.jpg 300w, https:\/\/www.milosnicylasu.olsztyn.pl\/wp-content\/uploads\/2024\/05\/P5110002-www-768x576.jpg 768w, https:\/\/www.milosnicylasu.olsztyn.pl\/wp-content\/uploads\/2024\/05\/P5110002-www.jpg 1024w\" sizes=\"auto, (max-width: 300px) 100vw, 300px\" \/><\/a><\/p>\n<p>W sobot\u0119 11 maja 2024 roku\u00a0 cz\u0142onkowie Ko\u0142a Mi\u0142o\u015bnik\u00f3w Lasu i Militari\u00f3w LOK przy ATW w Olsztynie wybrali si\u0119 na rajd po &#8222;Wojtkowym lesie&#8221;. By\u0142 to pierwszy rajd, po przerwie, w czasie kt\u00f3rej zwiedzali\u015bmy ciekawe obiekty i parki w Olsztynie. Czuli\u015bmy\u00a0 si\u0119 jak po powrocie z podr\u00f3\u017cy do\u00a0 domu, kiedy si\u0119 m\u00f3wi : &#8222;fajnie by\u0142o,ale w domu najlepiej&#8221;. Wiosna jest cudna, wida\u0107 to\u00a0 szczeg\u00f3lnie w przyrodzie &#8211; jest kolorowo i pachn\u0105co.<a href=\"https:\/\/www.milosnicylasu.olsztyn.pl\/wp-content\/uploads\/2024\/04\/DSCN7228-www.jpg\" data-rel=\"lightbox-image-1\" data-magnific_type=\"image\" data-rl_title=\"\" data-rl_caption=\"\" title=\"\"><img loading=\"lazy\" decoding=\"async\" class=\"size-medium wp-image-8738 aligncenter\" src=\"https:\/\/www.milosnicylasu.olsztyn.pl\/wp-content\/uploads\/2024\/04\/DSCN7228-www-300x225.jpg\" alt=\"\" width=\"300\" height=\"225\" srcset=\"https:\/\/www.milosnicylasu.olsztyn.pl\/wp-content\/uploads\/2024\/04\/DSCN7228-www-300x225.jpg 300w, https:\/\/www.milosnicylasu.olsztyn.pl\/wp-content\/uploads\/2024\/04\/DSCN7228-www-768x576.jpg 768w, https:\/\/www.milosnicylasu.olsztyn.pl\/wp-content\/uploads\/2024\/04\/DSCN7228-www.jpg 1024w\" sizes=\"auto, (max-width: 300px) 100vw, 300px\" \/><\/a><\/p>\n<p><a href=\"https:\/\/www.milosnicylasu.olsztyn.pl\/wp-content\/uploads\/2022\/05\/DSCN9147-www.jpg\" data-rel=\"lightbox-image-2\" data-magnific_type=\"image\" data-rl_title=\"\" data-rl_caption=\"\" title=\"\"><img loading=\"lazy\" decoding=\"async\" class=\"size-medium wp-image-7076 alignright\" src=\"https:\/\/www.milosnicylasu.olsztyn.pl\/wp-content\/uploads\/2022\/05\/DSCN9147-www-300x225.jpg\" alt=\"\" width=\"300\" height=\"225\" srcset=\"https:\/\/www.milosnicylasu.olsztyn.pl\/wp-content\/uploads\/2022\/05\/DSCN9147-www-300x225.jpg 300w, https:\/\/www.milosnicylasu.olsztyn.pl\/wp-content\/uploads\/2022\/05\/DSCN9147-www-768x576.jpg 768w, https:\/\/www.milosnicylasu.olsztyn.pl\/wp-content\/uploads\/2022\/05\/DSCN9147-www.jpg 1024w\" sizes=\"auto, (max-width: 300px) 100vw, 300px\" \/><\/a>W czasie odpoczynku odby\u0142 si\u0119 konkurs, kt\u00f3rego tematem has\u0142owym by\u0142y tramwaje w Olsztynie. Konkurs by\u0142 przygotowany przez prezesa Ko\u0142a Anatola Leszczy\u0144skiego, kt\u00f3ry og\u0142osi\u0142 na zebraniu temat. Mo\u017cna by\u0142o si\u0119 przygotowa\u0107&#8230;&#8230;I najbardziej wiadomo\u015bci z tego tematu mia\u0142y Marianna Bonis\u0142awska i Basia Bruzgo. Gratulujemy!<\/p>\n<p>A co trzeba m.in. wiedzie\u0107?<\/p>\n<p><a href=\"https:\/\/www.milosnicylasu.olsztyn.pl\/wp-content\/uploads\/2023\/06\/DSCN6364-www.jpg\" data-rel=\"lightbox-image-3\" data-magnific_type=\"image\" data-rl_title=\"\" data-rl_caption=\"\" title=\"\"><br \/>\n<img loading=\"lazy\" decoding=\"async\" class=\"size-medium wp-image-8136 alignright\" src=\"https:\/\/www.milosnicylasu.olsztyn.pl\/wp-content\/uploads\/2023\/06\/DSCN6364-www-300x225.jpg\" alt=\"\" width=\"300\" height=\"225\" srcset=\"https:\/\/www.milosnicylasu.olsztyn.pl\/wp-content\/uploads\/2023\/06\/DSCN6364-www-300x225.jpg 300w, https:\/\/www.milosnicylasu.olsztyn.pl\/wp-content\/uploads\/2023\/06\/DSCN6364-www-768x576.jpg 768w, https:\/\/www.milosnicylasu.olsztyn.pl\/wp-content\/uploads\/2023\/06\/DSCN6364-www.jpg 1024w\" sizes=\"auto, (max-width: 300px) 100vw, 300px\" \/><\/a><b>Tramwaje w Olsztynie<\/b> \u2013 system komunikacji tramwajowej dzia\u0142aj\u0105cy w Olsztynie w latach 1907\u20131965 i ponownie od 19 grudnia 2015. Jest to jak dot\u0105d jedyny reaktywowany system komunikacji tramwajowej w Polsce, a tak\u017ce jedyny bez tradycyjnych p\u0119tli \u2013 posiadaj\u0105cy jedynie tory odstawcze i st\u0105d te\u017c obs\u0142ugiwany taborem dwukierunkowym \u2013 oraz jedyny przystosowany do taboru o szeroko\u015bci 2500 mm.<\/p>\n<p>W 1907 roku by\u0142y 2 linie tramwajowe: nr 1 dworzec g\u0142\u00f3wny- most \u015bw. Jana na \u0141ynie o d\u0142ugo\u015bci 2,3 km i\u00a0 nr 2 1 Maja &#8211; Jakubowo 2,44 km. Nast\u0119pnie linie te przed\u0142u\u017cano. Tramwaje kursowa\u0142y cz\u0119sto &#8211; linia nr 1 co 7,5 min, linia nr 2\u00a0 co 15 min.<\/p>\n<p>W 1910\u00a0 roku wprowadzono w tramwajach bilety i konduktor\u00f3w.<\/p>\n<p>Po wojnie tramwaje zacz\u0119\u0142y kursowa\u0107 ju\u017c 30 kwietnia 1946 roku. 20 listopada 1965 roku zlikwidowano komunikacj\u0119 tramwajow\u0105. Now\u0105 lini\u0119 rozpocz\u0119to budowa\u0107 1 marca 2012 roku. Koszt inwestycji wyni\u00f3s\u0142 250.000.000 z\u0142.<\/p>\n<p>To tylko niekt\u00f3re informacje, kt\u00f3re zawiera\u0142y pytania konkursowe, w sumie pyta\u0144 by\u0142o 17. Jak wida\u0107 konkurs nie by\u0142 \u0142atwy,\u00a0 tym bardziej gratulujemy zwycie\u015bcom<\/p>\n","protected":false},"excerpt":{"rendered":"<p>W sobot\u0119 11 maja 2024 roku\u00a0 cz\u0142onkowie Ko\u0142a Mi\u0142o\u015bnik\u00f3w Lasu i Militari\u00f3w LOK przy ATW w Olsztynie wybrali si\u0119 na rajd po &#8222;Wojtkowym lesie&#8221;. By\u0142 to pierwszy rajd, po przerwie, w czasie kt\u00f3rej zwiedzali\u015bmy ciekawe obiekty i parki w Olsztynie. Czuli\u015bmy\u00a0 si\u0119 jak po powrocie z podr\u00f3\u017cy do\u00a0 domu, kiedy si\u0119 m\u00f3wi : &#8222;fajnie by\u0142o,ale [&hellip;]<\/p>\n","protected":false},"author":2,"featured_media":0,"comment_status":"open","ping_status":"open","sticky":false,"template":"","format":"standard","meta":{"footnotes":""},"categories":[1,9,17,2],"tags":[],"class_list":["post-8787","post","type-post","status-publish","format-standard","hentry","category-bez-kategorii","category-ciekawostki","category-edukacja-w-terenie","category-rajdy"],"_links":{"self":[{"href":"https:\/\/www.milosnicylasu.olsztyn.pl\/index.php?rest_route=\/wp\/v2\/posts\/8787","targetHints":{"allow":["GET"]}}],"collection":[{"href":"https:\/\/www.milosnicylasu.olsztyn.pl\/index.php?rest_route=\/wp\/v2\/posts"}],"about":[{"href":"https:\/\/www.milosnicylasu.olsztyn.pl\/index.php?rest_route=\/wp\/v2\/types\/post"}],"author":[{"embeddable":true,"href":"https:\/\/www.milosnicylasu.olsztyn.pl\/index.php?rest_route=\/wp\/v2\/users\/2"}],"replies":[{"embeddable":true,"href":"https:\/\/www.milosnicylasu.olsztyn.pl\/index.php?rest_route=%2Fwp%2Fv2%2Fcomments&post=8787"}],"version-history":[{"count":5,"href":"https:\/\/www.milosnicylasu.olsztyn.pl\/index.php?rest_route=\/wp\/v2\/posts\/8787\/revisions"}],"predecessor-version":[{"id":8793,"href":"https:\/\/www.milosnicylasu.olsztyn.pl\/index.php?rest_route=\/wp\/v2\/posts\/8787\/revisions\/8793"}],"wp:attachment":[{"href":"https:\/\/www.milosnicylasu.olsztyn.pl\/index.php?rest_route=%2Fwp%2Fv2%2Fmedia&parent=8787"}],"wp:term":[{"taxonomy":"category","embeddable":true,"href":"https:\/\/www.milosnicylasu.olsztyn.pl\/index.php?rest_route=%2Fwp%2Fv2%2Fcategories&post=8787"},{"taxonomy":"post_tag","embeddable":true,"href":"https:\/\/www.milosnicylasu.olsztyn.pl\/index.php?rest_route=%2Fwp%2Fv2%2Ftags&post=8787"}],"curies":[{"name":"wp","href":"https:\/\/api.w.org\/{rel}","templated":true}]}}