{"id":8794,"date":"2024-05-16T06:57:39","date_gmt":"2024-05-16T04:57:39","guid":{"rendered":"https:\/\/www.milosnicylasu.olsztyn.pl\/?p=8794"},"modified":"2024-05-16T07:14:42","modified_gmt":"2024-05-16T05:14:42","slug":"co-nas-czeka-w-najblizszym-czasie","status":"publish","type":"post","link":"https:\/\/www.milosnicylasu.olsztyn.pl\/?p=8794","title":{"rendered":"Co  nas czeka w najbli\u017cszym czasie?"},"content":{"rendered":"<p><strong>18 maja 2024 roku zapraszamy na &#8222;Koncert Niezapominajkowy&#8221;<\/strong><\/p>\n<p>Spotykamy si\u0119 na ko\u0144cowym\u00a0 przystanku MPK w Kortowie -Stary Dw\u00f3r o godz. 10.00. Wskazane odpowiednie przygotowanie uczestnik\u00f3w do spotkania &#8211; wyb\u00f3r dowolny: wiersz, piosenka, ciekawostki, ubi\u00f3r itp. oczywi\u015bcie powi\u0105zanie z niezapominajk\u0105. B\u0119d\u0105 premie !<a href=\"https:\/\/www.milosnicylasu.olsztyn.pl\/wp-content\/uploads\/2020\/05\/DSCN5370-www.jpg\" data-rel=\"lightbox-image-0\" data-magnific_type=\"image\" data-rl_title=\"\" data-rl_caption=\"\" title=\"\"><img loading=\"lazy\" decoding=\"async\" class=\"size-medium wp-image-5502 alignright\" src=\"https:\/\/www.milosnicylasu.olsztyn.pl\/wp-content\/uploads\/2020\/05\/DSCN5370-www-300x169.jpg\" alt=\"\" width=\"300\" height=\"169\" srcset=\"https:\/\/www.milosnicylasu.olsztyn.pl\/wp-content\/uploads\/2020\/05\/DSCN5370-www-300x169.jpg 300w, https:\/\/www.milosnicylasu.olsztyn.pl\/wp-content\/uploads\/2020\/05\/DSCN5370-www-768x432.jpg 768w, https:\/\/www.milosnicylasu.olsztyn.pl\/wp-content\/uploads\/2020\/05\/DSCN5370-www-730x410.jpg 730w, https:\/\/www.milosnicylasu.olsztyn.pl\/wp-content\/uploads\/2020\/05\/DSCN5370-www.jpg 1024w\" sizes=\"auto, (max-width: 300px) 100vw, 300px\" \/><\/a><a href=\"https:\/\/www.milosnicylasu.olsztyn.pl\/wp-content\/uploads\/2020\/05\/a-www.jpg\" data-rel=\"lightbox-image-1\" data-magnific_type=\"image\" data-rl_title=\"\" data-rl_caption=\"\" title=\"\"><img loading=\"lazy\" decoding=\"async\" class=\"size-medium wp-image-5538 alignleft\" src=\"https:\/\/www.milosnicylasu.olsztyn.pl\/wp-content\/uploads\/2020\/05\/a-www-264x300.jpg\" alt=\"\" width=\"264\" height=\"300\" srcset=\"https:\/\/www.milosnicylasu.olsztyn.pl\/wp-content\/uploads\/2020\/05\/a-www-264x300.jpg 264w, https:\/\/www.milosnicylasu.olsztyn.pl\/wp-content\/uploads\/2020\/05\/a-www-768x874.jpg 768w, https:\/\/www.milosnicylasu.olsztyn.pl\/wp-content\/uploads\/2020\/05\/a-www.jpg 900w\" sizes=\"auto, (max-width: 264px) 100vw, 264px\" \/><\/a><\/p>\n<p><strong>25 maja 20924 roku\u00a0 zapraszamy na Maj\u00f3wk\u0119 Ko\u0142a &#8211; obchody 15 rocznicy Ko\u0142a<\/strong><\/p>\n<p>Tak, to ju\u017c 15 lat jak dzia\u0142amy. \u015awi\u0119towa\u0107 b\u0119dziemy w &#8222;Wojtkowym lesie &#8222;, tam gdzie odbywali\u015bmy wi\u0119kszo\u015b\u0107 naszych terenowych spotka\u0144. B\u0119dzie wiele NIESPODZIANEK&#8230;&#8230;&#8230;Wp\u0142at\u0119 10,00 z\u0142 na zebraniu przyjmowa\u0142a Wiesia Filipek. Dla sp\u00f3\u017anialskich te\u017c tylko 10.00 z\u0142 &#8211; przed imprez\u0105. Dobrze by\u0142oby wcze\u015bniej zasygnalizowa\u0107 obecno\u015b\u0107, czekamy na zg\u0142oszenia.<\/p>\n","protected":false},"excerpt":{"rendered":"<p>18 maja 2024 roku zapraszamy na &#8222;Koncert Niezapominajkowy&#8221; Spotykamy si\u0119 na ko\u0144cowym\u00a0 przystanku MPK w Kortowie -Stary Dw\u00f3r o godz. 10.00. Wskazane odpowiednie przygotowanie uczestnik\u00f3w do spotkania &#8211; wyb\u00f3r dowolny: wiersz, piosenka, ciekawostki, ubi\u00f3r itp. oczywi\u015bcie powi\u0105zanie z niezapominajk\u0105. B\u0119d\u0105 premie ! 25 maja 20924 roku\u00a0 zapraszamy na Maj\u00f3wk\u0119 Ko\u0142a &#8211; obchody 15 rocznicy Ko\u0142a [&hellip;]<\/p>\n","protected":false},"author":2,"featured_media":0,"comment_status":"open","ping_status":"open","sticky":false,"template":"","format":"standard","meta":{"footnotes":""},"categories":[1,9,17,15,2],"tags":[],"class_list":["post-8794","post","type-post","status-publish","format-standard","hentry","category-bez-kategorii","category-ciekawostki","category-edukacja-w-terenie","category-komkurs","category-rajdy"],"_links":{"self":[{"href":"https:\/\/www.milosnicylasu.olsztyn.pl\/index.php?rest_route=\/wp\/v2\/posts\/8794","targetHints":{"allow":["GET"]}}],"collection":[{"href":"https:\/\/www.milosnicylasu.olsztyn.pl\/index.php?rest_route=\/wp\/v2\/posts"}],"about":[{"href":"https:\/\/www.milosnicylasu.olsztyn.pl\/index.php?rest_route=\/wp\/v2\/types\/post"}],"author":[{"embeddable":true,"href":"https:\/\/www.milosnicylasu.olsztyn.pl\/index.php?rest_route=\/wp\/v2\/users\/2"}],"replies":[{"embeddable":true,"href":"https:\/\/www.milosnicylasu.olsztyn.pl\/index.php?rest_route=%2Fwp%2Fv2%2Fcomments&post=8794"}],"version-history":[{"count":5,"href":"https:\/\/www.milosnicylasu.olsztyn.pl\/index.php?rest_route=\/wp\/v2\/posts\/8794\/revisions"}],"predecessor-version":[{"id":8799,"href":"https:\/\/www.milosnicylasu.olsztyn.pl\/index.php?rest_route=\/wp\/v2\/posts\/8794\/revisions\/8799"}],"wp:attachment":[{"href":"https:\/\/www.milosnicylasu.olsztyn.pl\/index.php?rest_route=%2Fwp%2Fv2%2Fmedia&parent=8794"}],"wp:term":[{"taxonomy":"category","embeddable":true,"href":"https:\/\/www.milosnicylasu.olsztyn.pl\/index.php?rest_route=%2Fwp%2Fv2%2Fcategories&post=8794"},{"taxonomy":"post_tag","embeddable":true,"href":"https:\/\/www.milosnicylasu.olsztyn.pl\/index.php?rest_route=%2Fwp%2Fv2%2Ftags&post=8794"}],"curies":[{"name":"wp","href":"https:\/\/api.w.org\/{rel}","templated":true}]}}