{"id":8813,"date":"2024-05-29T09:56:57","date_gmt":"2024-05-29T07:56:57","guid":{"rendered":"https:\/\/www.milosnicylasu.olsztyn.pl\/?p=8813"},"modified":"2024-05-29T10:22:19","modified_gmt":"2024-05-29T08:22:19","slug":"15-rocznica-powstania-kola-milosnikow-lasu-i-militariow-lok-przy-atw-w-olsztynie","status":"publish","type":"post","link":"https:\/\/www.milosnicylasu.olsztyn.pl\/?p=8813","title":{"rendered":"15 rocznica powstania Ko\u0142a Mi\u0142o\u015bnik\u00f3w Lasu i Militari\u00f3w LOK przy ATW w Olsztynie"},"content":{"rendered":"<p><a href=\"https:\/\/www.milosnicylasu.olsztyn.pl\/wp-content\/uploads\/2024\/05\/P5250016-www.jpg\" data-rel=\"lightbox-image-0\" data-magnific_type=\"image\" data-rl_title=\"\" data-rl_caption=\"\" title=\"\"><img loading=\"lazy\" decoding=\"async\" class=\"size-medium wp-image-8814 alignleft\" src=\"https:\/\/www.milosnicylasu.olsztyn.pl\/wp-content\/uploads\/2024\/05\/P5250016-www-300x225.jpg\" alt=\"\" width=\"300\" height=\"225\" srcset=\"https:\/\/www.milosnicylasu.olsztyn.pl\/wp-content\/uploads\/2024\/05\/P5250016-www-300x225.jpg 300w, https:\/\/www.milosnicylasu.olsztyn.pl\/wp-content\/uploads\/2024\/05\/P5250016-www-768x576.jpg 768w, https:\/\/www.milosnicylasu.olsztyn.pl\/wp-content\/uploads\/2024\/05\/P5250016-www.jpg 1024w\" sizes=\"auto, (max-width: 300px) 100vw, 300px\" \/><\/a><\/p>\n<p>Ko\u0142o Mi\u0142o\u015bnik\u00f3w\u00a0 Lasu i Militari\u00f3w LOK przy ATW w Olsztynie powsta\u0142o 9 kwietnia 2009\u00a0 roku. Czas szybko\u00a0 leci &#8211; od tego czasu min\u0119\u0142o 15 lat.<\/p>\n<p>Nasze \u015bwi\u0119to obchodzili\u015bmy w zaprzyja\u017anionym &#8211; &#8222;Wojtkowym Lesie&#8221;, w Le\u015bnictwie Stary Dw\u00f3r, w Nadle\u015bnictwie Kudypy. By\u0142y wspomnienia odbytych wycieczek, rajd\u00f3w, imprez strzeleckich, ciekawych wyk\u0142ad\u00f3w w Regionalnej Dyrekcji Las\u00f3w Pa\u0144stwowych\u00a0 w Olsztynie. Wspominali\u015bmy osoby, dzi\u0119ki kt\u00f3rym mo\u017cliwa by\u0142a realizacja ambitnych plan\u00f3w naszej pracy przez tyle lat.<\/p>\n<p>A w tym pi\u0119knym s\u0142onecznym dniu 25 czerwca cz\u0119stowali\u015bmy si\u0119 przepysznymi ciastami, kt\u00f3re upiek\u0142y cz\u0142onkinie Ko\u0142a, w tym Wiesia Filipek, kt\u00f3ra pocz\u0119stowa\u0142a nas pi\u0119knym i smacznym tortem. By\u0142o ognisko, kie\u0142baski, szukanie skarb\u00f3w w lesie&#8230;&#8230;..jak r\u00f3wnie\u017c inne atrakcje&#8230;&#8230;&#8230;&#8230;&#8230;.<\/p>\n<p>Wa\u017cn\u0105 cz\u0119\u015bci\u0105 uroczysto\u015bci by\u0142o wr\u0119czenie odznacze\u0144.<\/p>\n<p><a href=\"https:\/\/www.milosnicylasu.olsztyn.pl\/wp-content\/uploads\/2024\/05\/P5250002-www.jpg\" data-rel=\"lightbox-image-1\" data-magnific_type=\"image\" data-rl_title=\"\" data-rl_caption=\"\" title=\"\"><img loading=\"lazy\" decoding=\"async\" class=\"size-medium wp-image-8815 alignright\" src=\"https:\/\/www.milosnicylasu.olsztyn.pl\/wp-content\/uploads\/2024\/05\/P5250002-www-300x225.jpg\" alt=\"\" width=\"300\" height=\"225\" srcset=\"https:\/\/www.milosnicylasu.olsztyn.pl\/wp-content\/uploads\/2024\/05\/P5250002-www-300x225.jpg 300w, https:\/\/www.milosnicylasu.olsztyn.pl\/wp-content\/uploads\/2024\/05\/P5250002-www-768x576.jpg 768w, https:\/\/www.milosnicylasu.olsztyn.pl\/wp-content\/uploads\/2024\/05\/P5250002-www.jpg 1024w\" sizes=\"auto, (max-width: 300px) 100vw, 300px\" \/><\/a><\/p>\n<p>&nbsp;<\/p>\n<p><strong>Z okazji 15 rocznicy powo\u0142ania Ko\u0142a Mi\u0142o\u015bnik\u00f3w Lasu i Militari\u00f3w LOK przy ATW w Olsztynie. <\/strong><\/p>\n<p>&nbsp;<\/p>\n<div id=\"attachment_8816\" style=\"width: 310px\" class=\"wp-caption alignleft\"><a href=\"https:\/\/www.milosnicylasu.olsztyn.pl\/wp-content\/uploads\/2024\/05\/P5250011-www.jpg\" data-rel=\"lightbox-image-2\" data-magnific_type=\"image\" data-rl_title=\"\" data-rl_caption=\"\" title=\"\"><img loading=\"lazy\" decoding=\"async\" aria-describedby=\"caption-attachment-8816\" class=\"size-medium wp-image-8816\" src=\"https:\/\/www.milosnicylasu.olsztyn.pl\/wp-content\/uploads\/2024\/05\/P5250011-www-300x225.jpg\" alt=\"\" width=\"300\" height=\"225\" srcset=\"https:\/\/www.milosnicylasu.olsztyn.pl\/wp-content\/uploads\/2024\/05\/P5250011-www-300x225.jpg 300w, https:\/\/www.milosnicylasu.olsztyn.pl\/wp-content\/uploads\/2024\/05\/P5250011-www-768x576.jpg 768w, https:\/\/www.milosnicylasu.olsztyn.pl\/wp-content\/uploads\/2024\/05\/P5250011-www.jpg 1024w\" sizes=\"auto, (max-width: 300px) 100vw, 300px\" \/><\/a><p id=\"caption-attachment-8816\" class=\"wp-caption-text\">OLYMPUS DIGITAL CAMERA<\/p><\/div>\n<p>Zarz\u0105d Ko\u0142a wyr\u00f3\u017cni\u0142 za du\u017cy wk\u0142ad pracy, aktywny udzia\u0142 w realizacji planowych zamierze\u0144 i wspieranie dzia\u0142alno\u015bci nast\u0119puj\u0105ce osoby:<\/p>\n<p><strong>\u00a0\u00a0\u00a0\u00a0\u00a0\u00a0\u00a0\u00a0\u00a0\u00a0\u00a0\u00a0\u00a0\u00a0Odznak\u0105 okoliczno\u015bciow\u0105 Ko\u0142a:<\/strong><\/p>\n<p>Osoby, kt\u00f3re op\u0142acili sk\u0142adk\u0119 cz\u0142onkowsk\u0105 w 2024r. <strong>\u00a0\u00a0\u00a0\u00a0\u00a0\u00a0\u00a0\u00a0\u00a0\u00a0\u00a0\u00a0\u00a0<\/strong><\/p>\n<p><strong>\u00a0Dyplomem \u00a0Gajowego za udzia\u0142 w edukacji w okresie 2009-2024r.<\/strong><\/p>\n<ol>\n<li>B\u0142aszczuk Bo\u017cena<\/li>\n<li>Bruzgo Barbara<\/li>\n<li>Fiedoruk Helena<\/li>\n<li>Filipek Wies\u0142awa<\/li>\n<li>Filipek Jan<\/li>\n<li>Janicka Renata<\/li>\n<li>Kluczek Janina<\/li>\n<li>Kluczek Grzegorz<\/li>\n<li>K\u0142\u0119bukowski Micha\u0142<\/li>\n<li>Kicowski Tomasz<\/li>\n<li>Leszczy\u0144ska Krystyna<\/li>\n<li>Leszczy\u0144ski Anatol<\/li>\n<li>Siemakowicz Adam<\/li>\n<li>Tabor Teresa<\/li>\n<li>Tabor Pawe\u0142<\/li>\n<li>Tarankiewicz Krystyna<\/li>\n<li>Tyl Daniela<\/li>\n<li>Wojnicz Janina<\/li>\n<li>\u017buk- K\u0142\u0119bukowska Ryszarda<\/li>\n<li>Benedykt Kucki<\/li>\n<\/ol>\n<p><strong>\u00a0\u00a0\u00a0\u00a0\u00a0\u00a0\u00a0\u00a0\u00a0\u00a0\u00a0\u00a0\u00a0\u00a0\u00a0\u00a0\u00a0\u00a0\u00a0\u00a0\u00a0\u00a0\u00a0 Pucharem:<\/strong><\/p>\n<ol>\n<li>Wo\u0142czy\u0144ska Anna<\/li>\n<\/ol>\n<p><strong>Srebrn\u0105 Odznak\u0105 Sprawno\u015bci Obronnej:<a href=\"https:\/\/www.milosnicylasu.olsztyn.pl\/wp-content\/uploads\/2024\/05\/IMG_20240525_111820-Adam-www.jpg\" data-rel=\"lightbox-image-3\" data-magnific_type=\"image\" data-rl_title=\"\" data-rl_caption=\"\" title=\"\"><img loading=\"lazy\" decoding=\"async\" class=\"size-medium wp-image-8820 alignleft\" src=\"https:\/\/www.milosnicylasu.olsztyn.pl\/wp-content\/uploads\/2024\/05\/IMG_20240525_111820-Adam-www-300x225.jpg\" alt=\"\" width=\"300\" height=\"225\" srcset=\"https:\/\/www.milosnicylasu.olsztyn.pl\/wp-content\/uploads\/2024\/05\/IMG_20240525_111820-Adam-www-300x225.jpg 300w, https:\/\/www.milosnicylasu.olsztyn.pl\/wp-content\/uploads\/2024\/05\/IMG_20240525_111820-Adam-www-768x576.jpg 768w, https:\/\/www.milosnicylasu.olsztyn.pl\/wp-content\/uploads\/2024\/05\/IMG_20240525_111820-Adam-www.jpg 1024w\" sizes=\"auto, (max-width: 300px) 100vw, 300px\" \/><\/a><\/strong><\/p>\n<ol>\n<li>Zuzanna D\u0105browska<\/li>\n<li>Daniela Tyl<\/li>\n<li>El\u017cbieta Piwo\u0144ska<\/li>\n<li>Teresa Mielczarska<\/li>\n<li>El\u017cbieta Rejniak<\/li>\n<li>Jakub Ciura<\/li>\n<li>Szymon D\u0105browski<\/li>\n<li>Stanis\u0142aw D\u0105browski<\/li>\n<li>Wojciech Kleszczy\u0144ski<\/li>\n<li>Maciej Rusi\u0142owicz<\/li>\n<\/ol>\n<p><strong>Srebrn\u0105 Odznak\u0105 Zas\u0142u\u017cony Dzia\u0142acz Ligi Obrony Kraju:<\/strong><\/p>\n<ol>\n<li>Piwo\u0144ska El\u017cbieta<\/li>\n<li>Tyl Daniela<\/li>\n<li>Ta\u0144ska Dorota<\/li>\n<li>Tarankiewicz Krystyna<\/li>\n<li>Zaj\u0105c Ewa<\/li>\n<li>Piotrowicz Zenon<\/li>\n<li>Godlewski Mieszko<\/li>\n<li>Mioduszewski Piotr<\/li>\n<li>Kozio\u0142 Wojciech<\/li>\n<li>B\u0142aszczak Henryk<\/li>\n<\/ol>\n<p><strong>Br\u0105zowym Medalem 15- Lecia Ko\u0142a:<\/strong><\/p>\n<ol>\n<li>Bruzgo Barbara<\/li>\n<li>B\u0142aszczuk Bo\u017cena<\/li>\n<li>Fiedoruk Helena<\/li>\n<li>Filipek Wies\u0142awa<\/li>\n<li>Filipek Jan<\/li>\n<li>Janicka Renata<\/li>\n<li>Kluczek Janina<\/li>\n<li>Kluczek Grzegorz<\/li>\n<li>K\u0142\u0119bukowski Micha\u0142<\/li>\n<li>Kicowski Tomasz<\/li>\n<li>Leszczy\u0144ska Krystyna<\/li>\n<li>Leszczy\u0144ski Anatol<\/li>\n<li>Siemakowicz Adam<\/li>\n<li>Tabor Teresa<\/li>\n<li>Tabor Pawe\u0142<\/li>\n<li>Tarankiewicz Krystyna<\/li>\n<li>Tyl Daniela<\/li>\n<li>Wojnicz Janina<\/li>\n<li>\u017buk- K\u0142\u0119bukowska Ryszarda<\/li>\n<li>Benedykt Kucki<\/li>\n<\/ol>\n<p><a href=\"https:\/\/www.milosnicylasu.olsztyn.pl\/wp-content\/uploads\/2024\/05\/P5250010-www.jpg\" data-rel=\"lightbox-image-4\" data-magnific_type=\"image\" data-rl_title=\"\" data-rl_caption=\"\" title=\"\"><img loading=\"lazy\" decoding=\"async\" class=\"size-medium wp-image-8817\" src=\"https:\/\/www.milosnicylasu.olsztyn.pl\/wp-content\/uploads\/2024\/05\/P5250010-www-300x225.jpg\" alt=\"\" width=\"300\" height=\"225\" srcset=\"https:\/\/www.milosnicylasu.olsztyn.pl\/wp-content\/uploads\/2024\/05\/P5250010-www-300x225.jpg 300w, https:\/\/www.milosnicylasu.olsztyn.pl\/wp-content\/uploads\/2024\/05\/P5250010-www-768x576.jpg 768w, https:\/\/www.milosnicylasu.olsztyn.pl\/wp-content\/uploads\/2024\/05\/P5250010-www.jpg 1024w\" sizes=\"auto, (max-width: 300px) 100vw, 300px\" \/><\/a><\/p>\n<p>Wszyscy uczestnicy spotkania otrzymali\u00a0 ksi\u0105\u017cki jako drobny upominek.<\/p>\n<p>W imieniu Zarz\u0105du Ko\u0142a Mi\u0142o\u015bnik\u00f3w Lasu i Militari\u00f3w LOK przy ATW w Olsztynie, dzi\u0119kujemy wszystkim za udzia\u0142, a organizatorom za przygotowanie spotkania z okazji rocznicy powo\u0142ania Naszego Ko\u0142a.<\/p>\n<p>&nbsp;<\/p>\n","protected":false},"excerpt":{"rendered":"<p>Ko\u0142o Mi\u0142o\u015bnik\u00f3w\u00a0 Lasu i Militari\u00f3w LOK przy ATW w Olsztynie powsta\u0142o 9 kwietnia 2009\u00a0 roku. Czas szybko\u00a0 leci &#8211; od tego czasu min\u0119\u0142o 15 lat. Nasze \u015bwi\u0119to obchodzili\u015bmy w zaprzyja\u017anionym &#8211; &#8222;Wojtkowym Lesie&#8221;, w Le\u015bnictwie Stary Dw\u00f3r, w Nadle\u015bnictwie Kudypy. By\u0142y wspomnienia odbytych wycieczek, rajd\u00f3w, imprez strzeleckich, ciekawych wyk\u0142ad\u00f3w w Regionalnej Dyrekcji Las\u00f3w Pa\u0144stwowych\u00a0 w [&hellip;]<\/p>\n","protected":false},"author":2,"featured_media":0,"comment_status":"open","ping_status":"open","sticky":false,"template":"","format":"standard","meta":{"footnotes":""},"categories":[17,6,2,14],"tags":[],"class_list":["post-8813","post","type-post","status-publish","format-standard","hentry","category-edukacja-w-terenie","category-odznaczenia","category-rajdy","category-zabawy"],"_links":{"self":[{"href":"https:\/\/www.milosnicylasu.olsztyn.pl\/index.php?rest_route=\/wp\/v2\/posts\/8813","targetHints":{"allow":["GET"]}}],"collection":[{"href":"https:\/\/www.milosnicylasu.olsztyn.pl\/index.php?rest_route=\/wp\/v2\/posts"}],"about":[{"href":"https:\/\/www.milosnicylasu.olsztyn.pl\/index.php?rest_route=\/wp\/v2\/types\/post"}],"author":[{"embeddable":true,"href":"https:\/\/www.milosnicylasu.olsztyn.pl\/index.php?rest_route=\/wp\/v2\/users\/2"}],"replies":[{"embeddable":true,"href":"https:\/\/www.milosnicylasu.olsztyn.pl\/index.php?rest_route=%2Fwp%2Fv2%2Fcomments&post=8813"}],"version-history":[{"count":4,"href":"https:\/\/www.milosnicylasu.olsztyn.pl\/index.php?rest_route=\/wp\/v2\/posts\/8813\/revisions"}],"predecessor-version":[{"id":8822,"href":"https:\/\/www.milosnicylasu.olsztyn.pl\/index.php?rest_route=\/wp\/v2\/posts\/8813\/revisions\/8822"}],"wp:attachment":[{"href":"https:\/\/www.milosnicylasu.olsztyn.pl\/index.php?rest_route=%2Fwp%2Fv2%2Fmedia&parent=8813"}],"wp:term":[{"taxonomy":"category","embeddable":true,"href":"https:\/\/www.milosnicylasu.olsztyn.pl\/index.php?rest_route=%2Fwp%2Fv2%2Fcategories&post=8813"},{"taxonomy":"post_tag","embeddable":true,"href":"https:\/\/www.milosnicylasu.olsztyn.pl\/index.php?rest_route=%2Fwp%2Fv2%2Ftags&post=8813"}],"curies":[{"name":"wp","href":"https:\/\/api.w.org\/{rel}","templated":true}]}}