{"id":8827,"date":"2024-06-10T08:14:05","date_gmt":"2024-06-10T06:14:05","guid":{"rendered":"https:\/\/www.milosnicylasu.olsztyn.pl\/?p=8827"},"modified":"2024-06-10T08:43:20","modified_gmt":"2024-06-10T06:43:20","slug":"straznik-lesny-ciekawy-i-odpowiedzialny-zawod","status":"publish","type":"post","link":"https:\/\/www.milosnicylasu.olsztyn.pl\/?p=8827","title":{"rendered":"Stra\u017cnik le\u015bny &#8211; ciekawy i odpowiedzialny zaw\u00f3d."},"content":{"rendered":"<p><a href=\"https:\/\/www.milosnicylasu.olsztyn.pl\/wp-content\/uploads\/2024\/06\/DSCN7287-001-www.jpg\" data-rel=\"lightbox-image-0\" data-magnific_type=\"image\" data-rl_title=\"\" data-rl_caption=\"\" title=\"\"><img loading=\"lazy\" decoding=\"async\" class=\"size-medium wp-image-8829 alignleft\" src=\"https:\/\/www.milosnicylasu.olsztyn.pl\/wp-content\/uploads\/2024\/06\/DSCN7287-001-www-300x225.jpg\" alt=\"\" width=\"300\" height=\"225\" srcset=\"https:\/\/www.milosnicylasu.olsztyn.pl\/wp-content\/uploads\/2024\/06\/DSCN7287-001-www-300x225.jpg 300w, https:\/\/www.milosnicylasu.olsztyn.pl\/wp-content\/uploads\/2024\/06\/DSCN7287-001-www-768x576.jpg 768w, https:\/\/www.milosnicylasu.olsztyn.pl\/wp-content\/uploads\/2024\/06\/DSCN7287-001-www.jpg 1024w\" sizes=\"auto, (max-width: 300px) 100vw, 300px\" \/><\/a>W dniu 06 czerwca 2024r. cz\u0142onkowie Lasu i Militari\u00f3w LOK przy ATW w Olsztynie spotkali si\u0119 na ostatnim spotkaniu przed wakacjami. A by\u0142o ciekawie.<a href=\"https:\/\/www.milosnicylasu.olsztyn.pl\/wp-content\/uploads\/2024\/06\/DSCN7288-www.jpg\" data-rel=\"lightbox-image-1\" data-magnific_type=\"image\" data-rl_title=\"\" data-rl_caption=\"\" title=\"\"><img loading=\"lazy\" decoding=\"async\" class=\"size-medium wp-image-8831 alignright\" src=\"https:\/\/www.milosnicylasu.olsztyn.pl\/wp-content\/uploads\/2024\/06\/DSCN7288-www-300x225.jpg\" alt=\"\" width=\"300\" height=\"225\" srcset=\"https:\/\/www.milosnicylasu.olsztyn.pl\/wp-content\/uploads\/2024\/06\/DSCN7288-www-300x225.jpg 300w, https:\/\/www.milosnicylasu.olsztyn.pl\/wp-content\/uploads\/2024\/06\/DSCN7288-www-768x576.jpg 768w, https:\/\/www.milosnicylasu.olsztyn.pl\/wp-content\/uploads\/2024\/06\/DSCN7288-www.jpg 1024w\" sizes=\"auto, (max-width: 300px) 100vw, 300px\" \/><\/a><\/p>\n<p>Naszym go\u015bciem by\u0142 Pan Przemys\u0142aw Bastek pracownik Stra\u017cy Le\u015bnej z Nadle\u015bnictwa Olsztyn. Opowiedzia\u0142 o trudnej i cz\u0119sto niebezpiecznej\u00a0 pracy stra\u017cnik\u00f3w le\u015bnych<\/p>\n<p><strong>Stra\u017cnik le\u015bny \u2013 na czym polega praca?<\/strong><\/p>\n<p>Charakter dzia\u0142alno\u015bci zawodowej stra\u017cnika le\u015bnego jest powi\u0105zany z ochron\u0105 lasu poprzez walk\u0119 z kradzie\u017cami drewna, zbieraniem zagro\u017conych gatunk\u00f3w (<strong>np. grzyb\u00f3w<\/strong>) i nielegalnym k\u0142usownictwem, a tak\u017ce wszelkimi dzia\u0142alno\u015bciami szkodliwymi w swoim charakterze bezpiecze\u0144stwu lasu.\u00a0<strong>Ostrzega, uwra\u017cliwia i t\u0142umi zachowania niekorzystne<\/strong>.<\/p>\n<p><strong><a href=\"https:\/\/www.milosnicylasu.olsztyn.pl\/wp-content\/uploads\/2024\/06\/DSCN7289-001-www.jpg\" data-rel=\"lightbox-image-2\" data-magnific_type=\"image\" data-rl_title=\"\" data-rl_caption=\"\" title=\"\"><img loading=\"lazy\" decoding=\"async\" class=\"size-medium wp-image-8832 alignright\" src=\"https:\/\/www.milosnicylasu.olsztyn.pl\/wp-content\/uploads\/2024\/06\/DSCN7289-001-www-300x225.jpg\" alt=\"\" width=\"300\" height=\"225\" srcset=\"https:\/\/www.milosnicylasu.olsztyn.pl\/wp-content\/uploads\/2024\/06\/DSCN7289-001-www-300x225.jpg 300w, https:\/\/www.milosnicylasu.olsztyn.pl\/wp-content\/uploads\/2024\/06\/DSCN7289-001-www-768x576.jpg 768w, https:\/\/www.milosnicylasu.olsztyn.pl\/wp-content\/uploads\/2024\/06\/DSCN7289-001-www.jpg 1024w\" sizes=\"auto, (max-width: 300px) 100vw, 300px\" \/><\/a>Stra\u017cnik le\u015bny opr\u00f3cz sprawowania funkcji mundurowego prowadzi dzia\u0142ania edukacyjne<\/strong>, t\u0142umacz\u0105c zasady funkcjonowania ekosystemu le\u015bnego czy to poprzez wizytacje poza terenem pracy lub w lesie \u2013 prowadz\u0105c np. wycieczki edukacyjne. Stra\u017cnik le\u015bny sporz\u0105dza regularne raporty, potrafi dokona\u0107 inwentaryzacji lasu. Opr\u00f3cz operacji patrolowych, poszukiwawczych pole dzia\u0142a\u0144 stra\u017cnika le\u015bnego zwi\u0105zane jest tak\u017ce z typowymi dla le\u015bniczego funkcjami.<\/p>\n<p>Stra\u017cnik le\u015bny nale\u017cy do zawod\u00f3w niezwykle aktywnych. Z tego wzgl\u0119du osoba aspiruj\u0105ca do bycia tym\u017ce musi si\u0119 charakteryzowa\u0107:<\/p>\n<ul>\n<li>Og\u00f3ln\u0105 wytrzyma\u0142o\u015bci\u0105 psychofizyczn\u0105;<\/li>\n<li>Dobr\u0105 pami\u0119ci\u0105, w tym wzrokow\u0105;<\/li>\n<li>Umiej\u0119tno\u015bci\u0105 planowania czasu, zerowym rozproszeniem uwagi;<\/li>\n<li>Du\u017cymi nak\u0142adami si\u0142y, gdy\u017c w pracy nierzadko nale\u017cy przenosi\u0107 du\u017ce obiekty czy znosi\u0107 d\u0142ugie godziny chodzenia;<\/li>\n<li>Brakiem stwierdzonych chor\u00f3b psychicznych;<\/li>\n<li>Dobrym uk\u0142adem immunologicznym i odporno\u015bciowym, gdy\u017c zmienne warunki \u015brodowiskowe mog\u0105 powodowa\u0107 cz\u0119ste zachorowania;<\/li>\n<li>Brakiem alergii na ro\u015bliny i sier\u015b\u0107 zwierz\u0105t.<\/li>\n<\/ul>\n<p>Praca stra\u017cnik\u00f3w le\u015bnych jest trudna i niebezpieczna. Dlatego tak wa\u017cne s\u0105 regularne szkolenia doskonal\u0105ce technik\u0119 i utrwalaj\u0105ce wiedz\u0119 pozwalaj\u0105c\u0105 na szybkie i trafne podejmowanie decyzji, a tak\u017ce udzielanie pierwszej pomocy.<\/p>\n<p><a href=\"https:\/\/www.milosnicylasu.olsztyn.pl\/wp-content\/uploads\/2024\/06\/DSCN7286-www.jpg\" data-rel=\"lightbox-image-3\" data-magnific_type=\"image\" data-rl_title=\"\" data-rl_caption=\"\" title=\"\"><img loading=\"lazy\" decoding=\"async\" class=\"size-medium wp-image-8833 alignleft\" src=\"https:\/\/www.milosnicylasu.olsztyn.pl\/wp-content\/uploads\/2024\/06\/DSCN7286-www-225x300.jpg\" alt=\"\" width=\"225\" height=\"300\" srcset=\"https:\/\/www.milosnicylasu.olsztyn.pl\/wp-content\/uploads\/2024\/06\/DSCN7286-www-225x300.jpg 225w, https:\/\/www.milosnicylasu.olsztyn.pl\/wp-content\/uploads\/2024\/06\/DSCN7286-www.jpg 768w\" sizes=\"auto, (max-width: 225px) 100vw, 225px\" \/><\/a>To oczywi\u015bcie nie wszystkie sprawy, kt\u00f3re przedstawi\u0142 Pan Przemys\u0142aw, w czasie spotkania z cz\u0142onkami Ko\u0142a Mi\u0142o\u015bnik\u00f3w Lasu i Militari\u00f3w LOK przy ATW w Olsztynie. Z ogromn\u0105 ciekawo\u015bci\u0105 s\u0142uchali\u015bmy wyk\u0142adowcy i ogl\u0105dali\u015bmy ilustracje przygotowane do wyk\u0142adu. Dzi\u0119kujemy i czekamy na nast\u0119pny wyk\u0142ad po wakacjach. Na pami\u0105tk\u0119 ciekawego wyk\u0142adu Pan Przemys\u0142aw Bastek otrzyma\u0142 le\u015bn\u0105 akwarel\u0119 wykonan\u0105 przez Krystyn\u0119 Leszczy\u0144sk\u0105.<\/p>\n<p>&nbsp;<\/p>\n<p>Mi\u0142ym akcentem czwartkowego spotkania by\u0142o wr\u0119czenie nagr\u00f3d za konkurs z wiedzy o olszty\u0144skich tramwajach \/ Marianna Bonis\u0142awska i Basia Bruzgo\/. Kolejna okazja to odbyty Le\u015bny Koncert Niezapominajkowy, na wyr\u00f3\u017cnienie zas\u0142u\u017cy\u0142y Panie: Stefania Jarczyk, Bo\u017cena Jakubek, Daniela Tyl, Maria Igli\u0144ska, Ela Piwo\u0144ska, Danuta Piotrowicz.<\/p>\n<p>Nagrod\u0119 miesi\u0105ca ufundowan\u0105 przez Adama Siemakowicza wylosowa\u0142a Stefania Jarczyk. Gratulacje.<a href=\"https:\/\/www.milosnicylasu.olsztyn.pl\/wp-content\/uploads\/2024\/06\/DSCN7294-001-www.jpg\" data-rel=\"lightbox-image-4\" data-magnific_type=\"image\" data-rl_title=\"\" data-rl_caption=\"\" title=\"\"><img loading=\"lazy\" decoding=\"async\" class=\"size-medium wp-image-8838 alignright\" src=\"https:\/\/www.milosnicylasu.olsztyn.pl\/wp-content\/uploads\/2024\/06\/DSCN7294-001-www-300x225.jpg\" alt=\"\" width=\"300\" height=\"225\" srcset=\"https:\/\/www.milosnicylasu.olsztyn.pl\/wp-content\/uploads\/2024\/06\/DSCN7294-001-www-300x225.jpg 300w, https:\/\/www.milosnicylasu.olsztyn.pl\/wp-content\/uploads\/2024\/06\/DSCN7294-001-www-768x576.jpg 768w, https:\/\/www.milosnicylasu.olsztyn.pl\/wp-content\/uploads\/2024\/06\/DSCN7294-001-www.jpg 1024w\" sizes=\"auto, (max-width: 300px) 100vw, 300px\" \/><\/a><\/p>\n<p>Na zako\u0144czenie spotkania Prezes Ko\u0142a og\u0142osi\u0142 przerw\u0119 wakacyjn\u0105, \u017cycz\u0105c mi\u0142ych, s\u0142onecznych wakacji. Kolejne spotkanie 3 pa\u017adziernika 2024r. o godz. 15.00 w RDLP w Olsztynie.<\/p>\n","protected":false},"excerpt":{"rendered":"<p>W dniu 06 czerwca 2024r. cz\u0142onkowie Lasu i Militari\u00f3w LOK przy ATW w Olsztynie spotkali si\u0119 na ostatnim spotkaniu przed wakacjami. A by\u0142o ciekawie. Naszym go\u015bciem by\u0142 Pan Przemys\u0142aw Bastek pracownik Stra\u017cy Le\u015bnej z Nadle\u015bnictwa Olsztyn. Opowiedzia\u0142 o trudnej i cz\u0119sto niebezpiecznej\u00a0 pracy stra\u017cnik\u00f3w le\u015bnych Stra\u017cnik le\u015bny \u2013 na czym polega praca? Charakter dzia\u0142alno\u015bci zawodowej [&hellip;]<\/p>\n","protected":false},"author":2,"featured_media":0,"comment_status":"open","ping_status":"open","sticky":false,"template":"","format":"standard","meta":{"footnotes":""},"categories":[1,9,17,3],"tags":[],"class_list":["post-8827","post","type-post","status-publish","format-standard","hentry","category-bez-kategorii","category-ciekawostki","category-edukacja-w-terenie","category-zebrania"],"_links":{"self":[{"href":"https:\/\/www.milosnicylasu.olsztyn.pl\/index.php?rest_route=\/wp\/v2\/posts\/8827","targetHints":{"allow":["GET"]}}],"collection":[{"href":"https:\/\/www.milosnicylasu.olsztyn.pl\/index.php?rest_route=\/wp\/v2\/posts"}],"about":[{"href":"https:\/\/www.milosnicylasu.olsztyn.pl\/index.php?rest_route=\/wp\/v2\/types\/post"}],"author":[{"embeddable":true,"href":"https:\/\/www.milosnicylasu.olsztyn.pl\/index.php?rest_route=\/wp\/v2\/users\/2"}],"replies":[{"embeddable":true,"href":"https:\/\/www.milosnicylasu.olsztyn.pl\/index.php?rest_route=%2Fwp%2Fv2%2Fcomments&post=8827"}],"version-history":[{"count":7,"href":"https:\/\/www.milosnicylasu.olsztyn.pl\/index.php?rest_route=\/wp\/v2\/posts\/8827\/revisions"}],"predecessor-version":[{"id":8839,"href":"https:\/\/www.milosnicylasu.olsztyn.pl\/index.php?rest_route=\/wp\/v2\/posts\/8827\/revisions\/8839"}],"wp:attachment":[{"href":"https:\/\/www.milosnicylasu.olsztyn.pl\/index.php?rest_route=%2Fwp%2Fv2%2Fmedia&parent=8827"}],"wp:term":[{"taxonomy":"category","embeddable":true,"href":"https:\/\/www.milosnicylasu.olsztyn.pl\/index.php?rest_route=%2Fwp%2Fv2%2Fcategories&post=8827"},{"taxonomy":"post_tag","embeddable":true,"href":"https:\/\/www.milosnicylasu.olsztyn.pl\/index.php?rest_route=%2Fwp%2Fv2%2Ftags&post=8827"}],"curies":[{"name":"wp","href":"https:\/\/api.w.org\/{rel}","templated":true}]}}