{"id":883,"date":"2014-01-26T08:46:21","date_gmt":"2014-01-26T07:46:21","guid":{"rendered":"http:\/\/www.milosnicylasu.olsztyn.pl\/?p=883"},"modified":"2014-01-26T10:14:04","modified_gmt":"2014-01-26T09:14:04","slug":"przepis-na-caly-rok-2014","status":"publish","type":"post","link":"https:\/\/www.milosnicylasu.olsztyn.pl\/?p=883","title":{"rendered":"Przepis na ca\u0142y rok 2014"},"content":{"rendered":"<p>&nbsp;<\/p>\n<p style=\"text-align: center;\"><a href=\"http:\/\/www.milosnicylasu.olsztyn.pl\/wp-content\/uploads\/2014\/01\/P4280618-www.jpg\" data-rel=\"lightbox-image-0\" data-magnific_type=\"image\" data-rl_title=\"\" data-rl_caption=\"\" title=\"\"><img loading=\"lazy\" decoding=\"async\" class=\"size-medium wp-image-887 aligncenter\" alt=\"P4280618-www\" src=\"http:\/\/www.milosnicylasu.olsztyn.pl\/wp-content\/uploads\/2014\/01\/P4280618-www-300x168.jpg\" width=\"300\" height=\"168\" srcset=\"https:\/\/www.milosnicylasu.olsztyn.pl\/wp-content\/uploads\/2014\/01\/P4280618-www-300x168.jpg 300w, https:\/\/www.milosnicylasu.olsztyn.pl\/wp-content\/uploads\/2014\/01\/P4280618-www-500x281.jpg 500w, https:\/\/www.milosnicylasu.olsztyn.pl\/wp-content\/uploads\/2014\/01\/P4280618-www.jpg 1024w\" sizes=\"auto, (max-width: 300px) 100vw, 300px\" \/><\/a><\/p>\n<p>&nbsp;<\/p>\n<p>Wzi\u0105\u0107 12 miesi\u0119cy, obmy\u0107 je dobrze do czysta z goryczy, chciwo\u015bci, pedanterii i l\u0119ku.<\/p>\n<p>Podzieli\u0107 ka\u017cdy miesi\u0105c na 30 albo 31 cz\u0119\u015bci, tak, \u017ceby starczy\u0142o akuratnie na rok.<\/p>\n<p>Ka\u017cdy dzionek przyrz\u0105dza si\u0119 oddzielnie, bior\u0105c po jednej cz\u0119\u015bci pracy i dwie cz\u0119\u015bci weso\u0142o\u015bci i humoru.<\/p>\n<p>Doda\u0107 do tego 3 kopiaste \u0142y\u017cki optymizmu, \u0142y\u017ceczk\u0119 tolerancji, ziarenko\u00a0ironii i szczypt\u0119 taktu.<\/p>\n<p>Nast\u0119pnie mas\u0119 te polewa si\u0119 obficie mi\u0142o\u015bci\u0105.<\/p>\n<p>Gotowe danie ozdobi\u0107 bukiecikiem ma\u0142ych uprzejmo\u015bci i podawa\u0107 codziennie z pogod\u0105 ducha i porz\u0105dn\u0105 fili\u017cank\u0105 o\u017cywczej herbaty&#8230;..<\/p>\n<p><strong>Przepis udost\u0119pni\u0142a Ewa Andrzejewska<\/strong><\/p>\n<p>&nbsp;<\/p>\n","protected":false},"excerpt":{"rendered":"<p>&nbsp; &nbsp; Wzi\u0105\u0107 12 miesi\u0119cy, obmy\u0107 je dobrze do czysta z goryczy, chciwo\u015bci, pedanterii i l\u0119ku. Podzieli\u0107 ka\u017cdy miesi\u0105c na 30 albo 31 cz\u0119\u015bci, tak, \u017ceby starczy\u0142o akuratnie na rok. Ka\u017cdy dzionek przyrz\u0105dza si\u0119 oddzielnie, bior\u0105c po jednej cz\u0119\u015bci pracy i dwie cz\u0119\u015bci weso\u0142o\u015bci i humoru. Doda\u0107 do tego 3 kopiaste \u0142y\u017cki optymizmu, \u0142y\u017ceczk\u0119 tolerancji, [&hellip;]<\/p>\n","protected":false},"author":1,"featured_media":0,"comment_status":"open","ping_status":"open","sticky":false,"template":"","format":"standard","meta":{"footnotes":""},"categories":[1,9],"tags":[],"class_list":["post-883","post","type-post","status-publish","format-standard","hentry","category-bez-kategorii","category-ciekawostki"],"_links":{"self":[{"href":"https:\/\/www.milosnicylasu.olsztyn.pl\/index.php?rest_route=\/wp\/v2\/posts\/883","targetHints":{"allow":["GET"]}}],"collection":[{"href":"https:\/\/www.milosnicylasu.olsztyn.pl\/index.php?rest_route=\/wp\/v2\/posts"}],"about":[{"href":"https:\/\/www.milosnicylasu.olsztyn.pl\/index.php?rest_route=\/wp\/v2\/types\/post"}],"author":[{"embeddable":true,"href":"https:\/\/www.milosnicylasu.olsztyn.pl\/index.php?rest_route=\/wp\/v2\/users\/1"}],"replies":[{"embeddable":true,"href":"https:\/\/www.milosnicylasu.olsztyn.pl\/index.php?rest_route=%2Fwp%2Fv2%2Fcomments&post=883"}],"version-history":[{"count":5,"href":"https:\/\/www.milosnicylasu.olsztyn.pl\/index.php?rest_route=\/wp\/v2\/posts\/883\/revisions"}],"predecessor-version":[{"id":893,"href":"https:\/\/www.milosnicylasu.olsztyn.pl\/index.php?rest_route=\/wp\/v2\/posts\/883\/revisions\/893"}],"wp:attachment":[{"href":"https:\/\/www.milosnicylasu.olsztyn.pl\/index.php?rest_route=%2Fwp%2Fv2%2Fmedia&parent=883"}],"wp:term":[{"taxonomy":"category","embeddable":true,"href":"https:\/\/www.milosnicylasu.olsztyn.pl\/index.php?rest_route=%2Fwp%2Fv2%2Fcategories&post=883"},{"taxonomy":"post_tag","embeddable":true,"href":"https:\/\/www.milosnicylasu.olsztyn.pl\/index.php?rest_route=%2Fwp%2Fv2%2Ftags&post=883"}],"curies":[{"name":"wp","href":"https:\/\/api.w.org\/{rel}","templated":true}]}}