{"id":8857,"date":"2024-06-25T20:30:04","date_gmt":"2024-06-25T18:30:04","guid":{"rendered":"https:\/\/www.milosnicylasu.olsztyn.pl\/?p=8857"},"modified":"2024-06-25T20:31:05","modified_gmt":"2024-06-25T18:31:05","slug":"a-moze-by-na-grzyby","status":"publish","type":"post","link":"https:\/\/www.milosnicylasu.olsztyn.pl\/?p=8857","title":{"rendered":"A mo\u017ce by na grzyby?"},"content":{"rendered":"<p><a href=\"https:\/\/www.milosnicylasu.olsztyn.pl\/wp-content\/uploads\/2024\/06\/IMG_20240615_104109-kurki-www.jpg\" data-rel=\"lightbox-image-0\" data-magnific_type=\"image\" data-rl_title=\"\" data-rl_caption=\"\" title=\"\"><img loading=\"lazy\" decoding=\"async\" class=\"size-medium wp-image-8858 alignleft\" src=\"https:\/\/www.milosnicylasu.olsztyn.pl\/wp-content\/uploads\/2024\/06\/IMG_20240615_104109-kurki-www-225x300.jpg\" alt=\"\" width=\"225\" height=\"300\" srcset=\"https:\/\/www.milosnicylasu.olsztyn.pl\/wp-content\/uploads\/2024\/06\/IMG_20240615_104109-kurki-www-225x300.jpg 225w, https:\/\/www.milosnicylasu.olsztyn.pl\/wp-content\/uploads\/2024\/06\/IMG_20240615_104109-kurki-www.jpg 768w\" sizes=\"auto, (max-width: 225px) 100vw, 225px\" \/><\/a><strong>To nie \u017cart. Pojawi\u0142y si\u0119 kurki &#8211; jedne z najwcze\u015bniejszych grzyb\u00f3w jadalnych, kt\u00f3re mo\u017cna spotka\u0107 w naszych lasach. Niestety nie wyst\u0119puj\u0105<\/strong><strong>\u00a0na razie masowo, ale&#8230;&#8230;..s\u0105. Zdj\u0119cie\u00a0 pieprznik\u00f3w\u00a0 jadalnych przys\u0142a\u0142 Adam Siemakowicz. Dzi\u0119kujemy !<\/strong><\/p>\n","protected":false},"excerpt":{"rendered":"<p>To nie \u017cart. Pojawi\u0142y si\u0119 kurki &#8211; jedne z najwcze\u015bniejszych grzyb\u00f3w jadalnych, kt\u00f3re mo\u017cna spotka\u0107 w naszych lasach. Niestety nie wyst\u0119puj\u0105\u00a0na razie masowo, ale&#8230;&#8230;..s\u0105. Zdj\u0119cie\u00a0 pieprznik\u00f3w\u00a0 jadalnych przys\u0142a\u0142 Adam Siemakowicz. Dzi\u0119kujemy !<\/p>\n","protected":false},"author":2,"featured_media":0,"comment_status":"open","ping_status":"open","sticky":false,"template":"","format":"standard","meta":{"footnotes":""},"categories":[1,9,17],"tags":[],"class_list":["post-8857","post","type-post","status-publish","format-standard","hentry","category-bez-kategorii","category-ciekawostki","category-edukacja-w-terenie"],"_links":{"self":[{"href":"https:\/\/www.milosnicylasu.olsztyn.pl\/index.php?rest_route=\/wp\/v2\/posts\/8857","targetHints":{"allow":["GET"]}}],"collection":[{"href":"https:\/\/www.milosnicylasu.olsztyn.pl\/index.php?rest_route=\/wp\/v2\/posts"}],"about":[{"href":"https:\/\/www.milosnicylasu.olsztyn.pl\/index.php?rest_route=\/wp\/v2\/types\/post"}],"author":[{"embeddable":true,"href":"https:\/\/www.milosnicylasu.olsztyn.pl\/index.php?rest_route=\/wp\/v2\/users\/2"}],"replies":[{"embeddable":true,"href":"https:\/\/www.milosnicylasu.olsztyn.pl\/index.php?rest_route=%2Fwp%2Fv2%2Fcomments&post=8857"}],"version-history":[{"count":2,"href":"https:\/\/www.milosnicylasu.olsztyn.pl\/index.php?rest_route=\/wp\/v2\/posts\/8857\/revisions"}],"predecessor-version":[{"id":8860,"href":"https:\/\/www.milosnicylasu.olsztyn.pl\/index.php?rest_route=\/wp\/v2\/posts\/8857\/revisions\/8860"}],"wp:attachment":[{"href":"https:\/\/www.milosnicylasu.olsztyn.pl\/index.php?rest_route=%2Fwp%2Fv2%2Fmedia&parent=8857"}],"wp:term":[{"taxonomy":"category","embeddable":true,"href":"https:\/\/www.milosnicylasu.olsztyn.pl\/index.php?rest_route=%2Fwp%2Fv2%2Fcategories&post=8857"},{"taxonomy":"post_tag","embeddable":true,"href":"https:\/\/www.milosnicylasu.olsztyn.pl\/index.php?rest_route=%2Fwp%2Fv2%2Ftags&post=8857"}],"curies":[{"name":"wp","href":"https:\/\/api.w.org\/{rel}","templated":true}]}}