{"id":8876,"date":"2024-07-22T12:44:15","date_gmt":"2024-07-22T10:44:15","guid":{"rendered":"https:\/\/www.milosnicylasu.olsztyn.pl\/?p=8876"},"modified":"2024-07-22T12:44:24","modified_gmt":"2024-07-22T10:44:24","slug":"zaproszenie-do-letniego-konkursu","status":"publish","type":"post","link":"https:\/\/www.milosnicylasu.olsztyn.pl\/?p=8876","title":{"rendered":"Zaproszenie do letniego konkursu"},"content":{"rendered":"<p>&nbsp;<\/p>\n<p><a href=\"https:\/\/www.milosnicylasu.olsztyn.pl\/wp-content\/uploads\/2023\/07\/P7150149-www.jpg\" data-rel=\"lightbox-image-0\" data-magnific_type=\"image\" data-rl_title=\"\" data-rl_caption=\"\" title=\"\"><img loading=\"lazy\" decoding=\"async\" class=\"size-medium wp-image-8152 alignleft\" src=\"https:\/\/www.milosnicylasu.olsztyn.pl\/wp-content\/uploads\/2023\/07\/P7150149-www-300x225.jpg\" alt=\"\" width=\"300\" height=\"225\" srcset=\"https:\/\/www.milosnicylasu.olsztyn.pl\/wp-content\/uploads\/2023\/07\/P7150149-www-300x225.jpg 300w, https:\/\/www.milosnicylasu.olsztyn.pl\/wp-content\/uploads\/2023\/07\/P7150149-www-768x576.jpg 768w, https:\/\/www.milosnicylasu.olsztyn.pl\/wp-content\/uploads\/2023\/07\/P7150149-www.jpg 1024w\" sizes=\"auto, (max-width: 300px) 100vw, 300px\" \/><\/a><\/p>\n<p>Ko\u0142o Mi\u0142o\u015bnik\u00f3w Lasu i Militari\u00f3w LOK przy ATW w Olsztynie.<\/p>\n<p>Zaprasza cz\u0142onk\u00f3w i mi\u0142o\u015bnik\u00f3w Ko\u0142a do wzi\u0119cia udzia\u0142u w konkursie fotograficznym.<\/p>\n<p>\u201e<strong>Moje wakacje 2024roku<\/strong>\u201d<\/p>\n<p>Nale\u017cy wybra\u0107 najciekawsze cztery zdj\u0119cia wykonane podczas wakacji. Dostarczamy w kopercie z napisem \u201eKonkurs\u201d w dniu 03 pa\u017adziernika 2024r podczas zebrania Ko\u0142a w RDLP w Olsztynie. W kopercie ma si\u0119 znale\u017a\u0107 karteczka z danymi osoby zg\u0142aszaj\u0105cej i opis miejsc wykonanych fotografii w formacie poczt\u00f3wki.\u00a0 Ocena prac konkursowych odb\u0119dzie si\u0119 podczas zebrania. Cz\u0142onkowie Ko\u0142a zag\u0142osuj\u0105 na najciekawsze prace przedstawione do konkursu.<\/p>\n<p>Trzy prace, kt\u00f3re uzyskaj\u0105 najwi\u0119cej punk\u00f3w zostan\u0105 wyr\u00f3\u017cnione.<\/p>\n","protected":false},"excerpt":{"rendered":"<p>&nbsp; Ko\u0142o Mi\u0142o\u015bnik\u00f3w Lasu i Militari\u00f3w LOK przy ATW w Olsztynie. Zaprasza cz\u0142onk\u00f3w i mi\u0142o\u015bnik\u00f3w Ko\u0142a do wzi\u0119cia udzia\u0142u w konkursie fotograficznym. \u201eMoje wakacje 2024roku\u201d Nale\u017cy wybra\u0107 najciekawsze cztery zdj\u0119cia wykonane podczas wakacji. Dostarczamy w kopercie z napisem \u201eKonkurs\u201d w dniu 03 pa\u017adziernika 2024r podczas zebrania Ko\u0142a w RDLP w Olsztynie. W kopercie ma si\u0119 [&hellip;]<\/p>\n","protected":false},"author":2,"featured_media":0,"comment_status":"open","ping_status":"open","sticky":false,"template":"","format":"standard","meta":{"footnotes":""},"categories":[1,9,17,15],"tags":[],"class_list":["post-8876","post","type-post","status-publish","format-standard","hentry","category-bez-kategorii","category-ciekawostki","category-edukacja-w-terenie","category-komkurs"],"_links":{"self":[{"href":"https:\/\/www.milosnicylasu.olsztyn.pl\/index.php?rest_route=\/wp\/v2\/posts\/8876","targetHints":{"allow":["GET"]}}],"collection":[{"href":"https:\/\/www.milosnicylasu.olsztyn.pl\/index.php?rest_route=\/wp\/v2\/posts"}],"about":[{"href":"https:\/\/www.milosnicylasu.olsztyn.pl\/index.php?rest_route=\/wp\/v2\/types\/post"}],"author":[{"embeddable":true,"href":"https:\/\/www.milosnicylasu.olsztyn.pl\/index.php?rest_route=\/wp\/v2\/users\/2"}],"replies":[{"embeddable":true,"href":"https:\/\/www.milosnicylasu.olsztyn.pl\/index.php?rest_route=%2Fwp%2Fv2%2Fcomments&post=8876"}],"version-history":[{"count":2,"href":"https:\/\/www.milosnicylasu.olsztyn.pl\/index.php?rest_route=\/wp\/v2\/posts\/8876\/revisions"}],"predecessor-version":[{"id":8878,"href":"https:\/\/www.milosnicylasu.olsztyn.pl\/index.php?rest_route=\/wp\/v2\/posts\/8876\/revisions\/8878"}],"wp:attachment":[{"href":"https:\/\/www.milosnicylasu.olsztyn.pl\/index.php?rest_route=%2Fwp%2Fv2%2Fmedia&parent=8876"}],"wp:term":[{"taxonomy":"category","embeddable":true,"href":"https:\/\/www.milosnicylasu.olsztyn.pl\/index.php?rest_route=%2Fwp%2Fv2%2Fcategories&post=8876"},{"taxonomy":"post_tag","embeddable":true,"href":"https:\/\/www.milosnicylasu.olsztyn.pl\/index.php?rest_route=%2Fwp%2Fv2%2Ftags&post=8876"}],"curies":[{"name":"wp","href":"https:\/\/api.w.org\/{rel}","templated":true}]}}